{"id":7644,"date":"2020-03-30T06:52:53","date_gmt":"2020-03-30T06:52:53","guid":{"rendered":"http:\/\/www.cgt-hopital-manosque.fr\/?p=7644"},"modified":"2020-03-30T06:52:53","modified_gmt":"2020-03-30T06:52:53","slug":"30-mars-2020-la-cgt-sante-remet-les-pendules-a-lheure-avec-la-deputee-domeizel-en-marche-arriere","status":"publish","type":"post","link":"http:\/\/www.cgt-hopital-manosque.fr\/?p=7644","title":{"rendered":"30 mars 2020 &#8211; La CGT Sant\u00e9 remet les pendules \u00e0 l&rsquo;heure avec la d\u00e9put\u00e9e Domeizel (en marche arri\u00e8re)"},"content":{"rendered":"<p><strong><\/p>\n<p style= \"text-align: justify;\">\nIl y a pile deux ans, nous avons rencontr\u00e9 les d\u00e9put\u00e9s afin de les alerter sur la situation catastrophique des h\u00f4pitaux et des EHPAD mais \u00e9galement pour exiger un changement de cap dans leur politique. Les m\u00eames qui aujourd&rsquo;hui sortent dans les m\u00e9dias avec la larme \u00e0 l&rsquo;\u0153il, et s&rsquo;\u00e9tonnent de la situation, ont fait \u00e0 l&rsquo;\u00e9poque preuve d&rsquo;un cynisme inacceptable. Un entretien qui nous a particuli\u00e8rement choqu\u00e9 est celui avec la D\u00e9put\u00e9e Domeizel (LREM) et qui ne s&rsquo;est pas tr\u00e8s bien termin\u00e9 d&rsquo;ailleurs.\n<\/p>\n<p style= \"text-align: justify;\">\nCi-joint la vid\u00e9o que nous avons r\u00e9alis\u00e9 \u00e0 la sortie de ce RDV et qui est plus que jamais d&rsquo;actualit\u00e9 (cliquer sur ce lien) :<\/p>\n<p><iframe loading=\"lazy\" width=\"500\" height=\"281\" src=\"https:\/\/www.youtube.com\/embed\/5cujlYjnkpM?feature=oembed\" frameborder=\"0\" allow=\"accelerometer; autoplay; encrypted-media; gyroscope; picture-in-picture\" allowfullscreen><\/iframe><\/p>\n<p><\/strong><\/p>\n<p style= \"text-align: justify;\">\n","protected":false},"excerpt":{"rendered":"<p>Il y a pile deux ans, nous avons rencontr\u00e9 les d\u00e9put\u00e9s afin de les alerter sur la situation catastrophique des h\u00f4pitaux et des EHPAD mais \u00e9galement pour exiger un changement de cap dans leur politique. Les m\u00eames qui aujourd&rsquo;hui sortent dans les m\u00e9dias avec la larme \u00e0 l&rsquo;\u0153il, et s&rsquo;\u00e9tonnent de la situation, ont fait [&hellip;]<\/p>\n","protected":false},"author":1,"featured_media":0,"comment_status":"closed","ping_status":"closed","sticky":false,"template":"","format":"standard","meta":{"footnotes":""},"categories":[7],"tags":[],"views":910,"_links":{"self":[{"href":"http:\/\/www.cgt-hopital-manosque.fr\/index.php?rest_route=\/wp\/v2\/posts\/7644"}],"collection":[{"href":"http:\/\/www.cgt-hopital-manosque.fr\/index.php?rest_route=\/wp\/v2\/posts"}],"about":[{"href":"http:\/\/www.cgt-hopital-manosque.fr\/index.php?rest_route=\/wp\/v2\/types\/post"}],"author":[{"embeddable":true,"href":"http:\/\/www.cgt-hopital-manosque.fr\/index.php?rest_route=\/wp\/v2\/users\/1"}],"replies":[{"embeddable":true,"href":"http:\/\/www.cgt-hopital-manosque.fr\/index.php?rest_route=%2Fwp%2Fv2%2Fcomments&post=7644"}],"version-history":[{"count":1,"href":"http:\/\/www.cgt-hopital-manosque.fr\/index.php?rest_route=\/wp\/v2\/posts\/7644\/revisions"}],"predecessor-version":[{"id":7645,"href":"http:\/\/www.cgt-hopital-manosque.fr\/index.php?rest_route=\/wp\/v2\/posts\/7644\/revisions\/7645"}],"wp:attachment":[{"href":"http:\/\/www.cgt-hopital-manosque.fr\/index.php?rest_route=%2Fwp%2Fv2%2Fmedia&parent=7644"}],"wp:term":[{"taxonomy":"category","embeddable":true,"href":"http:\/\/www.cgt-hopital-manosque.fr\/index.php?rest_route=%2Fwp%2Fv2%2Fcategories&post=7644"},{"taxonomy":"post_tag","embeddable":true,"href":"http:\/\/www.cgt-hopital-manosque.fr\/index.php?rest_route=%2Fwp%2Fv2%2Ftags&post=7644"}],"curies":[{"name":"wp","href":"https:\/\/api.w.org\/{rel}","templated":true}]}}