{"id":7646,"date":"2020-03-30T18:58:50","date_gmt":"2020-03-30T18:58:50","guid":{"rendered":"http:\/\/www.cgt-hopital-manosque.fr\/?p=7646"},"modified":"2020-03-30T19:01:30","modified_gmt":"2020-03-30T19:01:30","slug":"30-mars-2020-enorme-coup-de-gueule-du-dr-christophe-prudhomme-vs-un-pitoyable-c-barbier-chien-de-garde-de-macron","status":"publish","type":"post","link":"http:\/\/www.cgt-hopital-manosque.fr\/?p=7646","title":{"rendered":"30 mars 2020 &#8211; Enorme coup de Gueule du Dr Christophe Prudhomme vs un pitoyable C. Barbier Chien de Garde de Macron"},"content":{"rendered":"<p><strong><\/p>\n<p style= \"text-align: justify;\">\nEnorme coup de Gueule du Dr Christophe Prudhomme vs un pitoyable C. Barbier<br \/>\nPour voir la vid\u00e9o, cliquer sur ce lien :<br \/>\n<iframe loading=\"lazy\" width=\"500\" height=\"281\" src=\"https:\/\/www.youtube.com\/embed\/imI4gYps4Pw?feature=oembed\" frameborder=\"0\" allow=\"accelerometer; autoplay; encrypted-media; gyroscope; picture-in-picture\" allowfullscreen><\/iframe>\n<\/p>\n<p style= \"text-align: justify;\">\n<p>+<\/p>\n<p style= \"text-align: justify;\">\nLe Billet d&rsquo;humeur du jour de Christophe Prudhomme du 30 mars 2020 :\n<\/p>\n<p style= \"text-align: justify;\">\nRetour au Samu ce matin pour une semaine cruciale en Ile-de-France avec le pic de l&rsquo;\u00e9pid\u00e9mie qui s&rsquo;annonce. Tout le monde va devoir \u00eatre sur le pont. Tout le monde, ce sont mes coll\u00e8gues du Samu 93 que je voudrais vous faire conna\u00eetre aujourd&rsquo;hui. Les ambulancier.e.s si mal pay\u00e9s et si comp\u00e9tents. Les assistant.e.s de r\u00e9gulation m\u00e9dicale qui d\u00e9crochent et trient les appels du 15 qui ont quadrupl\u00e9. Les infirmier.e.s anesth\u00e9sistes et les pu\u00e9ricultrices qui apportent leurs immenses comp\u00e9tences dans les ambulances de r\u00e9animation. Les m\u00e9decins urgentistes et p\u00e9diatres, les internes qui accumulent les heures, des plus jeunes aux plus anciens. Les logisticiens qui assurent la gestion du mat\u00e9riel, si pr\u00e9cieux car si rare dans le contexte de p\u00e9nurie que nous subissons. Les secr\u00e9taires qui g\u00e8rent l&rsquo;administration, indispensable au bon fonctionnement de notre structure tr\u00e8s complexe.   Nos deux professeurs de m\u00e9decine qui nous alimentent en synth\u00e8ses de donn\u00e9es scientifiques pour mieux comprendre l&rsquo;\u00e9pid\u00e9mie. Les cadres param\u00e9dicaux qui gal\u00e8rent pour assurer les commandes de mat\u00e9riel et \u00e9viter les ruptures. Puis ceux qui sont venus en renfort : les anciens du service qui ont remis la blouse, les \u00e9tudiants en m\u00e9decine qui sont venus renforcer les \u00e9quipes, les ambulanciers priv\u00e9s, les b\u00e9n\u00e9voles des associations de secourisme&#8230; Plus tous ceux que j&rsquo;oublie dans l&rsquo;h\u00f4pital mais qui permettent \u00e0 notre service tr\u00e8s complexe de bien fonctionner. Personne ne compte aujourd&rsquo;hui ses heures, la fatigue se fait sentir mais l&rsquo;ambiance est tr\u00e8s bonne avec une grande solidarit\u00e9 dans les \u00e9quipes. Merci mes coll\u00e8gues et souvent amis. Ensemble nous sommes forts et nous allons assurer la continuit\u00e9 du service public pour la population.\n<\/p>\n<p><\/strong><\/p>\n<p style= \"text-align: justify;\">\n","protected":false},"excerpt":{"rendered":"<p>Enorme coup de Gueule du Dr Christophe Prudhomme vs un pitoyable C. Barbier Pour voir la vid\u00e9o, cliquer sur ce lien : + Le Billet d&rsquo;humeur du jour de Christophe Prudhomme du 30 mars 2020 : Retour au Samu ce matin pour une semaine cruciale en Ile-de-France avec le pic de l&rsquo;\u00e9pid\u00e9mie qui s&rsquo;annonce. Tout [&hellip;]<\/p>\n","protected":false},"author":1,"featured_media":0,"comment_status":"closed","ping_status":"closed","sticky":false,"template":"","format":"standard","meta":{"footnotes":""},"categories":[8],"tags":[],"views":930,"_links":{"self":[{"href":"http:\/\/www.cgt-hopital-manosque.fr\/index.php?rest_route=\/wp\/v2\/posts\/7646"}],"collection":[{"href":"http:\/\/www.cgt-hopital-manosque.fr\/index.php?rest_route=\/wp\/v2\/posts"}],"about":[{"href":"http:\/\/www.cgt-hopital-manosque.fr\/index.php?rest_route=\/wp\/v2\/types\/post"}],"author":[{"embeddable":true,"href":"http:\/\/www.cgt-hopital-manosque.fr\/index.php?rest_route=\/wp\/v2\/users\/1"}],"replies":[{"embeddable":true,"href":"http:\/\/www.cgt-hopital-manosque.fr\/index.php?rest_route=%2Fwp%2Fv2%2Fcomments&post=7646"}],"version-history":[{"count":3,"href":"http:\/\/www.cgt-hopital-manosque.fr\/index.php?rest_route=\/wp\/v2\/posts\/7646\/revisions"}],"predecessor-version":[{"id":7649,"href":"http:\/\/www.cgt-hopital-manosque.fr\/index.php?rest_route=\/wp\/v2\/posts\/7646\/revisions\/7649"}],"wp:attachment":[{"href":"http:\/\/www.cgt-hopital-manosque.fr\/index.php?rest_route=%2Fwp%2Fv2%2Fmedia&parent=7646"}],"wp:term":[{"taxonomy":"category","embeddable":true,"href":"http:\/\/www.cgt-hopital-manosque.fr\/index.php?rest_route=%2Fwp%2Fv2%2Fcategories&post=7646"},{"taxonomy":"post_tag","embeddable":true,"href":"http:\/\/www.cgt-hopital-manosque.fr\/index.php?rest_route=%2Fwp%2Fv2%2Ftags&post=7646"}],"curies":[{"name":"wp","href":"https:\/\/api.w.org\/{rel}","templated":true}]}}