{"id":7660,"date":"2020-04-04T06:47:13","date_gmt":"2020-04-04T06:47:13","guid":{"rendered":"http:\/\/www.cgt-hopital-manosque.fr\/?p=7660"},"modified":"2020-04-04T06:49:47","modified_gmt":"2020-04-04T06:49:47","slug":"4-avril-2020-lunite-nationale-contaminee-et-confinee","status":"publish","type":"post","link":"http:\/\/www.cgt-hopital-manosque.fr\/?p=7660","title":{"rendered":"4 avril 2020 &#8211; L&rsquo;unit\u00e9 nationale contamin\u00e9e et confin\u00e9e"},"content":{"rendered":"<p><a href=\"http:\/\/www.cgt-hopital-manosque.fr\/wp-content\/uploads\/2020\/04\/1251.-Coronavirus-pr\u00e9fet-de-Paris-Lallement.jpg\"><img loading=\"lazy\" decoding=\"async\" src=\"http:\/\/www.cgt-hopital-manosque.fr\/wp-content\/uploads\/2020\/04\/1251.-Coronavirus-pr\u00e9fet-de-Paris-Lallement.jpg\" alt=\"1251. Coronavirus pr\u00e9fet de Paris Lallement\" width=\"960\" height=\"639\" class=\"aligncenter size-full wp-image-7664\" srcset=\"http:\/\/www.cgt-hopital-manosque.fr\/wp-content\/uploads\/2020\/04\/1251.-Coronavirus-pr\u00e9fet-de-Paris-Lallement.jpg 960w, http:\/\/www.cgt-hopital-manosque.fr\/wp-content\/uploads\/2020\/04\/1251.-Coronavirus-pr\u00e9fet-de-Paris-Lallement-300x200.jpg 300w\" sizes=\"(max-width: 960px) 100vw, 960px\" \/><\/a><br \/>\n<strong><\/p>\n<p style= \"text-align: justify;\">\n>> Le Pr\u00e9fet de Paris a expliqu\u00e9 que les patients en r\u00e9animation sont ceux qui n\u2019ont pas respect\u00e9 le confinement (voir l\u2019article ci-dessous d&rsquo;hier).\n<\/p>\n<p style= \"text-align: justify;\">\nC&rsquo;est tr\u00e8s r\u00e9v\u00e9lateur de leur conception de l&rsquo;unit\u00e9 nationale !!! Une unit\u00e9 nationale qui ne va que dans un sens est en fait une d\u00e9sunion nationale !!! Tous ensemble, avec le gouvernement, contre le covid, non merci !!! Ils en profitent pour d\u00e9r\u00e9glementer le travail&#8230; ils envoient les personnels soignants se faire d\u00e9gommer sans protection&#8230; Pour une union nationale, il faudrait qu&rsquo;ils fassent le maximum mais c&rsquo;est loin d&rsquo;\u00eatre cas. Et m\u00eame le minimum, qui est le respect de base, ils en sont incapables !\n<\/p>\n<p style= \"text-align: justify;\">\nQuand on voit tous les contamin\u00e9s en ce moment qui sont notamment des coll\u00e8gues qui travaillent dans les h\u00f4pitaux, les EHPAD, le commerce, le transport, la poste&#8230; on se rend compte \u00e0 quel point ces gens l\u00e0 sont ignobles !!! Dans le d\u00e9partement, il y a une quinzaine de coll\u00e8gues de la poste convoqu\u00e9s au tribunal&#8230; elle est o\u00f9 l&rsquo;unit\u00e9 nationale ? Je crois qu&rsquo;elle est aussi en R\u00e9a !!!\n<\/p>\n<p style= \"text-align: justify;\">\nL\u2019unit\u00e9 nationale ce n\u2019est pas profiter de la situation pour museler toute l\u2019opposition parlementaire et rester dans un monologue rassurant !<br \/>\nL\u2019unit\u00e9 nationale ne doit pas simplement consister en un recul des conditions de travail, des droits des travailleurs, de toutes les protections et des libert\u00e9s individuelles !<br \/>\nL\u2019unit\u00e9 nationale ce n\u2019est pas d\u2019un c\u00f4t\u00e9 quelques uns qui comptent les sous et tous les autres qui comptent les morts !\n<\/p>\n<p style= \"text-align: justify;\">\nL\u2019unit\u00e9 nationale doit se faire au travers d\u2019une politique nationale coh\u00e9rente et elle doit \u00eatre juste envers celles et ceux qui sont en premi\u00e8re ligne !<br \/>\nL\u2019unit\u00e9 nationale c\u2019est revenir \u00e0 l\u2019humilit\u00e9 et c\u2019est faire confiance \u00e0 l\u2019intelligence populaire !<br \/>\nL\u2019unit\u00e9 nationale c\u2019est revenir \u00e0 un \u00e9tat r\u00e9gulateur et planificateur (c\u2019est d\u2019ailleurs la premi\u00e8re le\u00e7on \u00e0 tirer de cette crise) !<br \/>\nL\u2019unit\u00e9 nationale c\u2019est la nationalisation des entreprises de fabrication des fournitures et mat\u00e9riels m\u00e9dicaux avec la mise en place d\u2019un grand p\u00f4le public du m\u00e9dicament !<br \/>\nL\u2019unit\u00e9 nationale c\u2019est prendre beaucoup de recul avec toutes les recommandations et directives de l\u2019union europ\u00e9enne !<br \/>\nL\u2019unit\u00e9 nationale passe aussi par un arr\u00eat des mensonges d\u2019\u00e9tat qui sont quasi-journaliers !\n<\/p>\n<p style= \"text-align: justify;\">\nPour voir l&rsquo;article d&rsquo;hier matin, cliquer sur ce lien : <a href=\"https:\/\/www.lavoixdunord.fr\/735584\/article\/2020-04-03\/pour-le-prefet-de-paris-les-patients-en-reanimation-sont-ceux-qui-n-ont-pas?referer=%2Farchives%2Frecherche%3Fdatefilter%3Dlastyear%26sort%3Ddate%2520desc%26word%3DPr%25C3%25A9fet%2520paris\">CLIQUER ICI<\/a>\n<\/p>\n<p style= \"text-align: justify;\">\n<p style= \"text-align: justify;\">\n>> Les derniers billets d&rsquo;humeur de Christophe Prudhomme :\n<\/p>\n<p style= \"text-align: justify;\">\n* Billet d&rsquo;humeur du jour &#8211; Col\u00e8re noire<br \/>\nAlors que nous nous battons face \u00e0 la p\u00e9nurie au quotidien pour sauver des patients, une note command\u00e9e par Emmanuel Macron \u00e0 la Caisse des d\u00e9p\u00f4ts et consignations me met dans une col\u00e8re noire. Cet outil financier de l&rsquo;Etat cr\u00e9\u00e9 par Napol\u00e9on nous propose un plan pour l&rsquo;h\u00f4pital public qui se r\u00e9sume \u00e0 sa privatisation et \u00e0 son d\u00e9pe\u00e7age, permettant aux requins de la finance de s&rsquo;accaparer les morceaux les plus rentables.<br \/>\nJe vous ai \u00e9cout\u00e9, Monsieur le Pr\u00e9sident, lors de votre discours de Mulhouse. J&rsquo;\u00e9tais sceptique face \u00e0 vos promesses mais il me restait un espoir qu&rsquo;en insistant un peu, finalement vous alliez commencer \u00e0 r\u00e9pondre aux revendications que nous d\u00e9fendons depuis plus d&rsquo;un an. L\u00e0, c&rsquo;est la douche froide. Quelle \u00e9c\u0153urante duplicit\u00e9 ! Vous nous mentez en pleine temp\u00eate et je ne peut plus faire confiance au capitaine du bateau.<br \/>\nNous allons continuer \u00e0 nous battre pour nos patients puis viendra le temps du bilan. Aujourd&rsquo;hui mes journ\u00e9es sont longues \u00e0 l&rsquo;h\u00f4pital et j&rsquo;utilise mes rares heures disponibles pour poursuivre mon activit\u00e9 syndicale car mes coll\u00e8gues me demandent d&rsquo;\u00eatre leur porte-parole pour  demander des moyens et exprimer leur d\u00e9sarroi et leurs inqui\u00e9tudes.<br \/>\nMais demain, nous nous mobiliserons pour un changement radical de politique pour que par exemple les agents de la Caisse des d\u00e9p\u00f4ts travaillent dans l&rsquo;int\u00e9r\u00eat des services publics, notamment l&rsquo;h\u00f4pital public, et pas pour celui du monde de la finance.\n<\/p>\n<p style= \"text-align: justify;\">\n* Billet d&rsquo;humeur du jour &#8211; L&rsquo;urgence : la r\u00e9quisition des entreprises<br \/>\nNous subissons depuis le d\u00e9but de l&rsquo;\u00e9pid\u00e9mie le manque de moyens de protection, notamment de masques, non seulement \u00e0 l&rsquo;h\u00f4pital mais aussi en ville o\u00f9 nos coll\u00e8gues m\u00e9decins, infirmi\u00e8res, ambulanciers, etc.travaillent dans des conditions indignes qui les mettent en danger.<br \/>\nAujourd&rsquo;hui, la situation devient plus grave avec un d\u00e9but de rupture d&rsquo;approvisionnement en m\u00e9dicaments essentiels, notamment les anesth\u00e9siques absolument indispensables pour endormir les patients intub\u00e9s et ventil\u00e9s en r\u00e9animation. Nous sommes l\u00e0 face \u00e0 une mise en danger imm\u00e9diate de la vie des patients. Cette situation \u00e9tait pr\u00e9visible et rien n&rsquo;a \u00e9t\u00e9 fait. Depuis plusieurs ann\u00e9es, nous avons \u00e9t\u00e9 nombreux \u00e0 protester et \u00e0 demander au gouvernement de prendre des mesures face aux ruptures d&rsquo;approvisionnement qui augmentent d&rsquo;ann\u00e9e en ann\u00e9e dans les pharmacies. Il s&rsquo;agit l\u00e0 de la cons\u00e9quence directe des choix de l&rsquo;industrie pharmaceutique qui a privil\u00e9gi\u00e9 sa rentabilit\u00e9 financi\u00e8re au d\u00e9triment de la s\u00e9curisation de sa production. Tout cela est connu et a \u00e9t\u00e9 largement analys\u00e9 par des associations comme l&rsquo;Observatoire de la transparence dans les politiques du m\u00e9dicament dont les appels aupr\u00e8s des pouvoirs publics sont rest\u00e9s sans r\u00e9ponse.<br \/>\nIl n&rsquo;est plus possible face \u00e0 cette crise dans la crise de se contenter de faire appel \u00e0 la bonne volont\u00e9 des entreprises et d&rsquo;organiser des visites \u00e0 vis\u00e9e m\u00e9diatique, monsieur le Pr\u00e9sident de la R\u00e9publique. L&rsquo;urgence est \u00e0 la r\u00e9quisition imm\u00e9diate des entreprises pour que la priorit\u00e9 soit donn\u00e9e \u00e0 la fabrication des produits indispensables au bon fonctionnement de notre syst\u00e8me de sant\u00e9. Le bricolage, c&rsquo;est fini ! Seule la r\u00e9quisition permet de prioriser les productions, de les r\u00e9partir en fonction despriorit\u00e9s et de contr\u00f4ler les prix.<br \/>\nIl est par ailleurs insupportable de constater que la Communaut\u00e9 europ\u00e9enne ne sert \u00e0 rien aujourd&rsquo;hui. Chaque pays m\u00e8ne sa propre politique, s&rsquo;est repli\u00e9 derri\u00e8re ses fronti\u00e8res et il existe m\u00eame un concurrence brutale pour s&rsquo;approprier les rares moyens disponibles sur place o\u00f9 qui sont command\u00e9s \u00e0 l&rsquo;\u00e9tranger.<br \/>\nL&rsquo;inhumanit\u00e9 de l&rsquo;organisation de notre \u00e9conomie dans le cadre de la mondialisation lib\u00e9rale est mise en pleine lumi\u00e8re. Monsieur le Pr\u00e9sident, vos belles paroles sur le th\u00e8me \u00ab\u00a0Demain, tout ne pourra plus \u00eatre comme hier\u00a0\u00bb ne peuvent suffire. L&rsquo;urgence est imm\u00e9diate et c&rsquo;est maintenant que les choses doivent changer avec une premi\u00e8re \u00e9tape : la r\u00e9quisition par l&rsquo;Etat des entreprises indispensables pour sauver des vies aujourd&rsquo;hui. Demain, nous compterons les morts qui auraient pu \u00eatre \u00e9vit\u00e9s.\n<\/p>\n<p style= \"text-align: justify;\">\n* Billet d&rsquo;humeur du jour<br \/>\nDes doutes l\u00e9gitimes existent sur la gestion de la crise par le gouvernement actuel avec en arri\u00e8re plan les responsabilit\u00e9s des gouvernements pr\u00e9c\u00e9dents.<br \/>\nD\u00e8s le mois de janvier, nous avions \u00e9t\u00e9 un certain nombre \u00e0 souligner le fait que notre syst\u00e8me hospitalier \u00e9tait \u00e0 la limite de la rupture et qu&rsquo;en cas d&rsquo;\u00e9pid\u00e9mie s\u00e9v\u00e8re il risquait de ne pas \u00eatre capable de g\u00e9rer une augmentation brutale du nombre de malades. Par ailleurs, nous d\u00e9non\u00e7ons depuis plus d&rsquo;un an le manque de lits, de personnels, de mat\u00e9riel et de m\u00e9dicaments trop souvent en rupture de stock. La situation de tension, notamment en lits de r\u00e9animation, \u00e9tait pr\u00e9visible. En effet, si nous \u00e9tions parti \u00ab\u00a0en guerre\u00a0\u00bb avec le m\u00eame nombre de lits rapport\u00e9 \u00e0 la population qu&rsquo;en Allemagne, nous aurions dispos\u00e9 au d\u00e9part de 10 000 lits, et non pas  de 5000. Face \u00e0 cette situation, le choix des TGV sanitaires interroge. Ne serait-il pas plus simple de rapatrier du mat\u00e9riel et d&rsquo;affecter du personnel dans des locaux disponibles sur place, notamment \u00e0 l&rsquo;H\u00f4tel-Dieu, en plein centre de Paris o\u00f9 les locaux de la r\u00e9animation ferm\u00e9e il y a quelques ann\u00e9es sont encore en \u00e9tat avec les alimentations en oxyg\u00e8ne notamment. N&rsquo;en d\u00e9plaise \u00e0 certains qui n&rsquo;aiment visiblement pas les syndicalistes, notamment de la CGT, ces critiques sont l\u00e9gitimes et doivent \u00eatre faites car il n&rsquo;est pas question que sous couvert d&rsquo;unit\u00e9 nationale, tout d\u00e9bat soit \u00e9touff\u00e9.\n<\/p>\n<p style= \"text-align: justify;\">\n* Billet d&rsquo;humeur du jour &#8211; Urgence pour les EHPAD<br \/>\n\u00c0 ce stade de l&rsquo;\u00e9pid\u00e9mie, la priorit\u00e9 doit \u00eatre les 700 000 r\u00e9sidents en EHPAD. Pour \u00e9viter le confinement total qui risque d&rsquo;augmenter encore les difficult\u00e9s, il est n\u00e9cessaire que nos coll\u00e8gues b\u00e9n\u00e9ficient en urgence de mat\u00e9riel de protection et surtout de renforts en personnel. Il faut des masques et des surblouses, car cela fait pleurer de voir ces professionnelles \u00eatre oblig\u00e9es de bricoler elles-m\u00eames des masques en tissu ou d&rsquo;utiliser des sacs poubelle comme protection.<br \/>\nCette situation \u00e9tait pr\u00e9visible. Il y a deux ans, un grand mouvement \u00e0 agit\u00e9 les EHPAD avec une revendication de  cr\u00e9ation de 200 000 emplois en urgence pour pouvoir avoir un ratio d&rsquo;un agent par r\u00e9sident. Taux d&rsquo;encadrement n\u00e9cessaire pour avoir le temps de donner \u00e0 manger aux r\u00e9sidents d\u00e9pendants, de pouvoir donner plus d&rsquo;une douche par semaine et surtout de pouvoir disposer de temps pour les \u00e9couter, leur parler et les r\u00e9conforter. Or, l\u00e0 aussi, le gouvernement n&rsquo;a pas r\u00e9pondu aux revendications et seuls quelques milliers d&#8217;emplois ont \u00e9t\u00e9 promis. Par contre les groupes priv\u00e9s lucratifs qui g\u00e8rent une bonne partie de ces \u00e9tablissements ont continu\u00e9 \u00e0 engranger de confortables b\u00e9n\u00e9fices leur permettant de se d\u00e9velopper dans de nombreux pays, y compris la Chine o\u00f9 un march\u00e9 s&rsquo;ouvrait.<br \/>\nAlors aujourd&rsquo;hui exigeons un soutien massif aux aides-soignantes, infirmi\u00e8res et autres personnels des EHPAD.<br \/>\nDr Christophe Prudhomme\n<\/p>\n<p><\/strong><\/p>\n<p style= \"text-align: justify;\">\n","protected":false},"excerpt":{"rendered":"<p>>> Le Pr\u00e9fet de Paris a expliqu\u00e9 que les patients en r\u00e9animation sont ceux qui n\u2019ont pas respect\u00e9 le confinement (voir l\u2019article ci-dessous d&rsquo;hier). C&rsquo;est tr\u00e8s r\u00e9v\u00e9lateur de leur conception de l&rsquo;unit\u00e9 nationale !!! Une unit\u00e9 nationale qui ne va que dans un sens est en fait une d\u00e9sunion nationale !!! Tous ensemble, avec le [&hellip;]<\/p>\n","protected":false},"author":1,"featured_media":0,"comment_status":"closed","ping_status":"closed","sticky":false,"template":"","format":"standard","meta":{"footnotes":""},"categories":[8],"tags":[],"views":896,"_links":{"self":[{"href":"http:\/\/www.cgt-hopital-manosque.fr\/index.php?rest_route=\/wp\/v2\/posts\/7660"}],"collection":[{"href":"http:\/\/www.cgt-hopital-manosque.fr\/index.php?rest_route=\/wp\/v2\/posts"}],"about":[{"href":"http:\/\/www.cgt-hopital-manosque.fr\/index.php?rest_route=\/wp\/v2\/types\/post"}],"author":[{"embeddable":true,"href":"http:\/\/www.cgt-hopital-manosque.fr\/index.php?rest_route=\/wp\/v2\/users\/1"}],"replies":[{"embeddable":true,"href":"http:\/\/www.cgt-hopital-manosque.fr\/index.php?rest_route=%2Fwp%2Fv2%2Fcomments&post=7660"}],"version-history":[{"count":4,"href":"http:\/\/www.cgt-hopital-manosque.fr\/index.php?rest_route=\/wp\/v2\/posts\/7660\/revisions"}],"predecessor-version":[{"id":7665,"href":"http:\/\/www.cgt-hopital-manosque.fr\/index.php?rest_route=\/wp\/v2\/posts\/7660\/revisions\/7665"}],"wp:attachment":[{"href":"http:\/\/www.cgt-hopital-manosque.fr\/index.php?rest_route=%2Fwp%2Fv2%2Fmedia&parent=7660"}],"wp:term":[{"taxonomy":"category","embeddable":true,"href":"http:\/\/www.cgt-hopital-manosque.fr\/index.php?rest_route=%2Fwp%2Fv2%2Fcategories&post=7660"},{"taxonomy":"post_tag","embeddable":true,"href":"http:\/\/www.cgt-hopital-manosque.fr\/index.php?rest_route=%2Fwp%2Fv2%2Ftags&post=7660"}],"curies":[{"name":"wp","href":"https:\/\/api.w.org\/{rel}","templated":true}]}}