{"id":7680,"date":"2020-04-11T17:15:18","date_gmt":"2020-04-11T17:15:18","guid":{"rendered":"http:\/\/www.cgt-hopital-manosque.fr\/?p=7680"},"modified":"2020-04-11T17:15:18","modified_gmt":"2020-04-11T17:15:18","slug":"12-avril-2020-note-de-la-coordination-regionale-cgt-sante-paca-coronavirus-liberte-egalite-et-fraternite","status":"publish","type":"post","link":"http:\/\/www.cgt-hopital-manosque.fr\/?p=7680","title":{"rendered":"12 avril 2020 &#8211; Note de la Coordination R\u00e9gionale CGT Sant\u00e9 PACA : Coronavirus, Libert\u00e9, Egalit\u00e9 et Fraternit\u00e9"},"content":{"rendered":"<p><a href=\"http:\/\/www.cgt-hopital-manosque.fr\/wp-content\/uploads\/2020\/04\/1254.-Coronavirus-libert\u00e9-\u00e9galit\u00e9-et-fraternit\u00e9.jpg\"><img loading=\"lazy\" decoding=\"async\" src=\"http:\/\/www.cgt-hopital-manosque.fr\/wp-content\/uploads\/2020\/04\/1254.-Coronavirus-libert\u00e9-\u00e9galit\u00e9-et-fraternit\u00e9.jpg\" alt=\"Coronavirus, libert\u00e9, \u00e9galit\u00e9 et fraternit\u00e9\" width=\"720\" height=\"704\" class=\"aligncenter size-full wp-image-7681\" srcset=\"http:\/\/www.cgt-hopital-manosque.fr\/wp-content\/uploads\/2020\/04\/1254.-Coronavirus-libert\u00e9-\u00e9galit\u00e9-et-fraternit\u00e9.jpg 720w, http:\/\/www.cgt-hopital-manosque.fr\/wp-content\/uploads\/2020\/04\/1254.-Coronavirus-libert\u00e9-\u00e9galit\u00e9-et-fraternit\u00e9-300x293.jpg 300w\" sizes=\"(max-width: 720px) 100vw, 720px\" \/><\/a><\/p>\n<p><strong><\/p>\n<p style= \"text-align: justify;\">\nBonjour,<br \/>\nSelon les chiffres de l&rsquo;ARS PACA, du d\u00e9but de semaine, m\u00eame si les cas sont moins \u00e9lev\u00e9s que d&rsquo;autres r\u00e9gions, l\u2019\u00e9pid\u00e9mie continue de progresser r\u00e9gionalement :<br \/>\n1 655 personnes sont hospitalis\u00e9es pour une infection Covid<br \/>\n418 personnes sont en r\u00e9animation<br \/>\n178 personnes test\u00e9es Covid+ sont d\u00e9c\u00e9d\u00e9es.\n<\/p>\n<p style= \"text-align: justify;\">\nDans le 04, la principale actualit\u00e9 de cette fin de semaine ce sont les cas de contamination  au sein de l\u2019EHPAD de Banon qui contient 42 r\u00e9sidents.<br \/>\n3 r\u00e9sidents de Banon ont \u00e9t\u00e9 hospitalis\u00e9s hier \u00e0 l\u2019h\u00f4pital de Manosque.<br \/>\n4 autres r\u00e9sidents test\u00e9s positifs sont rest\u00e9s au sein de l\u2019EHPAD en confinement complet.<br \/>\n1 personnel test\u00e9 positif.<br \/>\nTout le monde a \u00e9t\u00e9 test\u00e9 (personnels et r\u00e9sidents) mais il risque d\u2019y avoir d\u2019autres cas, car la p\u00e9riode d\u2019incubation se situe entre 3 et 14 jours environ.\n<\/p>\n<p style= \"text-align: justify;\">\nAu del\u00e0 des chiffres, dans cette p\u00e9riode de crise sanitaire, des changements importants se mettent en place, d&rsquo;autres se pr\u00e9parent. C&rsquo;est pourquoi nous devons faire en sorte que notre d\u00e9tention physique du moment ne se double pas d&rsquo;une d\u00e9tention intellectuelle et politique.\n<\/p>\n<p style= \"text-align: justify;\">\n>> Ci-joint la nouvelle note de la coordination r\u00e9gionale CGT Sant\u00e9 et Action Sociale PACA du 10 avril 2020 intitul\u00e9e \u00ab\u00a0Coronavirus, libert\u00e9, \u00e9galit\u00e9 et fraternit\u00e9\u00a0\u00bb : <a href=\"http:\/\/www.cgt-hopital-manosque.fr\/wp-content\/uploads\/2020\/04\/1254.-Coronavirus-Note-Coordination-R\u00e9gionale-CGT-Sant\u00e9-PACA.pdf\">CLIQUER ICI<\/a>\n<\/p>\n<p style= \"text-align: justify;\">\nBon week-end,<br \/>\nEt bon courage !!!\n<\/p>\n<p><\/strong><\/p>\n<p style= \"text-align: justify;\">\n","protected":false},"excerpt":{"rendered":"<p>Bonjour, Selon les chiffres de l&rsquo;ARS PACA, du d\u00e9but de semaine, m\u00eame si les cas sont moins \u00e9lev\u00e9s que d&rsquo;autres r\u00e9gions, l\u2019\u00e9pid\u00e9mie continue de progresser r\u00e9gionalement : 1 655 personnes sont hospitalis\u00e9es pour une infection Covid 418 personnes sont en r\u00e9animation 178 personnes test\u00e9es Covid+ sont d\u00e9c\u00e9d\u00e9es. Dans le 04, la principale actualit\u00e9 de cette [&hellip;]<\/p>\n","protected":false},"author":1,"featured_media":0,"comment_status":"closed","ping_status":"closed","sticky":false,"template":"","format":"standard","meta":{"footnotes":""},"categories":[7],"tags":[],"views":1001,"_links":{"self":[{"href":"http:\/\/www.cgt-hopital-manosque.fr\/index.php?rest_route=\/wp\/v2\/posts\/7680"}],"collection":[{"href":"http:\/\/www.cgt-hopital-manosque.fr\/index.php?rest_route=\/wp\/v2\/posts"}],"about":[{"href":"http:\/\/www.cgt-hopital-manosque.fr\/index.php?rest_route=\/wp\/v2\/types\/post"}],"author":[{"embeddable":true,"href":"http:\/\/www.cgt-hopital-manosque.fr\/index.php?rest_route=\/wp\/v2\/users\/1"}],"replies":[{"embeddable":true,"href":"http:\/\/www.cgt-hopital-manosque.fr\/index.php?rest_route=%2Fwp%2Fv2%2Fcomments&post=7680"}],"version-history":[{"count":1,"href":"http:\/\/www.cgt-hopital-manosque.fr\/index.php?rest_route=\/wp\/v2\/posts\/7680\/revisions"}],"predecessor-version":[{"id":7683,"href":"http:\/\/www.cgt-hopital-manosque.fr\/index.php?rest_route=\/wp\/v2\/posts\/7680\/revisions\/7683"}],"wp:attachment":[{"href":"http:\/\/www.cgt-hopital-manosque.fr\/index.php?rest_route=%2Fwp%2Fv2%2Fmedia&parent=7680"}],"wp:term":[{"taxonomy":"category","embeddable":true,"href":"http:\/\/www.cgt-hopital-manosque.fr\/index.php?rest_route=%2Fwp%2Fv2%2Fcategories&post=7680"},{"taxonomy":"post_tag","embeddable":true,"href":"http:\/\/www.cgt-hopital-manosque.fr\/index.php?rest_route=%2Fwp%2Fv2%2Ftags&post=7680"}],"curies":[{"name":"wp","href":"https:\/\/api.w.org\/{rel}","templated":true}]}}