{"id":7690,"date":"2020-04-18T13:18:02","date_gmt":"2020-04-18T13:18:02","guid":{"rendered":"http:\/\/www.cgt-hopital-manosque.fr\/?p=7690"},"modified":"2020-04-18T13:20:08","modified_gmt":"2020-04-18T13:20:08","slug":"18-avril-2020-crise-sanitaire-expression-suite-aux-annonces-de-macron-veran-et-darmanin-prime-covid-ehpad","status":"publish","type":"post","link":"http:\/\/www.cgt-hopital-manosque.fr\/?p=7690","title":{"rendered":"18 avril 2020 &#8211; Crise sanitaire &#8211; Expression suite aux annonces de Macron, V\u00e9ran et Darmanin (prime Covid, EHPAD&#8230;)"},"content":{"rendered":"<p><a href=\"http:\/\/www.cgt-hopital-manosque.fr\/wp-content\/uploads\/2020\/04\/1256.-Macron-LREM-bricolage.jpg\"><img loading=\"lazy\" decoding=\"async\" src=\"http:\/\/www.cgt-hopital-manosque.fr\/wp-content\/uploads\/2020\/04\/1256.-Macron-LREM-bricolage.jpg\" alt=\"Macron LREM bricolage\" width=\"720\" height=\"654\" class=\"aligncenter size-full wp-image-7691\" srcset=\"http:\/\/www.cgt-hopital-manosque.fr\/wp-content\/uploads\/2020\/04\/1256.-Macron-LREM-bricolage.jpg 720w, http:\/\/www.cgt-hopital-manosque.fr\/wp-content\/uploads\/2020\/04\/1256.-Macron-LREM-bricolage-300x273.jpg 300w\" sizes=\"(max-width: 720px) 100vw, 720px\" \/><\/a><\/p>\n<p><strong><\/p>\n<p style= \"text-align: justify;\">\nPour la r\u00e9gion PACA, les chiffres actualis\u00e9s au vendredi 17 avril sont les suivants :<br \/>\n1901 personnes positives au Covid-19 sont hospitalis\u00e9es<br \/>\n379 personnes sont en r\u00e9animation<br \/>\n448 personnes test\u00e9es positives au Covid-19 sont d\u00e9c\u00e9d\u00e9es\n<\/p>\n<p style= \"text-align: justify;\">\nPour les Alpes de Haute Provence (04) :<br \/>\nHospitalisation : 34<br \/>\nR\u00e9animation : 3<br \/>\nD\u00e9c\u00e8s : 6\n<\/p>\n<p style= \"text-align: justify;\">\nPour les Hautes Alpes (05) :<br \/>\nHospitalisation : 42<br \/>\nR\u00e9animation : 11<br \/>\nD\u00e9c\u00e8s : 5\n<\/p>\n<p style= \"text-align: justify;\">\nPour les Alpes Maritimes (06) :<br \/>\nHospitalisation : 263<br \/>\nR\u00e9animation : 58<br \/>\nD\u00e9c\u00e8s : 95\n<\/p>\n<p style= \"text-align: justify;\">\nPour les Bouches-du-Rh\u00f4ne (13) :<br \/>\nHospitalisation : 1181<br \/>\nR\u00e9animation : 246<br \/>\nD\u00e9c\u00e8s : 239\n<\/p>\n<p style= \"text-align: justify;\">\nPour le Var (83) :<br \/>\nHospitalisation : 316<br \/>\nR\u00e9animation : 44<br \/>\nD\u00e9c\u00e8s : 80\n<\/p>\n<p style= \"text-align: justify;\">\nPour le Vaucluse (84) :<br \/>\nHospitalisation : 65<br \/>\nR\u00e9animation : 17<br \/>\nD\u00e9c\u00e8s : 23\n<\/p>\n<p style= \"text-align: justify;\">\n>> Pour consulter la note de la coordination r\u00e9gionale CGT Sant\u00e9 et Action Sociale PACA du 16 avril 2020 \u00ab\u00a0Suite aux annonces de Macron, V\u00e9ran et Darmanin\u00a0\u00bb : <a href=\"http:\/\/www.cgt-hopital-manosque.fr\/wp-content\/uploads\/2020\/04\/1256.-Note-Coordination-R\u00e9gionale-CGT-Sant\u00e9-PACA-16-avril-2020.pdf\">CLIQUER ICI<\/a>\n<\/p>\n<p style= \"text-align: justify;\">\nBon week-end<br \/>\nEt bon courage !\n<\/p>\n<p><\/strong><\/p>\n<p style= \"text-align: justify;\">\n","protected":false},"excerpt":{"rendered":"<p>Pour la r\u00e9gion PACA, les chiffres actualis\u00e9s au vendredi 17 avril sont les suivants : 1901 personnes positives au Covid-19 sont hospitalis\u00e9es 379 personnes sont en r\u00e9animation 448 personnes test\u00e9es positives au Covid-19 sont d\u00e9c\u00e9d\u00e9es Pour les Alpes de Haute Provence (04) : Hospitalisation : 34 R\u00e9animation : 3 D\u00e9c\u00e8s : 6 Pour les Hautes [&hellip;]<\/p>\n","protected":false},"author":1,"featured_media":0,"comment_status":"closed","ping_status":"closed","sticky":false,"template":"","format":"standard","meta":{"footnotes":""},"categories":[7],"tags":[],"views":915,"_links":{"self":[{"href":"http:\/\/www.cgt-hopital-manosque.fr\/index.php?rest_route=\/wp\/v2\/posts\/7690"}],"collection":[{"href":"http:\/\/www.cgt-hopital-manosque.fr\/index.php?rest_route=\/wp\/v2\/posts"}],"about":[{"href":"http:\/\/www.cgt-hopital-manosque.fr\/index.php?rest_route=\/wp\/v2\/types\/post"}],"author":[{"embeddable":true,"href":"http:\/\/www.cgt-hopital-manosque.fr\/index.php?rest_route=\/wp\/v2\/users\/1"}],"replies":[{"embeddable":true,"href":"http:\/\/www.cgt-hopital-manosque.fr\/index.php?rest_route=%2Fwp%2Fv2%2Fcomments&post=7690"}],"version-history":[{"count":4,"href":"http:\/\/www.cgt-hopital-manosque.fr\/index.php?rest_route=\/wp\/v2\/posts\/7690\/revisions"}],"predecessor-version":[{"id":7696,"href":"http:\/\/www.cgt-hopital-manosque.fr\/index.php?rest_route=\/wp\/v2\/posts\/7690\/revisions\/7696"}],"wp:attachment":[{"href":"http:\/\/www.cgt-hopital-manosque.fr\/index.php?rest_route=%2Fwp%2Fv2%2Fmedia&parent=7690"}],"wp:term":[{"taxonomy":"category","embeddable":true,"href":"http:\/\/www.cgt-hopital-manosque.fr\/index.php?rest_route=%2Fwp%2Fv2%2Fcategories&post=7690"},{"taxonomy":"post_tag","embeddable":true,"href":"http:\/\/www.cgt-hopital-manosque.fr\/index.php?rest_route=%2Fwp%2Fv2%2Ftags&post=7690"}],"curies":[{"name":"wp","href":"https:\/\/api.w.org\/{rel}","templated":true}]}}