{"id":7701,"date":"2020-04-24T19:18:10","date_gmt":"2020-04-24T19:18:10","guid":{"rendered":"http:\/\/www.cgt-hopital-manosque.fr\/?p=7701"},"modified":"2020-04-24T19:20:14","modified_gmt":"2020-04-24T19:20:14","slug":"24-avril-2020-coronavirus-la-grande-debrouille-les-ehpad-et-les-derives-autoritaires","status":"publish","type":"post","link":"http:\/\/www.cgt-hopital-manosque.fr\/?p=7701","title":{"rendered":"24 avril 2020 &#8211; Coronavirus &#8211; La grande d\u00e9brouille, les EHPAD et les d\u00e9rives autoritaires"},"content":{"rendered":"<p><strong><\/p>\n<p style= \"text-align: justify;\">\n\u00abLa grande d\u00e9brouille \u00bb ce sont les premiers mots qui nous viennent au moment de commencer \u00e0 r\u00e9diger ce message.\n<\/p>\n<p style= \"text-align: justify;\">\nChacun semble livr\u00e9 \u00e0 lui-m\u00eame, avec son manque de tests, son manque de masques, manque de consignes claires et coh\u00e9rentes, manque de perspectives\u2026 comme avec ses doutes, ses peurs et les impacts du virus sur sa vie professionnelle et personnelle. A chacun de se d\u00e9brouiller avec ses horaires \u00e0 n\u2019en plus finir\u2026 12h00 par jour pour certains\u2026 60h00 par semaine pour d\u2019autres\u2026 On voit aussi des \u00e9tablissements o\u00f9 des agents travaillent avec des patients atteints de Covid et ensuite qui sont affect\u00e9s en g\u00e9riatrie avec des patients tr\u00e8s fragiles. C\u2019est totalement irresponsable de la part des directions qui agissent ainsi !\n<\/p>\n<p style= \"text-align: justify;\">\nOn voit de plus en plus de personnels \u00e9puis\u00e9s, en situation de stress post-traumatique alors que nous ne sommes pas \u00e0 la fin de la crise, et que le bricolage du d\u00e9confinement au 11 mai pourrait entrainer une seconde vague bien plus percutante.\n<\/p>\n<p style= \"text-align: justify;\">\nUne fois contamin\u00e9, l\u00e0 encore c\u2019est le syst\u00e8me D ! Olivier V\u00e9ran a annonc\u00e9 ces derniers jours que les soignants, public et priv\u00e9, allaient \u00eatre reconnus en maladie professionnelle. Sur le terrain, c\u2019est beaucoup plus compliqu\u00e9 que cela. En cas de contamination, il faut absolument que les personnels se d\u00e9clarent imm\u00e9diatement en accident de travail, dans l\u2019attente que le gouvernement clarifie la situation et que des textes sortent.\n<\/p>\n<p style= \"text-align: justify;\">\nParall\u00e8lement aux \u00e9crits des agents sur leur AT\/MP, il serait int\u00e9ressant que les syndicats fassent \u00e9galement des \u00e9crits sur le manque de mat\u00e9riel de protection (et les dysfonctionnements constat\u00e9s) qui pourront \u00eatre mis en lien ensuite avec les demandes d\u2019AT\/MP. Et l\u2019agent pourra mieux mettre en avant le fait que sa contamination est certainement due \u00e0 un manque de mat\u00e9riel mis \u00e0 disposition.\n<\/p>\n<p style= \"text-align: justify;\">\nEnsuite le syst\u00e8me D est \u00e0 mettre en lien avec la pr\u00e9carit\u00e9 des agents. De nombreux personnels se retrouvent en grande difficult\u00e9 financi\u00e8re car ils sont en attente de d\u00e9cisions (Commission de r\u00e9forme, comit\u00e9 m\u00e9dical\u2026). Ils sont sans salaire ou en demi-salaire alors que les commissions ne se r\u00e9unissent pas \u00e0 cause du Covid. L\u00e0 encore, il nous faut demander que leur salaire soit maintenu en attente de d\u00e9cisions. Il n\u2019est pas acceptable qu\u2019ils soient p\u00e9nalis\u00e9s \u00e0 cause d\u2019une situation dont ils ne sont pas responsables.\n<\/p>\n<p style= \"text-align: justify;\">\nDans ce contexte difficile, il y a un grand absent, semble-t-il, c\u2019est la m\u00e9decine de travail ? De tr\u00e8s nombreux syndicats et personnels nous indiquent qu\u2019elle brille par son absence dans leur \u00e9tablissement alors qu&rsquo;on n&rsquo;a jamais eu autant besoin d&rsquo;elle. C\u2019est un point qui revient \u00e0 plusieurs reprises \u00e0 chacune de nos r\u00e9unions depuis le d\u00e9but de la crise. Les autres r\u00e9gions connaissent la m\u00eame probl\u00e9matique.\n<\/p>\n<p style= \"text-align: justify;\">\nEt que dire du mat\u00e9riel qui n\u2019est pas aux normes. Dans certains \u00e9tablissements, on donne aux agents du mat\u00e9riel de protection non conforme, non homologu\u00e9, qui tient mal\u2026 C\u2019est vraiment \u00ab la grande d\u00e9brouille \u00bb !\n<\/p>\n<p style= \"text-align: justify;\">\nAu-del\u00e0 des probl\u00e9matiques de mat\u00e9riel ou de conditions de travail, il y a deux probl\u00e9matiques qui nous interpellent particuli\u00e8rement :<br \/>\n1) C\u2019est la situation des EHPAD et du traitement des personnes \u00e2g\u00e9es en 2020 (et pas seulement au regard de cette crise)<br \/>\n2) Ensuite c&rsquo;est l\u2019\u00e9volution de notre soci\u00e9t\u00e9 vers un r\u00e9gime totalitaire o\u00f9 se greffent de nombreuses caract\u00e9ristiques des r\u00e9gimes fascistes\n<\/p>\n<p style= \"text-align: justify;\">\nSur la premi\u00e8re probl\u00e9matique, il y a une activit\u00e9 importante de la CGT, comme en t\u00e9moigne le courrier en pi\u00e8ce jointe sur la situation catastrophique dans les EHPAD. Par contre sur le second sujet, nous avons besoin de renforcer nos analyses comme nos strat\u00e9gies car les choses \u00e9voluent tr\u00e8s vite mais pas dans le bon sens (le tract de l\u2019USD CGT Sant\u00e9 13 de ce jour en pi\u00e8ce jointe pose certaines questions qu\u2019il nous faut approfondir).\n<\/p>\n<p style= \"text-align: justify;\">\nDans les prochains jours, nous continuerons \u00e0 r\u00e9pondre aux nombreuses sollicitations des personnels en termes de mat\u00e9riel, conditions de travail, s\u00e9curit\u00e9, respect des droits, r\u00e9mun\u00e9rations&#8230; Mais nous continuerons aussi notre travail de pr\u00e9paration pour \u00ab l&rsquo;apr\u00e8s \u00bb. Pour ne pas que la solidarit\u00e9 d\u2019avant se transforme en charit\u00e9 d\u2019apr\u00e8s, et pour faire en sorte que la conscientisation d\u2019avant devienne la riposte d\u2019apr\u00e8s ! Pour la dignit\u00e9 et pour gagner !\n<\/p>\n<p style= \"text-align: justify;\">\n>> Ci-joint la lettre ouverte de la CGT PACA alertant sur la situation dans les EHPAD adress\u00e9e hier matin au Pr\u00e9fet de r\u00e9gion ainsi qu\u2019au Directeur G\u00e9n\u00e9ral de l\u2019ARS PACA : <a href=\"http:\/\/www.cgt-hopital-manosque.fr\/wp-content\/uploads\/2020\/04\/1258.-Lettre-ouverte-EHPAD-Pr\u00e9fet-et-ARS-PACA.pdf\">CLIQUER ICI<\/a>\n<\/p>\n<p style= \"text-align: justify;\">\n>> Ci-joint un tableau d&rsquo;hier faisant le point sur la situation des cas de Covid dans la r\u00e9gion : <a href=\"http:\/\/www.cgt-hopital-manosque.fr\/wp-content\/uploads\/2020\/04\/1258.-Situation-Covid-ARS-PACA-au-23-avril-2020.pdf\">CLIQUER ICI<\/a>\n<\/p>\n<p style= \"text-align: justify;\">\n>> Ci-joint le tract de l\u2019USD CGT Sant\u00e9 13 d&rsquo;hier intitul\u00e9 \u00ab Non, nous ne sommes pas en guerre ! \u00bb : <a href=\"http:\/\/www.cgt-hopital-manosque.fr\/wp-content\/uploads\/2020\/04\/1258.-Tract-Etat-de-guerre.pdf\">CLIQUER ICI<\/a>\n<\/p>\n<p style= \"text-align: justify;\">\n>> Ci-joint un article du journal \u00ab Le Dauphin\u00e9 lib\u00e9r\u00e9 \u00bb paru hier matin intitul\u00e9 \u00ab Sant\u00e9 : la CGT promet un d\u00e9confinement muscl\u00e9 \u00bb :<br \/>\n<a href=\"http:\/\/www.cgt-hopital-manosque.fr\/wp-content\/uploads\/2020\/04\/1258.-Le-Dauphin\u00e9-La-CGT-promet-un-d\u00e9confinement-muscl\u00e9.jpg\"><img loading=\"lazy\" decoding=\"async\" src=\"http:\/\/www.cgt-hopital-manosque.fr\/wp-content\/uploads\/2020\/04\/1258.-Le-Dauphin\u00e9-La-CGT-promet-un-d\u00e9confinement-muscl\u00e9.jpg\" alt=\"CLIQUER ICI\" width=\"835\" height=\"1249\" class=\"aligncenter size-full wp-image-7705\" srcset=\"http:\/\/www.cgt-hopital-manosque.fr\/wp-content\/uploads\/2020\/04\/1258.-Le-Dauphin\u00e9-La-CGT-promet-un-d\u00e9confinement-muscl\u00e9.jpg 835w, http:\/\/www.cgt-hopital-manosque.fr\/wp-content\/uploads\/2020\/04\/1258.-Le-Dauphin\u00e9-La-CGT-promet-un-d\u00e9confinement-muscl\u00e9-201x300.jpg 201w, http:\/\/www.cgt-hopital-manosque.fr\/wp-content\/uploads\/2020\/04\/1258.-Le-Dauphin\u00e9-La-CGT-promet-un-d\u00e9confinement-muscl\u00e9-685x1024.jpg 685w\" sizes=\"(max-width: 835px) 100vw, 835px\" \/><\/a>\n<\/p>\n<p style= \"text-align: justify;\">\n>> Ci-joint un reportage du magazine national \u00ab Society \u00bb, qui parait deux fois par mois intitul\u00e9 \u00ab Le Coronavirus est un liquide, l\u2019h\u00f4pital une bouteille qui doit le contenir\u2026 Et les Alpes de Haute Provence ont une toute petite bouteille \u00bb : <a href=\"http:\/\/www.cgt-hopital-manosque.fr\/wp-content\/uploads\/2020\/04\/1258.-Reportage-Sant\u00e9-Alpes-de-Haute-Provence.pdf\">CLIQUER ICI<\/a>\n<\/p>\n<p><\/strong><\/p>\n<p style= \"text-align: justify;\">\n","protected":false},"excerpt":{"rendered":"<p>\u00abLa grande d\u00e9brouille \u00bb ce sont les premiers mots qui nous viennent au moment de commencer \u00e0 r\u00e9diger ce message. Chacun semble livr\u00e9 \u00e0 lui-m\u00eame, avec son manque de tests, son manque de masques, manque de consignes claires et coh\u00e9rentes, manque de perspectives\u2026 comme avec ses doutes, ses peurs et les impacts du virus sur [&hellip;]<\/p>\n","protected":false},"author":1,"featured_media":0,"comment_status":"closed","ping_status":"closed","sticky":false,"template":"","format":"standard","meta":{"footnotes":""},"categories":[7],"tags":[],"views":1029,"_links":{"self":[{"href":"http:\/\/www.cgt-hopital-manosque.fr\/index.php?rest_route=\/wp\/v2\/posts\/7701"}],"collection":[{"href":"http:\/\/www.cgt-hopital-manosque.fr\/index.php?rest_route=\/wp\/v2\/posts"}],"about":[{"href":"http:\/\/www.cgt-hopital-manosque.fr\/index.php?rest_route=\/wp\/v2\/types\/post"}],"author":[{"embeddable":true,"href":"http:\/\/www.cgt-hopital-manosque.fr\/index.php?rest_route=\/wp\/v2\/users\/1"}],"replies":[{"embeddable":true,"href":"http:\/\/www.cgt-hopital-manosque.fr\/index.php?rest_route=%2Fwp%2Fv2%2Fcomments&post=7701"}],"version-history":[{"count":3,"href":"http:\/\/www.cgt-hopital-manosque.fr\/index.php?rest_route=\/wp\/v2\/posts\/7701\/revisions"}],"predecessor-version":[{"id":7709,"href":"http:\/\/www.cgt-hopital-manosque.fr\/index.php?rest_route=\/wp\/v2\/posts\/7701\/revisions\/7709"}],"wp:attachment":[{"href":"http:\/\/www.cgt-hopital-manosque.fr\/index.php?rest_route=%2Fwp%2Fv2%2Fmedia&parent=7701"}],"wp:term":[{"taxonomy":"category","embeddable":true,"href":"http:\/\/www.cgt-hopital-manosque.fr\/index.php?rest_route=%2Fwp%2Fv2%2Fcategories&post=7701"},{"taxonomy":"post_tag","embeddable":true,"href":"http:\/\/www.cgt-hopital-manosque.fr\/index.php?rest_route=%2Fwp%2Fv2%2Ftags&post=7701"}],"curies":[{"name":"wp","href":"https:\/\/api.w.org\/{rel}","templated":true}]}}