{"id":7712,"date":"2020-05-01T09:56:03","date_gmt":"2020-05-01T09:56:03","guid":{"rendered":"http:\/\/www.cgt-hopital-manosque.fr\/?p=7712"},"modified":"2020-05-01T09:56:03","modified_gmt":"2020-05-01T09:56:03","slug":"1er-mai-2020-journee-internationale-des-travailleuses-et-des-travailleurs","status":"publish","type":"post","link":"http:\/\/www.cgt-hopital-manosque.fr\/?p=7712","title":{"rendered":"1er mai 2020 &#8211; Journ\u00e9e internationale des travailleuses et des travailleurs"},"content":{"rendered":"<p><a href=\"http:\/\/www.cgt-hopital-manosque.fr\/wp-content\/uploads\/2020\/05\/1259.-1er-mai-2020-CGT.jpg\"><img loading=\"lazy\" decoding=\"async\" src=\"http:\/\/www.cgt-hopital-manosque.fr\/wp-content\/uploads\/2020\/05\/1259.-1er-mai-2020-CGT.jpg\" alt=\"1er mai 2020 CGT\" width=\"414\" height=\"220\" class=\"aligncenter size-full wp-image-7713\" srcset=\"http:\/\/www.cgt-hopital-manosque.fr\/wp-content\/uploads\/2020\/05\/1259.-1er-mai-2020-CGT.jpg 414w, http:\/\/www.cgt-hopital-manosque.fr\/wp-content\/uploads\/2020\/05\/1259.-1er-mai-2020-CGT-300x159.jpg 300w\" sizes=\"(max-width: 414px) 100vw, 414px\" \/><\/a><\/p>\n<p><strong><\/p>\n<p style= \"text-align: justify;\">\nMARIA BLONDEAU (jeune fille assassin\u00e9e par l&rsquo;arm\u00e9e, lors d&rsquo;une marche ouvri\u00e8re le 1er mai 1891 dans la ville de Fourmies). Pour voir la vid\u00e9o, cliquer sur ce lien :\n<\/p>\n<p style= \"text-align: justify;\">\n<iframe loading=\"lazy\" width=\"500\" height=\"375\" src=\"https:\/\/www.youtube.com\/embed\/w8-wsWQ9EKY?feature=oembed\" frameborder=\"0\" allow=\"accelerometer; autoplay; encrypted-media; gyroscope; picture-in-picture\" allowfullscreen><\/iframe>\n<\/p>\n<p style= \"text-align: justify;\">\n<p style= \"text-align: justify;\">\nLe Billet d&rsquo;humeur du jour de Christophe Prudhomme :\n<\/p>\n<p style= \"text-align: justify;\">\n\u00ab\u00a0Travailleur.euse\n<\/p>\n<p style= \"text-align: justify;\">\nAvant la presse, oubliant l&rsquo;histoire, d\u00e9signait le 1er mai comme la F\u00eate du travail alors qu&rsquo;il s&rsquo;agit de la Journ\u00e9e internationale des travailleur.euse.s. Pour certains, l&rsquo;id\u00e9e qu&rsquo;il pouvait s&rsquo;agir d&rsquo;un gros mot pointait ses oreilles. Mais c&rsquo;est un joli mot travailleur.euse. D&rsquo;ailleurs je suis fier d&rsquo;\u00eatre un travailleur de la sant\u00e9 en tant que m\u00e9decin. Le terme salari\u00e9.e nous r\u00e9duit \u00e0 la r\u00e9mun\u00e9ration du travail, alors que notre travail ne se limite pas \u00e0 cela. Nos activit\u00e9s, qu&rsquo;elles soient r\u00e9mun\u00e9r\u00e9es ou non, participent au fait que nous puissions vivre ensemble en soci\u00e9t\u00e9 car le mod\u00e8le ne peut \u00eatre l&rsquo;autarcie de l&rsquo;ermite.\n<\/p>\n<p style= \"text-align: justify;\">\nLa crise due au coronavirus semble avoir fait d\u00e9couvrir \u00e0 certains &#8211; au moins dans les discours &#8211; qu&rsquo;un certain nombre de travailleur.euse.s qui constituaient pour eux des co\u00fbts avec des charges qu&rsquo;il fallait r\u00e9duire, leur \u00e9taient indispensables au quotidien. Cela met en lumi\u00e8re ce qu&rsquo;est la valeur du travail. Certaines t\u00e2ches sont plus utiles que d&rsquo;autres, il faut donc d&rsquo;elles retrouvent leur vraie valeur dans notre soci\u00e9t\u00e9. Qui dit valeur renvoie \u00e0 une hi\u00e9rarchie. Alors qui est plus utile dans la p\u00e9riode ? Le banquier sp\u00e9cialiste de l&rsquo;\u00e9vasion fiscale ou bien la caissi\u00e8re de supermarch\u00e9, l&rsquo;infirmi\u00e8re ou le consultant missionn\u00e9 pour restructurer l&rsquo;h\u00f4pital. Aujourd&rsquo;hui la r\u00e9ponse semble claire et il ne faudra pas l&rsquo;oublier.<\/p>\n<p style= \"text-align: justify;\">\nA l&rsquo;h\u00f4pital, dans les EHPAD, dans les \u00e9tablissements accueillant des handicap\u00e9s et plus g\u00e9n\u00e9ralement dans tout le secteur m\u00e9dicosocial, nous avons besoin de travailleur.euse.s qualifi\u00e9es car l&rsquo;essentiel de l&rsquo;activit\u00e9 repose sur le travail de femmes et d&rsquo;hommes qui doivent s&rsquo;occuper d&rsquo;autres femmes et d&rsquo;autres hommes qui ont besoin d&rsquo;eux.\n<\/p>\n<p style= \"text-align: justify;\">\nPour ce 1er mai, encore plus que les autres ann\u00e9es, nous manifestons pour r\u00e9clamer des effectifs suppl\u00e9mentaires pour et de meilleurs salaires pour pouvoir mieux travailler, donc pouvoir mieux vivre.\n<\/p>\n<p style= \"text-align: justify;\">\nDr Christophe Prudhomme\u00a0\u00bb\n<\/p>\n<p style= \"text-align: justify;\">\nPour consulter l&rsquo;appel commun du 1er mai \u00ab\u00a0Plus jamais \u00e7a !\u00a0\u00bb : <a href=\"http:\/\/www.cgt-hopital-manosque.fr\/wp-content\/uploads\/2020\/05\/1259.-Appel-commun-1er-mai-Plus-jamais-\u00e7a.pdf\">CLIQUER ICI<\/a>\n<\/p>\n<p><\/strong><\/p>\n<p style= \"text-align: justify;\">\n","protected":false},"excerpt":{"rendered":"<p>MARIA BLONDEAU (jeune fille assassin\u00e9e par l&rsquo;arm\u00e9e, lors d&rsquo;une marche ouvri\u00e8re le 1er mai 1891 dans la ville de Fourmies). Pour voir la vid\u00e9o, cliquer sur ce lien : Le Billet d&rsquo;humeur du jour de Christophe Prudhomme : \u00ab\u00a0Travailleur.euse Avant la presse, oubliant l&rsquo;histoire, d\u00e9signait le 1er mai comme la F\u00eate du travail alors qu&rsquo;il [&hellip;]<\/p>\n","protected":false},"author":1,"featured_media":0,"comment_status":"closed","ping_status":"closed","sticky":false,"template":"","format":"standard","meta":{"footnotes":""},"categories":[8],"tags":[],"views":996,"_links":{"self":[{"href":"http:\/\/www.cgt-hopital-manosque.fr\/index.php?rest_route=\/wp\/v2\/posts\/7712"}],"collection":[{"href":"http:\/\/www.cgt-hopital-manosque.fr\/index.php?rest_route=\/wp\/v2\/posts"}],"about":[{"href":"http:\/\/www.cgt-hopital-manosque.fr\/index.php?rest_route=\/wp\/v2\/types\/post"}],"author":[{"embeddable":true,"href":"http:\/\/www.cgt-hopital-manosque.fr\/index.php?rest_route=\/wp\/v2\/users\/1"}],"replies":[{"embeddable":true,"href":"http:\/\/www.cgt-hopital-manosque.fr\/index.php?rest_route=%2Fwp%2Fv2%2Fcomments&post=7712"}],"version-history":[{"count":1,"href":"http:\/\/www.cgt-hopital-manosque.fr\/index.php?rest_route=\/wp\/v2\/posts\/7712\/revisions"}],"predecessor-version":[{"id":7715,"href":"http:\/\/www.cgt-hopital-manosque.fr\/index.php?rest_route=\/wp\/v2\/posts\/7712\/revisions\/7715"}],"wp:attachment":[{"href":"http:\/\/www.cgt-hopital-manosque.fr\/index.php?rest_route=%2Fwp%2Fv2%2Fmedia&parent=7712"}],"wp:term":[{"taxonomy":"category","embeddable":true,"href":"http:\/\/www.cgt-hopital-manosque.fr\/index.php?rest_route=%2Fwp%2Fv2%2Fcategories&post=7712"},{"taxonomy":"post_tag","embeddable":true,"href":"http:\/\/www.cgt-hopital-manosque.fr\/index.php?rest_route=%2Fwp%2Fv2%2Ftags&post=7712"}],"curies":[{"name":"wp","href":"https:\/\/api.w.org\/{rel}","templated":true}]}}