{"id":7716,"date":"2020-05-08T13:55:47","date_gmt":"2020-05-08T13:55:47","guid":{"rendered":"http:\/\/www.cgt-hopital-manosque.fr\/?p=7716"},"modified":"2020-05-08T14:46:49","modified_gmt":"2020-05-08T14:46:49","slug":"7-mai-2020-covid-19-a-partir-de-quel-age-on-les-laisse-mourir","status":"publish","type":"post","link":"http:\/\/www.cgt-hopital-manosque.fr\/?p=7716","title":{"rendered":"7 mai 2020 &#8211; Covid-19 -A partir de quel \u00e2ge, on les laisse mourir ?"},"content":{"rendered":"<p><strong><\/p>\n<p style= \"text-align: justify;\">\n\u25ba Voici quelques articles ou interviews suite \u00e0 la diffusion de notre lettre ouverte pour alerter sur la situation des EHPAD dans la r\u00e9gion :\n<\/p>\n<p style= \"text-align: justify;\">\n>> Ci-joint l&rsquo;article paru dans le quotidien national Hospimedia \u00ab La CGT alerte sur la situation catastrophique des EHPAD en PACA \u00bb : <a href=\"http:\/\/www.cgt-hopital-manosque.fr\/wp-content\/uploads\/2020\/05\/1260.1-Article-Hospimedia-alerte-CGT-PACA-EHPAD.pdf\">CLIQUER ICI<\/a>\n<\/p>\n<p style= \"text-align: justify;\">\n>> Ci-joint l&rsquo;article paru dans La Marseillaise : \u00ab La CGT sant\u00e9 et action sociale PACA interpelle le pr\u00e9fet de r\u00e9gion et l\u2019ARS \u00bb : <a href=\"http:\/\/www.cgt-hopital-manosque.fr\/wp-content\/uploads\/2020\/05\/1260.2-Article-EHPAD-La-Marseillaise-le-25-avril-2020.jpg\"><img loading=\"lazy\" decoding=\"async\" src=\"http:\/\/www.cgt-hopital-manosque.fr\/wp-content\/uploads\/2020\/05\/1260.2-Article-EHPAD-La-Marseillaise-le-25-avril-2020.jpg\" alt=\"Article EHPAD CGT PACA La Marseillaise le 25 avril 2020\" width=\"1240\" height=\"1754\" class=\"aligncenter size-full wp-image-7719\" srcset=\"http:\/\/www.cgt-hopital-manosque.fr\/wp-content\/uploads\/2020\/05\/1260.2-Article-EHPAD-La-Marseillaise-le-25-avril-2020.jpg 1240w, http:\/\/www.cgt-hopital-manosque.fr\/wp-content\/uploads\/2020\/05\/1260.2-Article-EHPAD-La-Marseillaise-le-25-avril-2020-212x300.jpg 212w, http:\/\/www.cgt-hopital-manosque.fr\/wp-content\/uploads\/2020\/05\/1260.2-Article-EHPAD-La-Marseillaise-le-25-avril-2020-724x1024.jpg 724w\" sizes=\"(max-width: 1240px) 100vw, 1240px\" \/><\/a>\n<\/p>\n<p style= \"text-align: justify;\">\n>> Pour voir l&rsquo;interview de DICI TV \u2013 \u00ab Covid-19 : la CGT alerte l&rsquo;Ars et le pr\u00e9fet de r\u00e9gion sur la situation dans les Ehpad \u00bb, cliquer ci-dessous :<br \/>\n <iframe loading=\"lazy\" src=\"https:\/\/player.vimeo.com\/video\/412424161?app_id=122963\" width=\"500\" height=\"281\" frameborder=\"0\" allow=\"autoplay; fullscreen\" allowfullscreen title=\"Alpes-de-Haute-Provence \/ covid-19 : la cgt alerte l&amp;#039;Ars et le pr&amp;eacute;fet de r&amp;eacute;gion sur la situation dans les Ehpad\"><\/iframe>\n<\/p>\n<p style= \"text-align: justify;\">\n>> Le Dauphin\u00e9 Lib\u00e9r\u00e9 \u2013 \u00ab Ehpad : la CGT tire la sonnette d\u2019alarme \u00bb : <a href=\"https:\/\/www.ledauphine.com\/sante\/2020\/04\/25\/hautes-alpes-haute-provence-paca-ehpad-la-cgt-tire-la-sonnette-d-alarme\"target=\"_blank\">CLIQUER ICI<\/a>\n<\/p>\n<p style= \"text-align: justify;\">\n>> Le Dauphin\u00e9 Lib\u00e9r\u00e9 \u2013 CGT Sant\u00e9 Paca : \u00ab On est une des r\u00e9gions de France qui a le plus d\u2019Ehpad, on est inquiets \u00bb : <a href=\"https:\/\/www.ledauphine.com\/sante\/2020\/04\/25\/hautes-alpes-cgt-sante-paca-on-est-une-des-regions-de-france-qui-a-le-plus-d-ehpad-on-est-inquiet?utm_source=kwanko&#038;utm_medium=contextual%20targeting&#038;utm_campaign=GENERIQUE&#038;utm_content=355569\"target=\"_blank\">CLIQUER ICI<\/a>\n<\/p>\n<p style= \"text-align: justify;\">\n>> Ci-joint la lettre ouverte que nous avons adress\u00e9e au Pr\u00e9fet de R\u00e9gion et au DG de l\u2019ARS PACA : <a href=\"http:\/\/www.cgt-hopital-manosque.fr\/wp-content\/uploads\/2020\/05\/1258.-Lettre-ouverte-EHPAD-Pr\u00e9fet-et-ARS-PACA.pdf\">CLIQUER ICI<\/a>\n<\/p>\n<p><\/strong><\/p>\n<p style= \"text-align: justify;\">\n","protected":false},"excerpt":{"rendered":"<p>\u25ba Voici quelques articles ou interviews suite \u00e0 la diffusion de notre lettre ouverte pour alerter sur la situation des EHPAD dans la r\u00e9gion : >> Ci-joint l&rsquo;article paru dans le quotidien national Hospimedia \u00ab La CGT alerte sur la situation catastrophique des EHPAD en PACA \u00bb : CLIQUER ICI >> Ci-joint l&rsquo;article paru dans [&hellip;]<\/p>\n","protected":false},"author":1,"featured_media":0,"comment_status":"closed","ping_status":"closed","sticky":false,"template":"","format":"standard","meta":{"footnotes":""},"categories":[7],"tags":[],"views":903,"_links":{"self":[{"href":"http:\/\/www.cgt-hopital-manosque.fr\/index.php?rest_route=\/wp\/v2\/posts\/7716"}],"collection":[{"href":"http:\/\/www.cgt-hopital-manosque.fr\/index.php?rest_route=\/wp\/v2\/posts"}],"about":[{"href":"http:\/\/www.cgt-hopital-manosque.fr\/index.php?rest_route=\/wp\/v2\/types\/post"}],"author":[{"embeddable":true,"href":"http:\/\/www.cgt-hopital-manosque.fr\/index.php?rest_route=\/wp\/v2\/users\/1"}],"replies":[{"embeddable":true,"href":"http:\/\/www.cgt-hopital-manosque.fr\/index.php?rest_route=%2Fwp%2Fv2%2Fcomments&post=7716"}],"version-history":[{"count":7,"href":"http:\/\/www.cgt-hopital-manosque.fr\/index.php?rest_route=\/wp\/v2\/posts\/7716\/revisions"}],"predecessor-version":[{"id":7729,"href":"http:\/\/www.cgt-hopital-manosque.fr\/index.php?rest_route=\/wp\/v2\/posts\/7716\/revisions\/7729"}],"wp:attachment":[{"href":"http:\/\/www.cgt-hopital-manosque.fr\/index.php?rest_route=%2Fwp%2Fv2%2Fmedia&parent=7716"}],"wp:term":[{"taxonomy":"category","embeddable":true,"href":"http:\/\/www.cgt-hopital-manosque.fr\/index.php?rest_route=%2Fwp%2Fv2%2Fcategories&post=7716"},{"taxonomy":"post_tag","embeddable":true,"href":"http:\/\/www.cgt-hopital-manosque.fr\/index.php?rest_route=%2Fwp%2Fv2%2Ftags&post=7716"}],"curies":[{"name":"wp","href":"https:\/\/api.w.org\/{rel}","templated":true}]}}