{"id":7728,"date":"2020-05-08T14:50:23","date_gmt":"2020-05-08T14:50:23","guid":{"rendered":"http:\/\/www.cgt-hopital-manosque.fr\/?p=7728"},"modified":"2020-05-08T14:59:14","modified_gmt":"2020-05-08T14:59:14","slug":"8-mai-2020-covid-19-monde-dapres-du-travail-hors-les-murs-aux-libertes-envolees","status":"publish","type":"post","link":"http:\/\/www.cgt-hopital-manosque.fr\/?p=7728","title":{"rendered":"8 mai 2020 &#8211; Covid-19, monde d&rsquo;apr\u00e8s : Du travail \u00ab hors les murs \u00bb aux libert\u00e9s envol\u00e9es"},"content":{"rendered":"<p><a href=\"http:\/\/www.cgt-hopital-manosque.fr\/wp-content\/uploads\/2020\/05\/1261.-Soci\u00e9t\u00e9-de-contr\u00f4le-et-monde-dapr\u00e8s.jpg\"><img loading=\"lazy\" decoding=\"async\" src=\"http:\/\/www.cgt-hopital-manosque.fr\/wp-content\/uploads\/2020\/05\/1261.-Soci\u00e9t\u00e9-de-contr\u00f4le-et-monde-dapr\u00e8s.jpg\" alt=\"Soci\u00e9t\u00e9 de contr\u00f4le et monde d&#039;apr\u00e8s\" width=\"468\" height=\"351\" class=\"aligncenter size-full wp-image-7731\" srcset=\"http:\/\/www.cgt-hopital-manosque.fr\/wp-content\/uploads\/2020\/05\/1261.-Soci\u00e9t\u00e9-de-contr\u00f4le-et-monde-dapr\u00e8s.jpg 468w, http:\/\/www.cgt-hopital-manosque.fr\/wp-content\/uploads\/2020\/05\/1261.-Soci\u00e9t\u00e9-de-contr\u00f4le-et-monde-dapr\u00e8s-300x225.jpg 300w\" sizes=\"(max-width: 468px) 100vw, 468px\" \/><\/a><\/p>\n<p><strong><\/p>\n<p style= \"text-align: justify;\">\nTravail \u00ab hors les murs \u00bb, t\u00e9l\u00e9m\u00e9decine, t\u00e9l\u00e9travail, t\u00e9l\u00e9surveillance, fin des examens et contr\u00f4le continu, primes individualis\u00e9es, salaire individualis\u00e9, bridage d\u2019anges gardiens, restrictions des libert\u00e9s individuelles\u2026 sont quelques unes des probl\u00e9matiques abord\u00e9es dans cette note en les mettant en lien et en montrant qu\u2019elles font toutes partie d\u2019un m\u00eame processus que la crise sanitaire actuelle ne fait qu\u2019acc\u00e9l\u00e9rer.\n<\/p>\n<p style= \"text-align: justify;\">\n>> Ci-joint la note de la coordination r\u00e9gionale CGT Sant\u00e9 et Action Sociale PACA du 7 mai 2020 intitul\u00e9e \u00ab\u00a0Covid-19, monde d&rsquo;apr\u00e8s : Du travail \u00ab hors les murs \u00bb aux libert\u00e9s envol\u00e9es\u00a0\u00bb : <a href=\"http:\/\/www.cgt-hopital-manosque.fr\/wp-content\/uploads\/2020\/05\/1261.-Note-Coordination-R\u00e9gionale-CGT-PACA-du-7-mai-2020.pdf\">CLIQUER ICI<\/a>\n<\/p>\n<p style= \"text-align: justify;\">\nBonne lecture et bon courage !!!\n<\/p>\n<p><\/strong><\/p>\n<p style= \"text-align: justify;\">\n","protected":false},"excerpt":{"rendered":"<p>Travail \u00ab hors les murs \u00bb, t\u00e9l\u00e9m\u00e9decine, t\u00e9l\u00e9travail, t\u00e9l\u00e9surveillance, fin des examens et contr\u00f4le continu, primes individualis\u00e9es, salaire individualis\u00e9, bridage d\u2019anges gardiens, restrictions des libert\u00e9s individuelles\u2026 sont quelques unes des probl\u00e9matiques abord\u00e9es dans cette note en les mettant en lien et en montrant qu\u2019elles font toutes partie d\u2019un m\u00eame processus que la crise sanitaire actuelle [&hellip;]<\/p>\n","protected":false},"author":1,"featured_media":0,"comment_status":"closed","ping_status":"closed","sticky":false,"template":"","format":"standard","meta":{"footnotes":""},"categories":[7],"tags":[],"views":983,"_links":{"self":[{"href":"http:\/\/www.cgt-hopital-manosque.fr\/index.php?rest_route=\/wp\/v2\/posts\/7728"}],"collection":[{"href":"http:\/\/www.cgt-hopital-manosque.fr\/index.php?rest_route=\/wp\/v2\/posts"}],"about":[{"href":"http:\/\/www.cgt-hopital-manosque.fr\/index.php?rest_route=\/wp\/v2\/types\/post"}],"author":[{"embeddable":true,"href":"http:\/\/www.cgt-hopital-manosque.fr\/index.php?rest_route=\/wp\/v2\/users\/1"}],"replies":[{"embeddable":true,"href":"http:\/\/www.cgt-hopital-manosque.fr\/index.php?rest_route=%2Fwp%2Fv2%2Fcomments&post=7728"}],"version-history":[{"count":2,"href":"http:\/\/www.cgt-hopital-manosque.fr\/index.php?rest_route=\/wp\/v2\/posts\/7728\/revisions"}],"predecessor-version":[{"id":7733,"href":"http:\/\/www.cgt-hopital-manosque.fr\/index.php?rest_route=\/wp\/v2\/posts\/7728\/revisions\/7733"}],"wp:attachment":[{"href":"http:\/\/www.cgt-hopital-manosque.fr\/index.php?rest_route=%2Fwp%2Fv2%2Fmedia&parent=7728"}],"wp:term":[{"taxonomy":"category","embeddable":true,"href":"http:\/\/www.cgt-hopital-manosque.fr\/index.php?rest_route=%2Fwp%2Fv2%2Fcategories&post=7728"},{"taxonomy":"post_tag","embeddable":true,"href":"http:\/\/www.cgt-hopital-manosque.fr\/index.php?rest_route=%2Fwp%2Fv2%2Ftags&post=7728"}],"curies":[{"name":"wp","href":"https:\/\/api.w.org\/{rel}","templated":true}]}}