{"id":7735,"date":"2020-05-16T07:06:32","date_gmt":"2020-05-16T07:06:32","guid":{"rendered":"http:\/\/www.cgt-hopital-manosque.fr\/?p=7735"},"modified":"2020-05-16T07:15:46","modified_gmt":"2020-05-16T07:15:46","slug":"16-mai-2020-crises-en-cours-rencontre-du-11-mai-avec-le-prefet-et-mobilisations-en-cours-et-a-venir","status":"publish","type":"post","link":"http:\/\/www.cgt-hopital-manosque.fr\/?p=7735","title":{"rendered":"16 mai 2020 &#8211; Crises en cours &#8211; Rencontre du 11 mai avec le Pr\u00e9fet &#8211; Et mobilisations en cours et \u00e0 venir"},"content":{"rendered":"<p><strong><\/p>\n<p style= \"text-align: justify;\">\n>> 1) CONCERNANT LA REUNION DE MARDI AVEC LE PREFET\n<\/p>\n<p style= \"text-align: justify;\">\nDepuis le d\u00e9but de la crise, on est matraqu\u00e9 d&rsquo;informations qui sont en fait des mots d&rsquo;ordre. Ce n&rsquo;est pas un ph\u00e9nom\u00e8ne nouveau mais il est particuli\u00e8rement mis en lumi\u00e8re depuis quelques semaines. Le pouvoir en place et ses relais institutionnels ou m\u00e9diatiques demandent deux choses :<br \/>\n&#8211; soit qu&rsquo;on y croit<br \/>\n&#8211; soit qu&rsquo;on fasse semblant d&rsquo;y croire\n<\/p>\n<p style= \"text-align: justify;\">\nUn des mots d&rsquo;ordre utilis\u00e9s \u00e0 r\u00e9p\u00e9tition est le fait que \u00ab\u00a0moins de libert\u00e9s conduit \u00e0 plus de s\u00e9curit\u00e9\u00a0\u00bb. Alors que sur le terrain, on se rend compte que ce n&rsquo;est pas le cas. Alors oui, peut \u00eatre que moins de libert\u00e9s conduit \u00e0 un sentiment de s\u00e9curit\u00e9 pour certains. Mais le sentiment de s\u00e9curit\u00e9 n&rsquo;est absolument pas la s\u00e9curit\u00e9. On l&rsquo;a vu pendant les attentats de Nice qui \u00e9taient la ville la plus vid\u00e9o-surveill\u00e9e de France. Les cam\u00e9ras ont simplement permis de filmer l&rsquo;horreur mais n&rsquo;ont rien emp\u00each\u00e9.\n<\/p>\n<p style= \"text-align: justify;\">\nUn autre mot d&rsquo;ordre de la p\u00e9riode est \u00ab\u00a0Tous ensemble dans une unit\u00e9 nationale\u00a0\u00bb.\n<\/p>\n<p style= \"text-align: justify;\">\nMardi 12 mai, nous avons eu une r\u00e9union t\u00e9l\u00e9phon\u00e9e, avec Le Pr\u00e9fet des Alpes de Haute Provence et la directrice de la DIRECCTE, o\u00f9 \u00e9taient pr\u00e9sents pour la CGT le secr\u00e9taire g\u00e9n\u00e9ral de l&rsquo;Union D\u00e9partementale Sylvain Moretti et C\u00e9dric Volait (CGT Sant\u00e9 04 et PACA), et c&rsquo;est exactement ce que nous avons constat\u00e9. Il y avait un message r\u00e9gulier qui revenait souvent : \u00ab\u00a0Tous unis, tous ensemble, nous allons gagner ce combat contre le virus. Et pour cela, il va falloir que chaque partenaire social fasse un effort en \u00e9vitant au maximum les tensions et en \u00e9vitant au maximum les contentieux\u00a0\u00bb. Et ensuite, il y aura probablement le mot d&rsquo;ordre  \u00ab\u00a0Tous unis dans le combat contre les difficult\u00e9s financi\u00e8res des entreprises\u00a0\u00bb&#8230; mais \u00e7a commence d\u00e9j\u00e0.\n<\/p>\n<p style= \"text-align: justify;\">\nEt on avait l&rsquo;impression que de nombreuses organisations pr\u00e9sentes (repr\u00e9sentant le patronat ou repr\u00e9sentant les salari\u00e9s) \u00e9taient dans ce jeu l\u00e0, c&rsquo;est \u00e0 dire soit d&rsquo;y croire soit de faire semblant d&rsquo;y croire.\n<\/p>\n<p style= \"text-align: justify;\">\nPour la CGT, nous \u00e9tions dans la position inverse. C&rsquo;est \u00e0 dire : sortir des mots d&rsquo;ordre compl\u00e8tement d\u00e9connect\u00e9s des r\u00e9alit\u00e9s de terrain et donc mettre en place une contre-information.\n<\/p>\n<p style= \"text-align: justify;\">\nMais ensuite, on voit que ces contre-informations ne sont pas suffisantes. Il faut transformer cette contre-information en acte de r\u00e9sistance puis de nouvelles conqu\u00eates sociales. Et cet acte passe par l&rsquo;organisation de luttes pour gagner une soci\u00e9t\u00e9 r\u00e9pondant enfin aux besoins des populations. Et donc, la question c&rsquo;est comment on organise la lutte dans ce contexte o\u00f9 on essaie de nous cantonner \u00e0 un r\u00f4le de service apr\u00e8s-vente de mesures que nous n&rsquo;avons pas choisies ou que nous combattons.\n<\/p>\n<p style= \"text-align: justify;\">\nNous avons besoin de nous appuyer sur nos outils habituels mais \u00e9galement nous appuyer sur toutes les crispations, toutes les frustrations ou indignations accumul\u00e9s depuis le d\u00e9but de la crise.\n<\/p>\n<p>On voit tr\u00e8s bien quand on creuse : derri\u00e8re chaque mot d&rsquo;ordre, c&rsquo;est tr\u00e8s creux, c&rsquo;est tr\u00e8s vide. C&rsquo;est ce qu&rsquo;on a dit \u00e0 la pr\u00e9fecture mardi. Il y a une communication gouvernementale compl\u00e8tement d\u00e9connect\u00e9e de la r\u00e9alit\u00e9 de terrain :\n<\/p>\n<p style= \"text-align: justify;\">\n&#8211; On nous dit qu&rsquo;on peut reprendre l&rsquo;\u00e9cole que tout va bien alors qu&rsquo;on fait du bricolage et que \u00e7a ne va pas du tout. Il aurait fallu pr\u00e9parer la rentr\u00e9e de septembre. La reprise nous semble pr\u00e9matur\u00e9e et g\u00e9n\u00e8re de nombreuses difficult\u00e9s. Pour la CGT, la priorit\u00e9 est de mettre en s\u00e9curit\u00e9 l\u2019ensemble des enfants et l\u2019ensemble  des personnels.\n<\/p>\n<p style= \"text-align: justify;\">\n&#8211; On nous dit qu&rsquo;on a le choix entre reprendre le travail ou pas alors que les conditions du ch\u00f4mage partiel vont \u00eatre fortement d\u00e9grad\u00e9es \u00e0 partir du 1er juin. Donc, c&rsquo;est un faux choix, c&rsquo;est une fausse libert\u00e9.\n<\/p>\n<p style= \"text-align: justify;\">\n&#8211; On annonce des aides pour les TPE. Quand on discute avec nos contacts dans les TPE, ils se demandent o\u00f9 elles sont pass\u00e9es car ils n&rsquo;ont rien vu.\n<\/p>\n<p style= \"text-align: justify;\">\n&#8211; On nous explique depuis plusieurs semaines que le Covid est reconnu en maladie professionnelle, mais il n&rsquo;y a aucun texte qui en d\u00e9finit les modalit\u00e9s. A cette r\u00e9union, certaines organisations syndicales et patronales se r\u00e9jouissaient de cette mesure et en demandaient certaines extensions. La CGT a expliqu\u00e9 qu&rsquo;on se r\u00e9jouit de rien du tout. On ne peut pas demander une extension de quelque chose qui n&rsquo;existe pas. A ce jour, aucun texte n&rsquo;a \u00e9t\u00e9 publi\u00e9 ajoutant le Covid-19 \u00e0 la liste des pathologies pouvant \u00eatre reconnues en maladie professionnelle. Nous avons rappel\u00e9 qu&rsquo;il est urgent que  sorte ce texte mais \u00e9galement qu&rsquo;ils soient applicables \u00e0 l&rsquo;ensemble des salari\u00e9s. On ne va pas se disputer pour voir quel secteur doit \u00eatre ajout\u00e9 ou pas. Ce sont l&rsquo;ensemble des salari\u00e9s de l&rsquo;ensemble des secteurs qui doivent \u00eatre reconnus.\n<\/p>\n<p style= \"text-align: justify;\">\n&#8211; Le protocole national de d\u00e9confinement pr\u00e9voit certaines modalit\u00e9s, comme sur la question des masques. Pour la CGT, la question de la gratuit\u00e9 des masques est essentielle dans la p\u00e9riode et nous avons r\u00e9it\u00e9rer notre demande au Pr\u00e9fet. L\u2019Etat doit permettre d\u2019\u00e9viter la mise en concurrence entre entreprises de cette gestion des masques comme entre collectivit\u00e9s.\n<\/p>\n<p style= \"text-align: justify;\">\n&#8211; Nous avons alert\u00e9 une fois de plus sur la situation catastrophique des EHPAD et sur la fa\u00e7on dont sont trait\u00e9s nos a\u00een\u00e9s en 2020 mais \u00e9galement dont sont trait\u00e9s les personnels qui sont cens\u00e9s les prendre en charge. Nous avons rappel\u00e9 la n\u00e9cessit\u00e9 d&rsquo;un d\u00e9pistage syst\u00e9matique, pour toutes et tous, et pas seulement quand il y a cas av\u00e9r\u00e9 de Covid-19. Nous avons rappel\u00e9 qu&rsquo;aucune discrimination li\u00e9e \u00e0 l&rsquo;\u00e2ge ne peut \u00eatre tol\u00e9r\u00e9e en ce qui ce qui concerne l&rsquo;hospitalisation des personnes \u00e2g\u00e9es.\n<\/p>\n<p style= \"text-align: justify;\">\n&#8211; Ensuite, concernant la prime pour les hospitaliers annonc\u00e9e depuis deux mois. On ne r\u00e9pond pas aux revendications des personnels en mati\u00e8re d\u2019effectifs, de salaires et de conditions de travail, en apportant comme r\u00e9ponse une prime qui sera probablement une usine \u00e0 gaz apportant discriminations et incompr\u00e9hensions. A ce sujet d\u2019ailleurs le d\u00e9cret sur la prime est sorti ce matin et confirme nos inqui\u00e9tudes ( Pour consulter le d\u00e9cret : <a href=\"https:\/\/www.legifrance.gouv.fr\/affichTexte.do?cidTexte=JORFTEXT000041880665&#038;categorieLien=id\"target=\"_blank\">CLIQUER ICI<\/a> )<\/p>\n<p style= \"text-align: justify;\">\n&#8211; Une organisation syndicale est intervenue en expliquant que ce qui l&rsquo;inqui\u00e9tait le plus c&rsquo;\u00e9tait la fracture num\u00e9rique. Nous, nous sommes intervenus en expliquant que ce qui nous inqui\u00e9tait particuli\u00e8rement c&rsquo;est la fracture sociale et l&rsquo;\u00e9volution actuelle de notre soci\u00e9t\u00e9 notamment en termes de casse du droit du travail ainsi que de casse des libert\u00e9s individuelles et collectives.\n<\/p>\n<p style= \"text-align: justify;\">\n&#8211; Certaines organisations sont intervenues par rapport \u00e0 l&rsquo;acc\u00e9l\u00e9ration de la mise en place du t\u00e9l\u00e9travail, ont demand\u00e9 un maintien de cette \u00e9volution apr\u00e8s la crise et ont expliqu\u00e9 que cela offrait plus de libert\u00e9s. Nous sommes intervenus pour expliquer que ce n&rsquo;est pas forc\u00e9ment plus de libert\u00e9s (on en gagne d&rsquo;un c\u00f4t\u00e9, on en perd d&rsquo;un autre) et qu&rsquo;il fallait se poser les bonnes questions : quels sont les objectifs recherch\u00e9s ? Le cadre est-il assez protecteur et s\u00e9curis\u00e9 pour les salari\u00e9s ? Quels sont les points de vigilances ou les risques de d\u00e9rives, et comment on y r\u00e9pond ? De nombreuses \u00e9volutions vont tr\u00e8s vite en utilisant des nouvelles technologies mais derri\u00e8re il manque des cadres protecteurs, il manque des d\u00e9bats publics sur ces nouvelles questions et il y a des flous juridiques \u00e0 combler.\n<\/p>\n<p style= \"text-align: justify;\">\n&#8211; Ensuite, nous avons demand\u00e9 la fin de cet \u00e9tat d&rsquo;urgence sanitaire, la fin de cette casse du code du travail. Et nous avons rappel\u00e9 la situation de 2015 o\u00f9 les mesures d&rsquo;\u00e9tat d&rsquo;urgence provisoire avaient \u00e9t\u00e9 renouvel\u00e9es plusieurs fois afin d&rsquo;\u00eatre entr\u00e9es dans le droit commun, puis ensuite ont \u00e9t\u00e9 d\u00e9tourn\u00e9es de leur objectif initial. Et avec ce gouvernement nous sommes particuli\u00e8rement inquiets.\n<\/p>\n<p style= \"text-align: justify;\">\n&#8211; Nous devons continuer \u00e0 mettre la pression comme sur la mise en place des \u00ab\u00a0brigades d&rsquo;anges gardiens\u00a0\u00bb. L\u00e0, le Conseil d&rsquo;Etat vient d&rsquo;annuler certaines dispositions. Maintenant, il faudrait aller vers l&rsquo;annulation totale de cette mesure qui prend la forme  d&rsquo;un contr\u00f4le social des populations.\n<\/p>\n<p style= \"text-align: justify;\">\n&#8211; Pour conclure, nous avons rappel\u00e9 que toutes nos revendications d&rsquo;avant crise (effectifs, r\u00e9mun\u00e9rations, conditions de travail, services publics, protection sociale, d\u00e9mocratie&#8230;) sont plus que jamais d&rsquo;actualit\u00e9, puisque la crise actuelle les a rendu encore plus l\u00e9gitimes, davantage de citoyens ont compris qu&rsquo;elles \u00e9taient indispensables, et qu&rsquo;il y a urgence \u00e0 y r\u00e9pondre.\n<\/p>\n<p style= \"text-align: justify;\">\n>> 2) CONCERNANT LA LUTTE AUX URGENCES DE SISTERON ET LE RASSEMBLEMENT DU 18 MAI\n<\/p>\n<p style= \"text-align: justify;\">\nNous sommes dans une phase de pr\u00e9paration afin d\u2019organiser au mieux une reprise progressive de notre activit\u00e9 revendicative. Nous travaillons notamment sur des propositions concr\u00e8tes pour l\u2019apr\u00e8s. Nous travaillons sur de nombreuses probl\u00e9matiques induites par la gestion catastrophique de la crise. Cependant nous ferons le n\u00e9cessaire pour soutenir au mieux les luttes en cours.\n<\/p>\n<p style= \"text-align: justify;\">\nAinsi, dans ce cadre,  nous serons pr\u00e9sents lundi soir (18 mai) \u00e0 20h00 devant les urgences de Sisteron pour continuer d\u2019exiger la r\u00e9ouverture des urgences 24h\/24 et 7 jours\/7.\n<\/p>\n<p style= \"text-align: justify;\">\n>> 3) ACTIONS A VENIR\n<\/p>\n<p style= \"text-align: justify;\">\n&#8211; Une action initi\u00e9e par la CGT Sant\u00e9 et Action Sociale PACA est en pr\u00e9paration. Elle sera d\u00e9clin\u00e9e dans les diff\u00e9rents d\u00e9partements de la r\u00e9gion\u2026 Ce sera le mardi 26 mai. Nous invitons toutes les forces progressistes \u00e0 y participer. Nous apporterons des pr\u00e9cisions dans les prochains jours sur les modalit\u00e9s exactes.<br \/>\nCar c\u2019est maintenant que des d\u00e9cisions doivent \u00eatre prises pour soutenir et d\u00e9velopper le syst\u00e8me de sant\u00e9 et les salari\u00e9s qui y travaillent !\n<\/p>\n<p style= \"text-align: justify;\">\n&#8211; Une journ\u00e9e nationale devrait \u00eatre organis\u00e9e mi-juin, probablement le mardi 16 juin (date \u00e0 confirmer).\n<\/p>\n<p style= \"text-align: justify;\">\n&#8211; Une autre journ\u00e9e nationale devrait \u00eatre organis\u00e9e mi-juillet, probablement le 14 juillet, o\u00f9 E. Macron veut remettre des m\u00e9dailles aux soignants\u2026 Annonce qui ne fait qu\u2019amplifier la col\u00e8re des hospitaliers comme le foss\u00e9 qui se creuse entre un pouvoir politique et un peuple.\n<\/p>\n<p style= \"text-align: justify;\">\nBon courage, Bon week-end et bonnes luttes !\n<\/p>\n<p style= \"text-align: justify;\">\n>> Pour voir l\u2019article paru dans le magazine \u00ab Viva \u00bb ainsi que sur leur site Internet lundi 11 mai : <a href=\"https:\/\/www.vivamagazine.fr\/cedric-volait-les-moyens-doivent-etre-calcules-en-fonction-des-besoins\/\"target=\"_blank\">CLIQUER ICI<\/a>\n<\/p>\n<p style= \"text-align: justify;\">\n>> Ci-joint l\u2019article du journal \u00ab Le Dauphin\u00e9 Lib\u00e9r\u00e9 \u00bb d&rsquo;hier matin :<br \/>\n<a href=\"http:\/\/www.cgt-hopital-manosque.fr\/wp-content\/uploads\/2020\/05\/1262.-Article-Le-Dauphin\u00e9-du-15-mai-2020.png\"><img loading=\"lazy\" decoding=\"async\" src=\"http:\/\/www.cgt-hopital-manosque.fr\/wp-content\/uploads\/2020\/05\/1262.-Article-Le-Dauphin\u00e9-du-15-mai-2020.png\" alt=\"Article Le Dauphin\u00e9 du 15 mai 2020\" width=\"574\" height=\"486\" class=\"aligncenter size-full wp-image-7737\" srcset=\"http:\/\/www.cgt-hopital-manosque.fr\/wp-content\/uploads\/2020\/05\/1262.-Article-Le-Dauphin\u00e9-du-15-mai-2020.png 574w, http:\/\/www.cgt-hopital-manosque.fr\/wp-content\/uploads\/2020\/05\/1262.-Article-Le-Dauphin\u00e9-du-15-mai-2020-300x254.png 300w\" sizes=\"(max-width: 574px) 100vw, 574px\" \/><\/a>\n<\/p>\n<p><\/strong><\/p>\n<p style= \"text-align: justify;\">\n","protected":false},"excerpt":{"rendered":"<p>>> 1) CONCERNANT LA REUNION DE MARDI AVEC LE PREFET Depuis le d\u00e9but de la crise, on est matraqu\u00e9 d&rsquo;informations qui sont en fait des mots d&rsquo;ordre. Ce n&rsquo;est pas un ph\u00e9nom\u00e8ne nouveau mais il est particuli\u00e8rement mis en lumi\u00e8re depuis quelques semaines. Le pouvoir en place et ses relais institutionnels ou m\u00e9diatiques demandent deux [&hellip;]<\/p>\n","protected":false},"author":1,"featured_media":0,"comment_status":"closed","ping_status":"closed","sticky":false,"template":"","format":"standard","meta":{"footnotes":""},"categories":[7],"tags":[],"views":897,"_links":{"self":[{"href":"http:\/\/www.cgt-hopital-manosque.fr\/index.php?rest_route=\/wp\/v2\/posts\/7735"}],"collection":[{"href":"http:\/\/www.cgt-hopital-manosque.fr\/index.php?rest_route=\/wp\/v2\/posts"}],"about":[{"href":"http:\/\/www.cgt-hopital-manosque.fr\/index.php?rest_route=\/wp\/v2\/types\/post"}],"author":[{"embeddable":true,"href":"http:\/\/www.cgt-hopital-manosque.fr\/index.php?rest_route=\/wp\/v2\/users\/1"}],"replies":[{"embeddable":true,"href":"http:\/\/www.cgt-hopital-manosque.fr\/index.php?rest_route=%2Fwp%2Fv2%2Fcomments&post=7735"}],"version-history":[{"count":6,"href":"http:\/\/www.cgt-hopital-manosque.fr\/index.php?rest_route=\/wp\/v2\/posts\/7735\/revisions"}],"predecessor-version":[{"id":7742,"href":"http:\/\/www.cgt-hopital-manosque.fr\/index.php?rest_route=\/wp\/v2\/posts\/7735\/revisions\/7742"}],"wp:attachment":[{"href":"http:\/\/www.cgt-hopital-manosque.fr\/index.php?rest_route=%2Fwp%2Fv2%2Fmedia&parent=7735"}],"wp:term":[{"taxonomy":"category","embeddable":true,"href":"http:\/\/www.cgt-hopital-manosque.fr\/index.php?rest_route=%2Fwp%2Fv2%2Fcategories&post=7735"},{"taxonomy":"post_tag","embeddable":true,"href":"http:\/\/www.cgt-hopital-manosque.fr\/index.php?rest_route=%2Fwp%2Fv2%2Ftags&post=7735"}],"curies":[{"name":"wp","href":"https:\/\/api.w.org\/{rel}","templated":true}]}}