{"id":776,"date":"2012-09-28T08:45:01","date_gmt":"2012-09-28T08:45:01","guid":{"rendered":"http:\/\/www.cgt-hopital-manosque.fr\/?p=776"},"modified":"2012-09-28T08:48:20","modified_gmt":"2012-09-28T08:48:20","slug":"28-septembre-2012-pourquoi-la-cgt-dit-non-au-traite-europeen-tscg-traite-de-stabilite-de-coordination-et-de-gouvernance","status":"publish","type":"post","link":"http:\/\/www.cgt-hopital-manosque.fr\/?p=776","title":{"rendered":"28 septembre 2012 &#8211; Pourquoi la CGT dit NON au trait\u00e9 europ\u00e9en TSCG (Trait\u00e9 de Stabilit\u00e9, de Coordination et de Gouvernance)"},"content":{"rendered":"<p style= \"text-align: justify;\">\nNous refusons le pacte budg\u00e9taire, nous refusons l&rsquo;aust\u00e9rit\u00e9 et nous appelons \u00e0 une grande manifestation le 30 septembre 2012.<br \/>\nEn effet, ce trait\u00e9 constitue un crime contre la d\u00e9mocratie et une attaque contre l&rsquo;\u00e9conomie europ\u00e9enne.<br \/>\nPourquoi le contenu exact de ce trait\u00e9 est cach\u00e9 aux fran\u00e7ais ? Pourquoi aucun d\u00e9bat n&rsquo;est organis\u00e9 \u00e0 son sujet ? Car il s&rsquo;agit d&rsquo;un trait\u00e9 d&rsquo;aust\u00e9rit\u00e9, fixant des r\u00e8gles drastiques. Pourquoi la commission de Bruxelles d\u00e9ciderait des orientations budg\u00e9taires de notre pays ? Elle n&rsquo;est pas \u00e9lue et n&rsquo;a aucune l\u00e9gitimit\u00e9&#8230; il s&rsquo;agit d&rsquo;une perte de souverainet\u00e9. Elle n&rsquo;est pas \u00e9lue au suffrage universel et pourrait nous infliger des sanctions importantes. <\/p>\n<p>Si l&rsquo;Europe contr\u00f4le notre budget, quelles seront les cons\u00e9quences ? Les cons\u00e9quences seront certainement visibles au sein de notre service public. Les h\u00f4pitaux seront certainement touch\u00e9s avec \u00e0 terme des r\u00e9ductions de cr\u00e9dits. Ce trait\u00e9 pr\u00f4ne la r\u00e9duction des d\u00e9penses publiques et pousse \u00e0 la privatisation. <\/p>\n<p>Quelles seront les cons\u00e9quences dans le domaine social ? Ce trait\u00e9 antisocial pr\u00f4ne la discipline au d\u00e9triment de la solidarit\u00e9. Tout accroissement des d\u00e9penses pour r\u00e9pondre aux besoins sociaux serait difficile sinon interdit. Avec ce trait\u00e9, le nouveau gouvernement fran\u00e7ais n&rsquo;aurait pas pu faire adopter la mesure sur le d\u00e9part \u00e0 la retraite \u00e0 60 ans des salari\u00e9s ayant effectu\u00e9 des carri\u00e8res longues. En cas d&rsquo;adoption de ce trait\u00e9, les instances europ\u00e9ennes pourraient mettre en cause les r\u00e9sultats de la n\u00e9gociation sociale. C&rsquo;est la douloureuse exp\u00e9rience d\u00e9j\u00e0 v\u00e9cue par les salari\u00e9s grecs, espagnols, italiens. La bataille revendicative et la n\u00e9gociation sociale seraient encore plus difficiles.<\/p>\n<p>Pourquoi la r\u00e8gle d&rsquo;or impos\u00e9e par ce trait\u00e9e est irr\u00e9aliste ? Avant m\u00eame la crise, les \u00e9tats membres de l&rsquo;Union Europ\u00e9enne n&rsquo;arrivaient pas \u00e0 respecter la r\u00e8gle des 3% de d\u00e9ficit de leur PIB. Et l\u00e0, le trait\u00e9 de stabilit\u00e9, de coordination et de gouvernance (TSCG) interdirait tout d\u00e9ficit sup\u00e9rieur \u00e0 0,5 % du PIB. L&rsquo;Espagne a d\u00e9j\u00e0 averti qu&rsquo;elle ne ferait pas mieux que 5,8% de d\u00e9ficit. Ainsi, cela repr\u00e9senterait des dizaines de milliards d&rsquo;euros de coupe sur le budget de notre pays.<\/p>\n<p>Quel pays a d\u00e9j\u00e0 test\u00e9 une telle politique drastique ? La Gr\u00e8ce depuis plusieurs ann\u00e9es l&rsquo;a test\u00e9. Quelles en sont les cons\u00e9quences ?  Elle n&rsquo;a fait que s&rsquo;enfoncer un peu plus chaque jour vers la crise, avec plus aucun espoir de relancer l&rsquo;activit\u00e9 \u00e9conomique.<\/p>\n<p>La CGT demande aux parlementaires fran\u00e7ais de ne pas ratifier ce trait\u00e9 et de se battre pour la mise en \u0153uvre du contrat social propos\u00e9 par l&rsquo;ensemble des conf\u00e9d\u00e9rations europ\u00e9ennes r\u00e9unies au sein de la CES.<br \/>\nPour s&rsquo;opposer \u00e0 ce projet tr\u00e8s n\u00e9faste nous pouvons agir :<\/p>\n<p>&#8211; signons la p\u00e9tition initi\u00e9e par la CGT \u00ab pour une Europe vraiment sociale \u00bb.<\/p>\n<p>&#8211; inscrivons-nous dans toutes les initiatives organis\u00e9es en r\u00e9gion pour inciter les parlementaires \u00e0 ne pas voter le TSCG.<\/p>\n<p>&#8211; participons massivement \u00e0 la manifestation unitaire \u00ab pour une Europe solidaire et dire non au Trait\u00e9 d\u2019aust\u00e9rit\u00e9 \u00bb organis\u00e9e \u00e0 Paris le dimanche 30 septembre, d\u00e9part 13 h 30 de Nation.<\/p>\n","protected":false},"excerpt":{"rendered":"<p>Nous refusons le pacte budg\u00e9taire, nous refusons l&rsquo;aust\u00e9rit\u00e9 et nous appelons \u00e0 une grande manifestation le 30 septembre 2012. En effet, ce trait\u00e9 constitue un crime contre la d\u00e9mocratie et une attaque contre l&rsquo;\u00e9conomie europ\u00e9enne. Pourquoi le contenu exact de ce trait\u00e9 est cach\u00e9 aux fran\u00e7ais ? Pourquoi aucun d\u00e9bat n&rsquo;est organis\u00e9 \u00e0 son sujet [&hellip;]<\/p>\n","protected":false},"author":1,"featured_media":0,"comment_status":"closed","ping_status":"open","sticky":false,"template":"","format":"standard","meta":{"footnotes":""},"categories":[8],"tags":[],"views":2022,"_links":{"self":[{"href":"http:\/\/www.cgt-hopital-manosque.fr\/index.php?rest_route=\/wp\/v2\/posts\/776"}],"collection":[{"href":"http:\/\/www.cgt-hopital-manosque.fr\/index.php?rest_route=\/wp\/v2\/posts"}],"about":[{"href":"http:\/\/www.cgt-hopital-manosque.fr\/index.php?rest_route=\/wp\/v2\/types\/post"}],"author":[{"embeddable":true,"href":"http:\/\/www.cgt-hopital-manosque.fr\/index.php?rest_route=\/wp\/v2\/users\/1"}],"replies":[{"embeddable":true,"href":"http:\/\/www.cgt-hopital-manosque.fr\/index.php?rest_route=%2Fwp%2Fv2%2Fcomments&post=776"}],"version-history":[{"count":4,"href":"http:\/\/www.cgt-hopital-manosque.fr\/index.php?rest_route=\/wp\/v2\/posts\/776\/revisions"}],"predecessor-version":[{"id":780,"href":"http:\/\/www.cgt-hopital-manosque.fr\/index.php?rest_route=\/wp\/v2\/posts\/776\/revisions\/780"}],"wp:attachment":[{"href":"http:\/\/www.cgt-hopital-manosque.fr\/index.php?rest_route=%2Fwp%2Fv2%2Fmedia&parent=776"}],"wp:term":[{"taxonomy":"category","embeddable":true,"href":"http:\/\/www.cgt-hopital-manosque.fr\/index.php?rest_route=%2Fwp%2Fv2%2Fcategories&post=776"},{"taxonomy":"post_tag","embeddable":true,"href":"http:\/\/www.cgt-hopital-manosque.fr\/index.php?rest_route=%2Fwp%2Fv2%2Ftags&post=776"}],"curies":[{"name":"wp","href":"https:\/\/api.w.org\/{rel}","templated":true}]}}