{"id":7766,"date":"2020-05-31T06:24:24","date_gmt":"2020-05-31T06:24:24","guid":{"rendered":"http:\/\/www.cgt-hopital-manosque.fr\/?p=7766"},"modified":"2020-05-31T06:25:10","modified_gmt":"2020-05-31T06:25:10","slug":"31-mai-2020-pour-la-cgt-sante-et-action-sociale-paca-le-2-juin-toutes-les-raisons-de-maintenir-la-pression","status":"publish","type":"post","link":"http:\/\/www.cgt-hopital-manosque.fr\/?p=7766","title":{"rendered":"31 mai 2020 &#8211; Pour la CGT Sant\u00e9 et Action Sociale PACA &#8211; Le 2 juin, toutes les raisons de maintenir la pression"},"content":{"rendered":"<p><a href=\"http:\/\/www.cgt-hopital-manosque.fr\/wp-content\/uploads\/2020\/05\/1264.-Rassemblement-gr\u00e8ve-soignants-S\u00e9gur-de-la-Sant\u00e9.jpg\"><img loading=\"lazy\" decoding=\"async\" src=\"http:\/\/www.cgt-hopital-manosque.fr\/wp-content\/uploads\/2020\/05\/1264.-Rassemblement-gr\u00e8ve-soignants-S\u00e9gur-de-la-Sant\u00e9.jpg\" alt=\"Rassemblement gr\u00e8ve soignants S\u00e9gur de la Sant\u00e9\" width=\"2048\" height=\"1152\" class=\"aligncenter size-full wp-image-7767\" srcset=\"http:\/\/www.cgt-hopital-manosque.fr\/wp-content\/uploads\/2020\/05\/1264.-Rassemblement-gr\u00e8ve-soignants-S\u00e9gur-de-la-Sant\u00e9.jpg 2048w, http:\/\/www.cgt-hopital-manosque.fr\/wp-content\/uploads\/2020\/05\/1264.-Rassemblement-gr\u00e8ve-soignants-S\u00e9gur-de-la-Sant\u00e9-300x169.jpg 300w, http:\/\/www.cgt-hopital-manosque.fr\/wp-content\/uploads\/2020\/05\/1264.-Rassemblement-gr\u00e8ve-soignants-S\u00e9gur-de-la-Sant\u00e9-1024x576.jpg 1024w\" sizes=\"(max-width: 2048px) 100vw, 2048px\" \/><\/a><\/p>\n<p><strong><\/p>\n<p style= \"text-align: justify;\">\nBonjour,<br \/>\nFace \u00e0 un d\u00e9sengagement de l&rsquo;Etat et une gestion \u00e0 la carte des territoires ou des \u00e9tablissements conduisant \u00e0 une mise en concurrence g\u00e9n\u00e9ralis\u00e9e et \u00e0 un renforcement de l&rsquo;individualisme, ce qui est tr\u00e8s important aujourd\u2019hui c\u2019est la question de l\u2019unit\u00e9. Car en face, ils travaillent \u00e0 la question de la division. On sort d\u2019une p\u00e9riode o\u00f9 l\u2019unit\u00e9 s\u2019est renforc\u00e9e entre hospitaliers dans de nombreux sites d\u2019apr\u00e8s les retours que nous avons. Ce renforcement de l\u2019unit\u00e9\u2026 dans notre travail, on n\u2019en a besoin&#8230;en tant qu\u2019humain, on en a besoin&#8230; et pour obtenir des avanc\u00e9es, on en aura besoin !\n<\/p>\n<p style= \"text-align: justify;\">\nOn l&rsquo;a vu ces  derniers jours avec la prime Covid o\u00f9 des \u00e9tablissements ont 1500 euros d&rsquo;autres ont 500 sans que les directions puissent expliquer les raisons de cette in\u00e9galit\u00e9 de traitement. En cette fin de semaine nous avons re\u00e7u de nombreuses questions d&rsquo;agents qui nous questionnaient \u00e9galement sur l&rsquo;in\u00e9gal traitement lors des A.S.A.\n<\/p>\n<p style= \"text-align: justify;\">\nEn effet, la m\u00e9decine du travail a mis en ASA (Autorisation Sp\u00e9ciale d&rsquo;Absence) les personnels fragiles. Maintenant, on voit des \u00e9tablissements o\u00f9 ils ont droit \u00e0 la prime, d&rsquo;autres o\u00f9 ils n&rsquo;ont pas droit. Idem pour les EHPAD rattach\u00e9s aux h\u00f4pitaux : il y a des directions qui leur donnent la prime, d&rsquo;autres non. C&rsquo;est une confusion g\u00e9n\u00e9rale qui entretient une col\u00e8re grandissante. Et que dire des personnels du priv\u00e9 qui n&rsquo;ont toujours rien eu. Aucun texte n&rsquo;est sorti \u00e0 ce jour alors que nous avons tous les m\u00eames m\u00e9tiers !\n<\/p>\n<p style= \"text-align: justify;\">\nAvant m\u00eame la sortie de la prime, nous alertions sur les risques de petits arrangements entre amis d&rsquo;une telle gestion \u00ab\u00a0\u00e0 la carte\u00a0\u00bb. L&rsquo;article de Nice matin d&rsquo;hier confirme encore cela puisqu&rsquo;un D\u00e9put\u00e9 LREM explique qu&rsquo;il a r\u00e9ussi \u00e0 obtenir la prime \u00e0 1500 euros pour les soignants de l&rsquo;h\u00f4pital de Grasse dont le d\u00e9cret pr\u00e9voyait 500 euros. Mais, on note plusieurs situations similaires dans le territoire national.\n<\/p>\n<p style= \"text-align: justify;\">\nConcernant les \u00ab\u00a0S\u00e9gur de la sant\u00e9\u00a0\u00bb, les hospitaliers sont tr\u00e8s septiques. Ils sont \u00e9galement tr\u00e8s attentifs aux contreparties qui pourraient leur \u00eatre demand\u00e9es.\n<\/p>\n<p style= \"text-align: justify;\">\nCe qui est surtout revenu dans les initiatives du mardi 26 mai, lors des prises de paroles d&rsquo;hospitaliers, c&rsquo;est l\u2019urgence d\u2019avoir des mesures imm\u00e9diates sur :<br \/>\n&#8211; Des augmentations de salaire imm\u00e9diates pour tous avec une augmentation imm\u00e9diate du point d\u2019indice<br \/>\n&#8211; Des embauches pour pouvoir prendre ses cong\u00e9s d&rsquo;\u00e9t\u00e9, pour arr\u00eater de fermer des lits, et pour arr\u00eater de se tuer \u00e0 la t\u00e2che&#8230;\n<\/p>\n<p style= \"text-align: justify;\">\nC&rsquo;est pourquoi il est primordial de maintenir la pression le mardi 2 juin dans toute la r\u00e9gion, et partout ailleurs !\n<\/p>\n<p style= \"text-align: justify;\">\nDe nombreuses initiatives sont encore pr\u00e9vues : \u00e0 11h00 devant l&rsquo;ARS \u00e0 Marseille, \u00e0 14h30 \u00e0 Digne avec une rencontre en Pr\u00e9fecture (avec plusieurs forces progressistes du d\u00e9partement), \u00e0 Nice \u00e0 11h30 sur le Parvis de l&rsquo;h\u00f4pital de Pasteur, \u00e0 12h00 devant le Self de l&rsquo;h\u00f4pital de Cimiez, \u00e0 13h30 sur le quai de livraison de l&rsquo;h\u00f4pital de L&rsquo;Archet, devant l&rsquo;h\u00f4pital de Grasse \u00e0 11h30, \u00e0 Draguignan \u00e0 16h30 devant l&rsquo;EHPAD du Malmont, \u00e0 19h30 devant l&rsquo;h\u00f4pital g\u00e9riatrique Cl\u00e9menceau \u00e0 Toulon, \u00e0 11h00 devant l&rsquo;entr\u00e9e de l&rsquo;h\u00f4pital d&rsquo;Avignon&#8230;\n<\/p>\n<p style= \"text-align: justify;\">\nBon Courage et bonnes luttes !!!\n<\/p>\n<p style= \"text-align: justify;\">\n>> Ci-joint le communiqu\u00e9 de presse de la coordination R\u00e9gionale CGT Sant\u00e9 et Action Sociale PACA du 29 mai 2020 : <a href=\"http:\/\/www.cgt-hopital-manosque.fr\/wp-content\/uploads\/2020\/05\/1264.-Communiqu\u00e9-Coordination-R\u00e9gionale-CGT-PACA-pour-le-2-juin-2020.pdf\">CLIQUER ICI<\/a><\/p>\n<p style= \"text-align: justify;\">\n>> Ci-joint le tract du syndicat CGT APHM des H\u00f4pitaux de Marseille : <a href=\"http:\/\/www.cgt-hopital-manosque.fr\/wp-content\/uploads\/2020\/05\/1264.-Tract-CGT-APHM-pour-le-2-juin-2020.pdf\">CLIQUER ICI<\/a>\n<\/p>\n<p style= \"text-align: justify;\">\n>> Ci-joint le tract CGT de l&rsquo;h\u00f4pital de l&rsquo;Archet \u00e0 Nice : <a href=\"http:\/\/www.cgt-hopital-manosque.fr\/wp-content\/uploads\/2020\/05\/1264.-Tract-CGT-LArchet-\u00e0-Nice.pdf\">CLIQUER ICI<\/a>\n<\/p>\n<p style= \"text-align: justify;\">\n>> Ci-joint quelques articles de presse re\u00e7us suite \u00e0 la journ\u00e9e d&rsquo;action du 26 mai dans la r\u00e9gion : <a href=\"http:\/\/www.cgt-hopital-manosque.fr\/wp-content\/uploads\/2020\/05\/1264.-Quelques-articles-de-presse-du-26-mai-2020.pdf\">CLIQUER ICI<\/a>\n<\/p>\n<p><\/strong><\/p>\n<p style= \"text-align: justify;\">\n","protected":false},"excerpt":{"rendered":"<p>Bonjour, Face \u00e0 un d\u00e9sengagement de l&rsquo;Etat et une gestion \u00e0 la carte des territoires ou des \u00e9tablissements conduisant \u00e0 une mise en concurrence g\u00e9n\u00e9ralis\u00e9e et \u00e0 un renforcement de l&rsquo;individualisme, ce qui est tr\u00e8s important aujourd\u2019hui c\u2019est la question de l\u2019unit\u00e9. Car en face, ils travaillent \u00e0 la question de la division. On sort [&hellip;]<\/p>\n","protected":false},"author":1,"featured_media":0,"comment_status":"closed","ping_status":"closed","sticky":false,"template":"","format":"standard","meta":{"footnotes":""},"categories":[7],"tags":[],"views":930,"_links":{"self":[{"href":"http:\/\/www.cgt-hopital-manosque.fr\/index.php?rest_route=\/wp\/v2\/posts\/7766"}],"collection":[{"href":"http:\/\/www.cgt-hopital-manosque.fr\/index.php?rest_route=\/wp\/v2\/posts"}],"about":[{"href":"http:\/\/www.cgt-hopital-manosque.fr\/index.php?rest_route=\/wp\/v2\/types\/post"}],"author":[{"embeddable":true,"href":"http:\/\/www.cgt-hopital-manosque.fr\/index.php?rest_route=\/wp\/v2\/users\/1"}],"replies":[{"embeddable":true,"href":"http:\/\/www.cgt-hopital-manosque.fr\/index.php?rest_route=%2Fwp%2Fv2%2Fcomments&post=7766"}],"version-history":[{"count":3,"href":"http:\/\/www.cgt-hopital-manosque.fr\/index.php?rest_route=\/wp\/v2\/posts\/7766\/revisions"}],"predecessor-version":[{"id":7780,"href":"http:\/\/www.cgt-hopital-manosque.fr\/index.php?rest_route=\/wp\/v2\/posts\/7766\/revisions\/7780"}],"wp:attachment":[{"href":"http:\/\/www.cgt-hopital-manosque.fr\/index.php?rest_route=%2Fwp%2Fv2%2Fmedia&parent=7766"}],"wp:term":[{"taxonomy":"category","embeddable":true,"href":"http:\/\/www.cgt-hopital-manosque.fr\/index.php?rest_route=%2Fwp%2Fv2%2Fcategories&post=7766"},{"taxonomy":"post_tag","embeddable":true,"href":"http:\/\/www.cgt-hopital-manosque.fr\/index.php?rest_route=%2Fwp%2Fv2%2Ftags&post=7766"}],"curies":[{"name":"wp","href":"https:\/\/api.w.org\/{rel}","templated":true}]}}