{"id":7775,"date":"2020-06-13T13:57:01","date_gmt":"2020-06-13T13:57:01","guid":{"rendered":"http:\/\/www.cgt-hopital-manosque.fr\/?p=7775"},"modified":"2020-06-13T14:05:54","modified_gmt":"2020-06-13T14:05:54","slug":"13-juin-2020-le-16-juin-deconfinons-nos-coleres","status":"publish","type":"post","link":"http:\/\/www.cgt-hopital-manosque.fr\/?p=7775","title":{"rendered":"13 juin 2020 &#8211; Le 16 juin, d\u00e9confinons nos col\u00e8res !"},"content":{"rendered":"<p><strong><\/p>\n<p style= \"text-align: justify;\">\nBonjour,<br \/>\nAlors que le mouvement a commenc\u00e9 il y a 2 ans dans les EHPAD et il y a 1 an dans les h\u00f4pitaux, que nous avons des revendications tr\u00e8s pr\u00e9cises (augmentation de salaires, d\u2019effectifs, de lits\u2026), les milliards sont distribu\u00e9s dans de nombreux secteurs mais pas dans la sant\u00e9 !\n<\/p>\n<p style= \"text-align: justify;\">\n15 milliards pour l\u2019a\u00e9ronautique viennent d\u2019\u00eatre d\u00e9bloqu\u00e9s. On en prend acte. Mais nous avons besoin nous aussi de 15 milliards pour la sant\u00e9 tout de suite notamment pour cr\u00e9er les postes manquants dans les h\u00f4pitaux et les EHPAD, mais \u00e9galement pour rattraper toute la perte de pouvoir d\u2019achat depuis 20 ans pour l\u2019ensemble des m\u00e9tiers de la sant\u00e9 et de l\u2019action sociale et cela imm\u00e9diatement !\n<\/p>\n<p style= \"text-align: justify;\">\nPour la refonte du syst\u00e8me de sant\u00e9, pour la modification des qualifications, et pour tout le reste\u2026 on verra dans un second temps ! Non pas que c\u2019est moins important, mais c\u2019est surtout qu\u2019il y a des d\u00e9bats de fond \u00e0 avoir qu\u2019on ne peut pas b\u00e2cler et aborder seulement en quelques jours.\n<\/p>\n<p style= \"text-align: justify;\">\nNotre calendrier revendicatif doit s\u2019appuyer sur un processus de mobilisation de haut niveau comme sur des revendications pr\u00e9cises et l\u00e9gitimes. C&rsquo;est ce que nous porterons le mardi 16 juin dans le d\u00e9partement, dans toute la r\u00e9gion et partout en France.\n<\/p>\n<p style= \"text-align: justify;\">\nIl est plus que n\u00e9cessaire d&rsquo;obtenir une mobilisation massive et d\u00e9termin\u00e9e pour faire tomber les masques, tomber les \u00e9crans de fum\u00e9e et pour gagner !\n<\/p>\n<p style= \"text-align: justify;\">\nSoyons nombreuses et nombreux !<br \/>\nOn l\u00e2che rien !\n<\/p>\n<p style= \"text-align: justify;\">\nRDV \u00e0 10h00 sur le parking de Gemo (juste \u00e0 c\u00f4t\u00e9 du centre hospitalier de Digne) pour une op\u00e9ration \u00ab\u00a0escargot\u00a0\u00bb jusqu&rsquo;\u00e0 l&rsquo;ARS (si possible en tenue de travail pour \u00eatre identifi\u00e9 en tant que personnel de la sant\u00e9).<br \/>\n+<br \/>\nRassemblement \u00e0 11h00 devant l&rsquo;ARS 04 \u00e0 Digne\n<\/p>\n<p style= \"text-align: justify;\">\n>> Ci-joint le tract de l&rsquo;UD CGT 04 appelant \u00e0 se mobiliser le 16 juin :<br \/>\n<a href=\"http:\/\/www.cgt-hopital-manosque.fr\/wp-content\/uploads\/2020\/06\/1266.-Tract-UD-CGT-04-pour-le-16-juin-2020.jpg\"><img loading=\"lazy\" decoding=\"async\" src=\"http:\/\/www.cgt-hopital-manosque.fr\/wp-content\/uploads\/2020\/06\/1266.-Tract-UD-CGT-04-pour-le-16-juin-2020.jpg\" alt=\"Tract UD CGT 04 pour le 16 juin 2020\" width=\"2481\" height=\"3508\" class=\"aligncenter size-full wp-image-7781\" srcset=\"http:\/\/www.cgt-hopital-manosque.fr\/wp-content\/uploads\/2020\/06\/1266.-Tract-UD-CGT-04-pour-le-16-juin-2020.jpg 2481w, http:\/\/www.cgt-hopital-manosque.fr\/wp-content\/uploads\/2020\/06\/1266.-Tract-UD-CGT-04-pour-le-16-juin-2020-212x300.jpg 212w, http:\/\/www.cgt-hopital-manosque.fr\/wp-content\/uploads\/2020\/06\/1266.-Tract-UD-CGT-04-pour-le-16-juin-2020-724x1024.jpg 724w\" sizes=\"(max-width: 2481px) 100vw, 2481px\" \/><\/a>\n<\/p>\n<p><\/strong><\/p>\n<p style= \"text-align: justify;\">\n","protected":false},"excerpt":{"rendered":"<p>Bonjour, Alors que le mouvement a commenc\u00e9 il y a 2 ans dans les EHPAD et il y a 1 an dans les h\u00f4pitaux, que nous avons des revendications tr\u00e8s pr\u00e9cises (augmentation de salaires, d\u2019effectifs, de lits\u2026), les milliards sont distribu\u00e9s dans de nombreux secteurs mais pas dans la sant\u00e9 ! 15 milliards pour l\u2019a\u00e9ronautique [&hellip;]<\/p>\n","protected":false},"author":1,"featured_media":0,"comment_status":"closed","ping_status":"closed","sticky":false,"template":"","format":"standard","meta":{"footnotes":""},"categories":[7],"tags":[],"views":890,"_links":{"self":[{"href":"http:\/\/www.cgt-hopital-manosque.fr\/index.php?rest_route=\/wp\/v2\/posts\/7775"}],"collection":[{"href":"http:\/\/www.cgt-hopital-manosque.fr\/index.php?rest_route=\/wp\/v2\/posts"}],"about":[{"href":"http:\/\/www.cgt-hopital-manosque.fr\/index.php?rest_route=\/wp\/v2\/types\/post"}],"author":[{"embeddable":true,"href":"http:\/\/www.cgt-hopital-manosque.fr\/index.php?rest_route=\/wp\/v2\/users\/1"}],"replies":[{"embeddable":true,"href":"http:\/\/www.cgt-hopital-manosque.fr\/index.php?rest_route=%2Fwp%2Fv2%2Fcomments&post=7775"}],"version-history":[{"count":4,"href":"http:\/\/www.cgt-hopital-manosque.fr\/index.php?rest_route=\/wp\/v2\/posts\/7775\/revisions"}],"predecessor-version":[{"id":7785,"href":"http:\/\/www.cgt-hopital-manosque.fr\/index.php?rest_route=\/wp\/v2\/posts\/7775\/revisions\/7785"}],"wp:attachment":[{"href":"http:\/\/www.cgt-hopital-manosque.fr\/index.php?rest_route=%2Fwp%2Fv2%2Fmedia&parent=7775"}],"wp:term":[{"taxonomy":"category","embeddable":true,"href":"http:\/\/www.cgt-hopital-manosque.fr\/index.php?rest_route=%2Fwp%2Fv2%2Fcategories&post=7775"},{"taxonomy":"post_tag","embeddable":true,"href":"http:\/\/www.cgt-hopital-manosque.fr\/index.php?rest_route=%2Fwp%2Fv2%2Ftags&post=7775"}],"curies":[{"name":"wp","href":"https:\/\/api.w.org\/{rel}","templated":true}]}}