{"id":7776,"date":"2020-06-13T13:55:13","date_gmt":"2020-06-13T13:55:13","guid":{"rendered":"http:\/\/www.cgt-hopital-manosque.fr\/?p=7776"},"modified":"2020-06-13T13:55:13","modified_gmt":"2020-06-13T13:55:13","slug":"12-juin-2020-4-exigences-et-12-propositions-cgt-sante-et-action-sociale","status":"publish","type":"post","link":"http:\/\/www.cgt-hopital-manosque.fr\/?p=7776","title":{"rendered":"12 juin 2020 &#8211; 4 Exigences et 12 propositions CGT Sant\u00e9 et Action Sociale"},"content":{"rendered":"<p><a href=\"http:\/\/www.cgt-hopital-manosque.fr\/wp-content\/uploads\/2020\/06\/1265.-4-exigences-12-propositions-CGT-Sant\u00e9.jpg\"><img loading=\"lazy\" decoding=\"async\" src=\"http:\/\/www.cgt-hopital-manosque.fr\/wp-content\/uploads\/2020\/06\/1265.-4-exigences-12-propositions-CGT-Sant\u00e9.jpg\" alt=\"4 exigences, 12 propositions CGT Sant\u00e9\" width=\"643\" height=\"905\" class=\"aligncenter size-full wp-image-7777\" srcset=\"http:\/\/www.cgt-hopital-manosque.fr\/wp-content\/uploads\/2020\/06\/1265.-4-exigences-12-propositions-CGT-Sant\u00e9.jpg 643w, http:\/\/www.cgt-hopital-manosque.fr\/wp-content\/uploads\/2020\/06\/1265.-4-exigences-12-propositions-CGT-Sant\u00e9-213x300.jpg 213w\" sizes=\"(max-width: 643px) 100vw, 643px\" \/><\/a><\/p>\n<p><strong><\/p>\n<p style= \"text-align: justify;\">\n>> Ci-joint le document \u00ab 4 Exigences \u2013 12 Propositions \u00bb que nous avons r\u00e9alis\u00e9 dans notre groupe de travail national au mois de mai. Vous trouverez dans ce document une synth\u00e8se des propositions que la CGT porte en termes de d\u00e9veloppement d\u2019un grand service public de Sant\u00e9 et d\u2019Action Sociale : <a href=\"http:\/\/www.cgt-hopital-manosque.fr\/wp-content\/uploads\/2020\/06\/1265.-4-exigences-12-propositions-CGT-Sant\u00e9.pdf\">CLIQUER ICI<\/a>\n<\/p>\n<p><\/strong><\/p>\n<p style= \"text-align: justify;\">\n","protected":false},"excerpt":{"rendered":"<p>>> Ci-joint le document \u00ab 4 Exigences \u2013 12 Propositions \u00bb que nous avons r\u00e9alis\u00e9 dans notre groupe de travail national au mois de mai. Vous trouverez dans ce document une synth\u00e8se des propositions que la CGT porte en termes de d\u00e9veloppement d\u2019un grand service public de Sant\u00e9 et d\u2019Action Sociale : CLIQUER ICI<\/p>\n","protected":false},"author":1,"featured_media":0,"comment_status":"closed","ping_status":"closed","sticky":false,"template":"","format":"standard","meta":{"footnotes":""},"categories":[8],"tags":[],"views":1116,"_links":{"self":[{"href":"http:\/\/www.cgt-hopital-manosque.fr\/index.php?rest_route=\/wp\/v2\/posts\/7776"}],"collection":[{"href":"http:\/\/www.cgt-hopital-manosque.fr\/index.php?rest_route=\/wp\/v2\/posts"}],"about":[{"href":"http:\/\/www.cgt-hopital-manosque.fr\/index.php?rest_route=\/wp\/v2\/types\/post"}],"author":[{"embeddable":true,"href":"http:\/\/www.cgt-hopital-manosque.fr\/index.php?rest_route=\/wp\/v2\/users\/1"}],"replies":[{"embeddable":true,"href":"http:\/\/www.cgt-hopital-manosque.fr\/index.php?rest_route=%2Fwp%2Fv2%2Fcomments&post=7776"}],"version-history":[{"count":1,"href":"http:\/\/www.cgt-hopital-manosque.fr\/index.php?rest_route=\/wp\/v2\/posts\/7776\/revisions"}],"predecessor-version":[{"id":7779,"href":"http:\/\/www.cgt-hopital-manosque.fr\/index.php?rest_route=\/wp\/v2\/posts\/7776\/revisions\/7779"}],"wp:attachment":[{"href":"http:\/\/www.cgt-hopital-manosque.fr\/index.php?rest_route=%2Fwp%2Fv2%2Fmedia&parent=7776"}],"wp:term":[{"taxonomy":"category","embeddable":true,"href":"http:\/\/www.cgt-hopital-manosque.fr\/index.php?rest_route=%2Fwp%2Fv2%2Fcategories&post=7776"},{"taxonomy":"post_tag","embeddable":true,"href":"http:\/\/www.cgt-hopital-manosque.fr\/index.php?rest_route=%2Fwp%2Fv2%2Ftags&post=7776"}],"curies":[{"name":"wp","href":"https:\/\/api.w.org\/{rel}","templated":true}]}}