{"id":7787,"date":"2020-06-23T17:55:36","date_gmt":"2020-06-23T17:55:36","guid":{"rendered":"http:\/\/www.cgt-hopital-manosque.fr\/?p=7787"},"modified":"2020-06-23T17:57:28","modified_gmt":"2020-06-23T17:57:28","slug":"23-juin-2020-du-segur-de-la-sante-a-la-mobilisation-du-mardi-30-juin-devant-lhopital-de-manosque","status":"publish","type":"post","link":"http:\/\/www.cgt-hopital-manosque.fr\/?p=7787","title":{"rendered":"23 juin 2020 &#8211; Du S\u00e9gur de la Sant\u00e9 \u00e0 la mobilisation du mardi 30 juin devant l&rsquo;h\u00f4pital de Manosque"},"content":{"rendered":"<p><a href=\"http:\/\/www.cgt-hopital-manosque.fr\/wp-content\/uploads\/2020\/06\/1268.-Tract-CGT-H\u00f4pital-de-Manosque-30-juin-2020-p1.jpg\"><img loading=\"lazy\" decoding=\"async\" src=\"http:\/\/www.cgt-hopital-manosque.fr\/wp-content\/uploads\/2020\/06\/1268.-Tract-CGT-H\u00f4pital-de-Manosque-30-juin-2020-p1.jpg\" alt=\"Tract CGT H\u00f4pital de Manosque 30 juin 2020 (p1)\" width=\"1240\" height=\"1754\" class=\"aligncenter size-full wp-image-7788\" srcset=\"http:\/\/www.cgt-hopital-manosque.fr\/wp-content\/uploads\/2020\/06\/1268.-Tract-CGT-H\u00f4pital-de-Manosque-30-juin-2020-p1.jpg 1240w, http:\/\/www.cgt-hopital-manosque.fr\/wp-content\/uploads\/2020\/06\/1268.-Tract-CGT-H\u00f4pital-de-Manosque-30-juin-2020-p1-212x300.jpg 212w, http:\/\/www.cgt-hopital-manosque.fr\/wp-content\/uploads\/2020\/06\/1268.-Tract-CGT-H\u00f4pital-de-Manosque-30-juin-2020-p1-724x1024.jpg 724w\" sizes=\"(max-width: 1240px) 100vw, 1240px\" \/><\/a><\/p>\n<p><a href=\"http:\/\/www.cgt-hopital-manosque.fr\/wp-content\/uploads\/2020\/06\/1268.-Tract-CGT-H\u00f4pital-de-Manosque-30-juin-2020-p2.jpg\"><img loading=\"lazy\" decoding=\"async\" src=\"http:\/\/www.cgt-hopital-manosque.fr\/wp-content\/uploads\/2020\/06\/1268.-Tract-CGT-H\u00f4pital-de-Manosque-30-juin-2020-p2.jpg\" alt=\"Tract CGT H\u00f4pital de Manosque 30 juin 2020 (p2)\" width=\"1240\" height=\"1754\" class=\"aligncenter size-full wp-image-7789\" srcset=\"http:\/\/www.cgt-hopital-manosque.fr\/wp-content\/uploads\/2020\/06\/1268.-Tract-CGT-H\u00f4pital-de-Manosque-30-juin-2020-p2.jpg 1240w, http:\/\/www.cgt-hopital-manosque.fr\/wp-content\/uploads\/2020\/06\/1268.-Tract-CGT-H\u00f4pital-de-Manosque-30-juin-2020-p2-212x300.jpg 212w, http:\/\/www.cgt-hopital-manosque.fr\/wp-content\/uploads\/2020\/06\/1268.-Tract-CGT-H\u00f4pital-de-Manosque-30-juin-2020-p2-724x1024.jpg 724w\" sizes=\"(max-width: 1240px) 100vw, 1240px\" \/><\/a><\/p>\n<p><strong><\/p>\n<p style= \"text-align: justify;\">\nBonsoir,<br \/>\nMobilisation le mardi 30 juin 2020 \u00e0 Manosque !\n<\/p>\n<p style= \"text-align: justify;\">\nActuellement se d\u00e9roule le S\u00e9gur de la Sant\u00e9\u00a0\u00bb. Nous sommes dans un moment charni\u00e8re pour notre secteur d&rsquo;activit\u00e9. Une augmentation importante des salaires peut \u00eatre gagn\u00e9e. C\u2019est le type d\u2019\u00e9v\u00e8nement rare qui arrive tous les 30 ou 40 ans.\n<\/p>\n<p style= \"text-align: justify;\">\nMais rien n&rsquo;a jamais \u00e9t\u00e9 donn\u00e9 aux personnels ! Chaque droit, chaque avanc\u00e9e a \u00e9t\u00e9 gagn\u00e9 par la lutte ! C&rsquo;est tout le sens des luttes de ces derni\u00e8res ann\u00e9es dans notre secteur d&rsquo;activit\u00e9 pour gagner une v\u00e9ritable rupture !\n<\/p>\n<p style= \"text-align: justify;\">\nLe principal point positif de ce S\u00e9gur de la Sant\u00e9 c\u2019est le consensus sur la n\u00e9cessit\u00e9 d&rsquo;augmenter tous les salaires ! Mais les ambitions ne sont pas les m\u00eames pour tous les acteurs. Nous avons besoin de faire pencher la balance du bon c\u00f4t\u00e9 !\n<\/p>\n<p style= \"text-align: justify;\">\nLes discussions, pour le moment porte sur :<br \/>\n&#8211; Un accord de m\u00e9thode sur la discussion<br \/>\n&#8211; Une demande sur une revalorisation en urgence<br \/>\n&#8211; Et diff\u00e9rents sujets annexes dont certains n&rsquo;ont pas leur place\n<\/p>\n<p style= \"text-align: justify;\">\nDans ces discussions, il y a certains sujets qui n\u2019ont rien \u00e0 faire l\u00e0 et pour lesquels nous ne sommes pas d\u2019accord comme :<br \/>\n&#8211; Sur la pr\u00e9voyance<br \/>\n&#8211; Sur l\u2019int\u00e9ressement<br \/>\nO\u00f9 ils veulent transposer certains dispositifs du priv\u00e9 vers le public.\n<\/p>\n<p style= \"text-align: justify;\">\nD&rsquo;autre sujets majeurs sont absents :<br \/>\n&#8211; Rien sur les effectifs !<br \/>\n&#8211; Rien de concret sur la p\u00e9nibilit\u00e9 !<br \/>\n&#8211; Rien sur la reconnaissance des m\u00e9tiers \u00e0 pr\u00e9dominance f\u00e9minine !<br \/>\n&#8211; Rien sur la r\u00e9sorption des emplois pr\u00e9caires !<br \/>\n&#8211; Rien sur le m\u00e9dico-social et le social !<br \/>\n&#8211; Rien sur les moyens allou\u00e9s \u00e0 notre syst\u00e8me de sant\u00e9 !\n<\/p>\n<p style= \"text-align: justify;\">\nA la CGT, nous ne nous laisserons pas enfermer :<br \/>\n&#8211; ni dans un temps de n\u00e9gociation ultra-court comme le voudrait le gouvernement<br \/>\n&#8211; ni dans les seuls sujets qu&rsquo;on tente de nous imposer\n<\/p>\n<p style= \"text-align: justify;\">\nIl doit y avoir un timing en plusieurs temps :<br \/>\n&#8211; Des sujets \u00e0 traiter dans l\u2019urgence comme l\u2019augmentation cons\u00e9quente des salaires pour tous<br \/>\n&#8211; Des sujets de fonds pour lesquels il nous faut prendre davantage de temps (pour un grand service public de sant\u00e9 et d&rsquo;action sociale)\n<\/p>\n<p style= \"text-align: justify;\">\nEt bien entendu, il va nous falloir enfin un PLFSS (Projet de loi de financement de la s\u00e9curit\u00e9 sociale) \u00e0 la hauteur des enjeux \u00e0 l\u2019automne prochain !\n<\/p>\n<p style= \"text-align: justify;\">\nIl faut nous baser sur nos rep\u00e8res revendicatifs CGT avec notamment le dernier en date : le livret \u00ab 4 exigences, 12 propositions \u00bb de d\u00e9but juin 2020. D\u2019ailleurs, ce document a \u00e9t\u00e9 envoy\u00e9 en version PDF \u00e0 tous les syndicats. Et il vient \u00e9galement d\u2019\u00eatre imprim\u00e9 en 100 000 exemplaires au niveau de la f\u00e9d\u00e9ration et envoy\u00e9 dans les territoires.\n<\/p>\n<p style= \"text-align: justify;\">\nNous avons besoin d&rsquo;\u00eatre le plus au clair possible avec ce que nous voulons pour les personnels et plus globalement pour notre syst\u00e8me de sant\u00e9, notre protection sociale.\n<\/p>\n<p style= \"text-align: justify;\">\nC&rsquo;est pourquoi les prochaines mobilisations des 30 juin et 14 juillet seront tr\u00e8s importantes !\n<\/p>\n<p style= \"text-align: justify;\">\n<ol>\nSoyons nombreuses et nombreux<br \/>\nMARDI 30 JUIN A 11H00<br \/>\nDevant l&rsquo;entr\u00e9e principale de l&rsquo;h\u00f4pital de Manosque\n<\/ol>\n<\/p>\n<p style= \"text-align: justify;\">\nBonnes luttes !!!\n<\/p>\n<p style= \"text-align: justify;\">\n>> Ci-joint le tract recto\/verso pour la mobilisation du 30 juin : <a href=\"http:\/\/www.cgt-hopital-manosque.fr\/wp-content\/uploads\/2020\/06\/1268.-Tract-CGT-H\u00f4pital-de-Manosque-30-juin-2020.pdf\">CLIQUER ICI<\/a>\n<\/p>\n<p><\/strong><\/p>\n<p style= \"text-align: justify;\">\n","protected":false},"excerpt":{"rendered":"<p>Bonsoir, Mobilisation le mardi 30 juin 2020 \u00e0 Manosque ! Actuellement se d\u00e9roule le S\u00e9gur de la Sant\u00e9\u00a0\u00bb. Nous sommes dans un moment charni\u00e8re pour notre secteur d&rsquo;activit\u00e9. Une augmentation importante des salaires peut \u00eatre gagn\u00e9e. C\u2019est le type d\u2019\u00e9v\u00e8nement rare qui arrive tous les 30 ou 40 ans. Mais rien n&rsquo;a jamais \u00e9t\u00e9 donn\u00e9 [&hellip;]<\/p>\n","protected":false},"author":1,"featured_media":0,"comment_status":"closed","ping_status":"closed","sticky":false,"template":"","format":"standard","meta":{"footnotes":""},"categories":[7],"tags":[],"views":890,"_links":{"self":[{"href":"http:\/\/www.cgt-hopital-manosque.fr\/index.php?rest_route=\/wp\/v2\/posts\/7787"}],"collection":[{"href":"http:\/\/www.cgt-hopital-manosque.fr\/index.php?rest_route=\/wp\/v2\/posts"}],"about":[{"href":"http:\/\/www.cgt-hopital-manosque.fr\/index.php?rest_route=\/wp\/v2\/types\/post"}],"author":[{"embeddable":true,"href":"http:\/\/www.cgt-hopital-manosque.fr\/index.php?rest_route=\/wp\/v2\/users\/1"}],"replies":[{"embeddable":true,"href":"http:\/\/www.cgt-hopital-manosque.fr\/index.php?rest_route=%2Fwp%2Fv2%2Fcomments&post=7787"}],"version-history":[{"count":3,"href":"http:\/\/www.cgt-hopital-manosque.fr\/index.php?rest_route=\/wp\/v2\/posts\/7787\/revisions"}],"predecessor-version":[{"id":7793,"href":"http:\/\/www.cgt-hopital-manosque.fr\/index.php?rest_route=\/wp\/v2\/posts\/7787\/revisions\/7793"}],"wp:attachment":[{"href":"http:\/\/www.cgt-hopital-manosque.fr\/index.php?rest_route=%2Fwp%2Fv2%2Fmedia&parent=7787"}],"wp:term":[{"taxonomy":"category","embeddable":true,"href":"http:\/\/www.cgt-hopital-manosque.fr\/index.php?rest_route=%2Fwp%2Fv2%2Fcategories&post=7787"},{"taxonomy":"post_tag","embeddable":true,"href":"http:\/\/www.cgt-hopital-manosque.fr\/index.php?rest_route=%2Fwp%2Fv2%2Ftags&post=7787"}],"curies":[{"name":"wp","href":"https:\/\/api.w.org\/{rel}","templated":true}]}}