{"id":7798,"date":"2020-07-09T16:10:09","date_gmt":"2020-07-09T16:10:09","guid":{"rendered":"http:\/\/www.cgt-hopital-manosque.fr\/?p=7798"},"modified":"2020-07-09T16:12:54","modified_gmt":"2020-07-09T16:12:54","slug":"8-juillet-2020-les-enjeux-du-travail-en-12h00-tract-de-lusd-cgt-04","status":"publish","type":"post","link":"http:\/\/www.cgt-hopital-manosque.fr\/?p=7798","title":{"rendered":"8 juillet 2020 &#8211; Les enjeux du travail en 12h00 (tract de l&rsquo;USD CGT 04)"},"content":{"rendered":"<p><a href=\"http:\/\/www.cgt-hopital-manosque.fr\/wp-content\/uploads\/2020\/07\/1270.-Les-enjeux-du-travail-en-12h00-7-juillet-2020-1.jpg\"><img loading=\"lazy\" decoding=\"async\" src=\"http:\/\/www.cgt-hopital-manosque.fr\/wp-content\/uploads\/2020\/07\/1270.-Les-enjeux-du-travail-en-12h00-7-juillet-2020-1.jpg\" alt=\"1270. Les enjeux du travail en 12h00, 7 juillet 2020 (1)\" width=\"1240\" height=\"1754\" class=\"aligncenter size-full wp-image-7799\" srcset=\"http:\/\/www.cgt-hopital-manosque.fr\/wp-content\/uploads\/2020\/07\/1270.-Les-enjeux-du-travail-en-12h00-7-juillet-2020-1.jpg 1240w, http:\/\/www.cgt-hopital-manosque.fr\/wp-content\/uploads\/2020\/07\/1270.-Les-enjeux-du-travail-en-12h00-7-juillet-2020-1-212x300.jpg 212w, http:\/\/www.cgt-hopital-manosque.fr\/wp-content\/uploads\/2020\/07\/1270.-Les-enjeux-du-travail-en-12h00-7-juillet-2020-1-724x1024.jpg 724w\" sizes=\"(max-width: 1240px) 100vw, 1240px\" \/><\/a><\/p>\n<p><a href=\"http:\/\/www.cgt-hopital-manosque.fr\/wp-content\/uploads\/2020\/07\/1270.-Les-enjeux-du-travail-en-12h00-7-juillet-2020-2.jpg\"><img loading=\"lazy\" decoding=\"async\" src=\"http:\/\/www.cgt-hopital-manosque.fr\/wp-content\/uploads\/2020\/07\/1270.-Les-enjeux-du-travail-en-12h00-7-juillet-2020-2.jpg\" alt=\"1270. Les enjeux du travail en 12h00, 7 juillet 2020 (2)\" width=\"1240\" height=\"1754\" class=\"aligncenter size-full wp-image-7800\" srcset=\"http:\/\/www.cgt-hopital-manosque.fr\/wp-content\/uploads\/2020\/07\/1270.-Les-enjeux-du-travail-en-12h00-7-juillet-2020-2.jpg 1240w, http:\/\/www.cgt-hopital-manosque.fr\/wp-content\/uploads\/2020\/07\/1270.-Les-enjeux-du-travail-en-12h00-7-juillet-2020-2-212x300.jpg 212w, http:\/\/www.cgt-hopital-manosque.fr\/wp-content\/uploads\/2020\/07\/1270.-Les-enjeux-du-travail-en-12h00-7-juillet-2020-2-724x1024.jpg 724w\" sizes=\"(max-width: 1240px) 100vw, 1240px\" \/><\/a><\/p>\n<p><strong><\/p>\n<p style= \"text-align: justify;\">\nCi-joint un tract du 7 juillet 2020 sur \u00ab\u00a0Les enjeux du travail en 12h00\u00a0\u00bb afin d&rsquo;ouvrir des d\u00e9bats avec les personnels et ne pas rester uniquement sur les id\u00e9es re\u00e7ues ou sur la communication institutionnelle : <a href=\"http:\/\/www.cgt-hopital-manosque.fr\/wp-content\/uploads\/2020\/07\/1270.-Les-enjeux-du-travail-en-12h00-7-juillet-2020.pdf\">CLIQUER ICI<\/a>\n<\/p>\n<p><\/strong><\/p>\n<p style= \"text-align: justify;\">\n","protected":false},"excerpt":{"rendered":"<p>Ci-joint un tract du 7 juillet 2020 sur \u00ab\u00a0Les enjeux du travail en 12h00\u00a0\u00bb afin d&rsquo;ouvrir des d\u00e9bats avec les personnels et ne pas rester uniquement sur les id\u00e9es re\u00e7ues ou sur la communication institutionnelle : CLIQUER ICI<\/p>\n","protected":false},"author":1,"featured_media":0,"comment_status":"closed","ping_status":"closed","sticky":false,"template":"","format":"standard","meta":{"footnotes":""},"categories":[7],"tags":[],"views":901,"_links":{"self":[{"href":"http:\/\/www.cgt-hopital-manosque.fr\/index.php?rest_route=\/wp\/v2\/posts\/7798"}],"collection":[{"href":"http:\/\/www.cgt-hopital-manosque.fr\/index.php?rest_route=\/wp\/v2\/posts"}],"about":[{"href":"http:\/\/www.cgt-hopital-manosque.fr\/index.php?rest_route=\/wp\/v2\/types\/post"}],"author":[{"embeddable":true,"href":"http:\/\/www.cgt-hopital-manosque.fr\/index.php?rest_route=\/wp\/v2\/users\/1"}],"replies":[{"embeddable":true,"href":"http:\/\/www.cgt-hopital-manosque.fr\/index.php?rest_route=%2Fwp%2Fv2%2Fcomments&post=7798"}],"version-history":[{"count":2,"href":"http:\/\/www.cgt-hopital-manosque.fr\/index.php?rest_route=\/wp\/v2\/posts\/7798\/revisions"}],"predecessor-version":[{"id":7804,"href":"http:\/\/www.cgt-hopital-manosque.fr\/index.php?rest_route=\/wp\/v2\/posts\/7798\/revisions\/7804"}],"wp:attachment":[{"href":"http:\/\/www.cgt-hopital-manosque.fr\/index.php?rest_route=%2Fwp%2Fv2%2Fmedia&parent=7798"}],"wp:term":[{"taxonomy":"category","embeddable":true,"href":"http:\/\/www.cgt-hopital-manosque.fr\/index.php?rest_route=%2Fwp%2Fv2%2Fcategories&post=7798"},{"taxonomy":"post_tag","embeddable":true,"href":"http:\/\/www.cgt-hopital-manosque.fr\/index.php?rest_route=%2Fwp%2Fv2%2Ftags&post=7798"}],"curies":[{"name":"wp","href":"https:\/\/api.w.org\/{rel}","templated":true}]}}