{"id":7803,"date":"2020-07-09T16:15:46","date_gmt":"2020-07-09T16:15:46","guid":{"rendered":"http:\/\/www.cgt-hopital-manosque.fr\/?p=7803"},"modified":"2020-07-09T16:15:46","modified_gmt":"2020-07-09T16:15:46","slug":"9-juillet-2020-negociations-en-cours-sur-le-segur-de-la-sante-tract-de-lusd-cgt-04","status":"publish","type":"post","link":"http:\/\/www.cgt-hopital-manosque.fr\/?p=7803","title":{"rendered":"9 juillet 2020 &#8211; N\u00e9gociations en cours sur le S\u00e9gur de la Sant\u00e9 (Tract de l&rsquo;USD CGT 04)"},"content":{"rendered":"<p><a href=\"http:\/\/www.cgt-hopital-manosque.fr\/wp-content\/uploads\/2020\/07\/1271.-Tract-sur-le-S\u00e9gur-de-la-sant\u00e9-8-juillet-2020.jpg\"><img loading=\"lazy\" decoding=\"async\" src=\"http:\/\/www.cgt-hopital-manosque.fr\/wp-content\/uploads\/2020\/07\/1271.-Tract-sur-le-S\u00e9gur-de-la-sant\u00e9-8-juillet-2020.jpg\" alt=\"1271. Tract sur le S\u00e9gur de la sant\u00e9, 8 juillet 2020\" width=\"1240\" height=\"1754\" class=\"aligncenter size-full wp-image-7805\" srcset=\"http:\/\/www.cgt-hopital-manosque.fr\/wp-content\/uploads\/2020\/07\/1271.-Tract-sur-le-S\u00e9gur-de-la-sant\u00e9-8-juillet-2020.jpg 1240w, http:\/\/www.cgt-hopital-manosque.fr\/wp-content\/uploads\/2020\/07\/1271.-Tract-sur-le-S\u00e9gur-de-la-sant\u00e9-8-juillet-2020-212x300.jpg 212w, http:\/\/www.cgt-hopital-manosque.fr\/wp-content\/uploads\/2020\/07\/1271.-Tract-sur-le-S\u00e9gur-de-la-sant\u00e9-8-juillet-2020-724x1024.jpg 724w\" sizes=\"(max-width: 1240px) 100vw, 1240px\" \/><\/a><\/p>\n<p><strong><\/p>\n<p style= \"text-align: justify;\">\nCi-joint un tract du 8 juillet 2020 pour faire un premier bilan des n\u00e9gociations en cours sur le S\u00e9gur de la Sant\u00e9. Nous avons \u00e9norm\u00e9ment de questions de personnels \u00e0 ce sujet, c&rsquo;est important de leur expliquer o\u00f9 nous en sommes et ce qu&rsquo;il en est r\u00e9ellement : <a href=\"http:\/\/www.cgt-hopital-manosque.fr\/wp-content\/uploads\/2020\/07\/1271.-Tract-sur-le-S\u00e9gur-de-la-sant\u00e9-8-juillet-2020.pdf\">CLIQUER ICI<\/a>\n<\/p>\n<p><\/strong><\/p>\n<p style= \"text-align: justify;\">\n","protected":false},"excerpt":{"rendered":"<p>Ci-joint un tract du 8 juillet 2020 pour faire un premier bilan des n\u00e9gociations en cours sur le S\u00e9gur de la Sant\u00e9. Nous avons \u00e9norm\u00e9ment de questions de personnels \u00e0 ce sujet, c&rsquo;est important de leur expliquer o\u00f9 nous en sommes et ce qu&rsquo;il en est r\u00e9ellement : CLIQUER ICI<\/p>\n","protected":false},"author":1,"featured_media":0,"comment_status":"closed","ping_status":"closed","sticky":false,"template":"","format":"standard","meta":{"footnotes":""},"categories":[7],"tags":[],"views":1181,"_links":{"self":[{"href":"http:\/\/www.cgt-hopital-manosque.fr\/index.php?rest_route=\/wp\/v2\/posts\/7803"}],"collection":[{"href":"http:\/\/www.cgt-hopital-manosque.fr\/index.php?rest_route=\/wp\/v2\/posts"}],"about":[{"href":"http:\/\/www.cgt-hopital-manosque.fr\/index.php?rest_route=\/wp\/v2\/types\/post"}],"author":[{"embeddable":true,"href":"http:\/\/www.cgt-hopital-manosque.fr\/index.php?rest_route=\/wp\/v2\/users\/1"}],"replies":[{"embeddable":true,"href":"http:\/\/www.cgt-hopital-manosque.fr\/index.php?rest_route=%2Fwp%2Fv2%2Fcomments&post=7803"}],"version-history":[{"count":1,"href":"http:\/\/www.cgt-hopital-manosque.fr\/index.php?rest_route=\/wp\/v2\/posts\/7803\/revisions"}],"predecessor-version":[{"id":7807,"href":"http:\/\/www.cgt-hopital-manosque.fr\/index.php?rest_route=\/wp\/v2\/posts\/7803\/revisions\/7807"}],"wp:attachment":[{"href":"http:\/\/www.cgt-hopital-manosque.fr\/index.php?rest_route=%2Fwp%2Fv2%2Fmedia&parent=7803"}],"wp:term":[{"taxonomy":"category","embeddable":true,"href":"http:\/\/www.cgt-hopital-manosque.fr\/index.php?rest_route=%2Fwp%2Fv2%2Fcategories&post=7803"},{"taxonomy":"post_tag","embeddable":true,"href":"http:\/\/www.cgt-hopital-manosque.fr\/index.php?rest_route=%2Fwp%2Fv2%2Ftags&post=7803"}],"curies":[{"name":"wp","href":"https:\/\/api.w.org\/{rel}","templated":true}]}}