{"id":7808,"date":"2020-07-10T13:14:14","date_gmt":"2020-07-10T13:14:14","guid":{"rendered":"http:\/\/www.cgt-hopital-manosque.fr\/?p=7808"},"modified":"2020-07-10T13:14:14","modified_gmt":"2020-07-10T13:14:14","slug":"10-juillet-2020-365-jours-de-lutte-a-sisteron-rassemblement-le-lundi-13-juillet-2020-a-20h00-devant-les-urgences","status":"publish","type":"post","link":"http:\/\/www.cgt-hopital-manosque.fr\/?p=7808","title":{"rendered":"10 juillet 2020 &#8211; 365 jours de lutte \u00e0 Sisteron &#8211; Rassemblement le lundi 13 juillet 2020 \u00e0 20h00 devant les Urgences"},"content":{"rendered":"<p><strong><\/p>\n<p style= \"text-align: justify;\">\nBonjour,<br \/>\nNous ne sommes pas des h\u00e9ros qui pourraient \u00eatre sacrifi\u00e9s et qui suivraient aveugl\u00e9ment le r\u00f4le qu&rsquo;on voudrait leur faire jouer. Nous sommes des travailleurs, des citoyens d\u00e9termin\u00e9s qui sommes entrain de d\u00e9serter les r\u00f4les qu&rsquo;une petite minorit\u00e9 dominante a pr\u00e9par\u00e9 pour nous pour reprendre possession de notre travail, de nos vies et de nos territoires !\n<\/p>\n<p style= \"text-align: justify;\">\nC&rsquo;est pourquoi, nous continuons \u00e0 nous mobiliser avec d\u00e9termination pour d&rsquo;autres choix de soci\u00e9t\u00e9 !\n<\/p>\n<p style= \"text-align: justify;\">\nC&rsquo;est pourquoi nous serons devant les Urgences de Sisteron lundi 13 juillet \u00e0 20h00 !\n<\/p>\n<p style= \"text-align: justify;\">\nOn l\u00e2che rien !\n<\/p>\n<p style= \"text-align: justify;\">\n>> Ci-joint le tract appelant \u00e0 la mobilisation du lundi 13 juillet devant l&rsquo;h\u00f4pital de Sisteron :<\/p>\n<p><a href=\"http:\/\/www.cgt-hopital-manosque.fr\/wp-content\/uploads\/2020\/07\/1272.-Tract-365-jours-de-lutte-\u00e0-Sisteron-13-juillet-2020.jpg\"><img loading=\"lazy\" decoding=\"async\" src=\"http:\/\/www.cgt-hopital-manosque.fr\/wp-content\/uploads\/2020\/07\/1272.-Tract-365-jours-de-lutte-\u00e0-Sisteron-13-juillet-2020.jpg\" alt=\"1272. Tract 365 jours de lutte \u00e0 Sisteron, 13 juillet 2020\" width=\"720\" height=\"960\" class=\"aligncenter size-full wp-image-7809\" srcset=\"http:\/\/www.cgt-hopital-manosque.fr\/wp-content\/uploads\/2020\/07\/1272.-Tract-365-jours-de-lutte-\u00e0-Sisteron-13-juillet-2020.jpg 720w, http:\/\/www.cgt-hopital-manosque.fr\/wp-content\/uploads\/2020\/07\/1272.-Tract-365-jours-de-lutte-\u00e0-Sisteron-13-juillet-2020-225x300.jpg 225w\" sizes=\"(max-width: 720px) 100vw, 720px\" \/><\/a><\/p>\n<p><\/strong><\/p>\n<p style= \"text-align: justify;\">\n","protected":false},"excerpt":{"rendered":"<p>Bonjour, Nous ne sommes pas des h\u00e9ros qui pourraient \u00eatre sacrifi\u00e9s et qui suivraient aveugl\u00e9ment le r\u00f4le qu&rsquo;on voudrait leur faire jouer. Nous sommes des travailleurs, des citoyens d\u00e9termin\u00e9s qui sommes entrain de d\u00e9serter les r\u00f4les qu&rsquo;une petite minorit\u00e9 dominante a pr\u00e9par\u00e9 pour nous pour reprendre possession de notre travail, de nos vies et de [&hellip;]<\/p>\n","protected":false},"author":1,"featured_media":0,"comment_status":"closed","ping_status":"closed","sticky":false,"template":"","format":"standard","meta":{"footnotes":""},"categories":[7],"tags":[],"views":829,"_links":{"self":[{"href":"http:\/\/www.cgt-hopital-manosque.fr\/index.php?rest_route=\/wp\/v2\/posts\/7808"}],"collection":[{"href":"http:\/\/www.cgt-hopital-manosque.fr\/index.php?rest_route=\/wp\/v2\/posts"}],"about":[{"href":"http:\/\/www.cgt-hopital-manosque.fr\/index.php?rest_route=\/wp\/v2\/types\/post"}],"author":[{"embeddable":true,"href":"http:\/\/www.cgt-hopital-manosque.fr\/index.php?rest_route=\/wp\/v2\/users\/1"}],"replies":[{"embeddable":true,"href":"http:\/\/www.cgt-hopital-manosque.fr\/index.php?rest_route=%2Fwp%2Fv2%2Fcomments&post=7808"}],"version-history":[{"count":1,"href":"http:\/\/www.cgt-hopital-manosque.fr\/index.php?rest_route=\/wp\/v2\/posts\/7808\/revisions"}],"predecessor-version":[{"id":7810,"href":"http:\/\/www.cgt-hopital-manosque.fr\/index.php?rest_route=\/wp\/v2\/posts\/7808\/revisions\/7810"}],"wp:attachment":[{"href":"http:\/\/www.cgt-hopital-manosque.fr\/index.php?rest_route=%2Fwp%2Fv2%2Fmedia&parent=7808"}],"wp:term":[{"taxonomy":"category","embeddable":true,"href":"http:\/\/www.cgt-hopital-manosque.fr\/index.php?rest_route=%2Fwp%2Fv2%2Fcategories&post=7808"},{"taxonomy":"post_tag","embeddable":true,"href":"http:\/\/www.cgt-hopital-manosque.fr\/index.php?rest_route=%2Fwp%2Fv2%2Ftags&post=7808"}],"curies":[{"name":"wp","href":"https:\/\/api.w.org\/{rel}","templated":true}]}}