{"id":781,"date":"2012-10-01T14:53:32","date_gmt":"2012-10-01T14:53:32","guid":{"rendered":"http:\/\/www.cgt-hopital-manosque.fr\/?p=781"},"modified":"2012-10-01T16:16:56","modified_gmt":"2012-10-01T16:16:56","slug":"2-octobre-2012-jour-de-carence-le-changement-chaque-chose-en-son-temps","status":"publish","type":"post","link":"http:\/\/www.cgt-hopital-manosque.fr\/?p=781","title":{"rendered":"2 octobre 2012 &#8211; Jour de carence&#8230;Le changement ? &#8230;chaque chose en son temps !"},"content":{"rendered":"<p style= \"text-align: justify;\">\nFran\u00e7ois Hollande, lors de la campagne pr\u00e9sidentielle, pr\u00f4nait un changement imm\u00e9diat. Les 4 premiers mois de pouvoir ont \u00e9t\u00e9 men\u00e9s sur un rythme sensiblement diff\u00e9rent. Le slogan pourrait en \u00eatre : \u00ab\u00a0Le changement doit se faire \u00e0 son rythme&#8230;chaque chose en son temps\u00a0\u00bb.<br \/>\nL&rsquo;Ex\u00e9cutif en place devrait \u00eatre vigilant car 5 ans passent tr\u00e8s vite, et les fran\u00e7ais ne sont pas tr\u00e8s patients. Pour le moment l&rsquo;opposition se r\u00e9jouit de ce qu&rsquo;il nomme \u00ab\u00a0l&rsquo;immobilisme\u00a0\u00bb et les fran\u00e7ais qui ont permis ce changement de Pr\u00e9sident commencent \u00e0 s&rsquo;impatienter, attendent des r\u00e9ponses concr\u00e8tes, et demandent que les promesses de campagne soient r\u00e9alis\u00e9es.<\/p>\n<p>A la CGT nous demandons l&rsquo;abrogation du jour de carence, mesure injuste et d\u00e9magogique.<br \/>\nLa mise en place du jour de carence a permis une nouvelle fois de stigmatiser les fonctionnaires et de les rendre responsables aux yeux de l\u2019opinion publique des diff\u00e9rents d\u00e9ficits et de tenter de diviser les salari\u00e9s public-priv\u00e9. Cette mesure constitue \u00e9galement une attaque sur le pouvoir d\u2019achat des fonctionnaires qui se traduit par une baisse de r\u00e9mun\u00e9ration pour les fonctionnaires en arr\u00eat de maladie. Le gain budg\u00e9taire de cette mesure serait \u00e9valu\u00e9 \u00e0 environ 200 millions d\u2019euros, une goutte d\u2019eau par rapport au d\u00e9ficit. Il n\u2019ira pas dans les caisses de la S\u00e9curit\u00e9 Sociale puisque les r\u00e9mun\u00e9rations sont budg\u00e9tis\u00e9es mais r\u00e9duira les d\u00e9penses de l\u2019Etat. Enfin, l\u2019Etat employeur a rejet\u00e9 toute compensation des jours, alors que pour une large majorit\u00e9 des salari\u00e9s du priv\u00e9, les 3 jours de carence sont pris en charge par leurs employeurs.<br \/>\nForce est de constater que malgr\u00e9 les mensonges utilis\u00e9s par le pr\u00e9c\u00e9dent gouvernement et malgr\u00e9 le rejet de cette mesure par les forces de gauche, l&rsquo;ex\u00e9cutif actuel avance de mani\u00e8re timor\u00e9e sur ce dossier.<br \/>\nEn effet, le gouvernement a indiqu\u00e9 que ce dispositif restera ainsi en place jusqu&rsquo;\u00e0 la fin de l&rsquo;ann\u00e9e et qu&rsquo;une r\u00e9flexion est lanc\u00e9e pour 2013.<br \/>\nSelon les premi\u00e8res informations sorties de cette r\u00e9flexion, le gouvernement aurait \u00e9cart\u00e9 une suppression pure et simple du jour de carence pour les fonctionnaires. Par contre une piste serait \u00e0 l\u2019\u00e9tude. Elle consisterait \u00e0 appliquer la carence sur le deuxi\u00e8me jour d\u2019arr\u00eat et non plus le premier, pour \u00eatre moins \u00ab punitif \u00bb. Mais, cela r\u00e9duirait environ de moiti\u00e9 les \u00e9conomies.<br \/>\nAutre option \u00e9tudi\u00e9e  : mieux cibler en frappant plus durement les arr\u00eats r\u00e9p\u00e9t\u00e9s. Voire instaurer un syst\u00e8me progressif, o\u00f9 les droits seraient fonction de l\u2019anciennet\u00e9.<\/p>\n<p>Nous pensons que les \u00e9conomies pr\u00e9vues ne sont pas vraiment r\u00e9alistes, car de nombreux agents pr\u00e9f\u00e8rent poser une RTT en cas d&rsquo;arr\u00eat maladie de courte dur\u00e9e, afin de ne pas \u00eatre p\u00e9nalis\u00e9 financi\u00e8rement.<br \/>\nAlors, que penser des agents qui m\u00eame malades vont aller travailler pour ne pas perdre sur leur salaire&#8230;au risque de contaminer des patients d\u00e9j\u00e0 immuno- d\u00e9prim\u00e9s  et pour leur part voir leur pathologie s\u2019aggraver ?<br \/>\nA trop vouloir ne pas m\u00e9contenter ni les uns ni les autres&#8230;on ne satisfait personne. Il est venu l&rsquo;heure des choix&#8230;l&rsquo;heure de trancher&#8230;en gardant bien \u00e0 l&rsquo;esprit les critiques adress\u00e9es au pr\u00e9c\u00e9dent gouvernement et les promesses de campagne.<\/p>\n","protected":false},"excerpt":{"rendered":"<p>Fran\u00e7ois Hollande, lors de la campagne pr\u00e9sidentielle, pr\u00f4nait un changement imm\u00e9diat. Les 4 premiers mois de pouvoir ont \u00e9t\u00e9 men\u00e9s sur un rythme sensiblement diff\u00e9rent. Le slogan pourrait en \u00eatre : \u00ab\u00a0Le changement doit se faire \u00e0 son rythme&#8230;chaque chose en son temps\u00a0\u00bb. L&rsquo;Ex\u00e9cutif en place devrait \u00eatre vigilant car 5 ans passent tr\u00e8s vite, [&hellip;]<\/p>\n","protected":false},"author":1,"featured_media":0,"comment_status":"closed","ping_status":"open","sticky":false,"template":"","format":"standard","meta":{"footnotes":""},"categories":[8],"tags":[],"views":2358,"_links":{"self":[{"href":"http:\/\/www.cgt-hopital-manosque.fr\/index.php?rest_route=\/wp\/v2\/posts\/781"}],"collection":[{"href":"http:\/\/www.cgt-hopital-manosque.fr\/index.php?rest_route=\/wp\/v2\/posts"}],"about":[{"href":"http:\/\/www.cgt-hopital-manosque.fr\/index.php?rest_route=\/wp\/v2\/types\/post"}],"author":[{"embeddable":true,"href":"http:\/\/www.cgt-hopital-manosque.fr\/index.php?rest_route=\/wp\/v2\/users\/1"}],"replies":[{"embeddable":true,"href":"http:\/\/www.cgt-hopital-manosque.fr\/index.php?rest_route=%2Fwp%2Fv2%2Fcomments&post=781"}],"version-history":[{"count":3,"href":"http:\/\/www.cgt-hopital-manosque.fr\/index.php?rest_route=\/wp\/v2\/posts\/781\/revisions"}],"predecessor-version":[{"id":783,"href":"http:\/\/www.cgt-hopital-manosque.fr\/index.php?rest_route=\/wp\/v2\/posts\/781\/revisions\/783"}],"wp:attachment":[{"href":"http:\/\/www.cgt-hopital-manosque.fr\/index.php?rest_route=%2Fwp%2Fv2%2Fmedia&parent=781"}],"wp:term":[{"taxonomy":"category","embeddable":true,"href":"http:\/\/www.cgt-hopital-manosque.fr\/index.php?rest_route=%2Fwp%2Fv2%2Fcategories&post=781"},{"taxonomy":"post_tag","embeddable":true,"href":"http:\/\/www.cgt-hopital-manosque.fr\/index.php?rest_route=%2Fwp%2Fv2%2Ftags&post=781"}],"curies":[{"name":"wp","href":"https:\/\/api.w.org\/{rel}","templated":true}]}}