{"id":7812,"date":"2020-07-11T12:57:55","date_gmt":"2020-07-11T12:57:55","guid":{"rendered":"http:\/\/www.cgt-hopital-manosque.fr\/?p=7812"},"modified":"2020-07-11T12:57:55","modified_gmt":"2020-07-11T12:57:55","slug":"11-juillet-2020-segur-de-la-sante-protocole-ministeriel-fonction-publique-hospitaliere-que-donnent-les-negociations","status":"publish","type":"post","link":"http:\/\/www.cgt-hopital-manosque.fr\/?p=7812","title":{"rendered":"11 juillet 2020 &#8211; S\u00e9gur de la Sant\u00e9 &#8211; Protocole Minist\u00e9riel Fonction Publique Hospitali\u00e8re : que donnent les n\u00e9gociations ?"},"content":{"rendered":"<p><a href=\"http:\/\/www.cgt-hopital-manosque.fr\/wp-content\/uploads\/2020\/07\/1273.-N\u00e9gociations-Protocole-S\u00e9gur-de-la-Sant\u00e9-CGT-Sant\u00e9-p1.jpg\"><img loading=\"lazy\" decoding=\"async\" src=\"http:\/\/www.cgt-hopital-manosque.fr\/wp-content\/uploads\/2020\/07\/1273.-N\u00e9gociations-Protocole-S\u00e9gur-de-la-Sant\u00e9-CGT-Sant\u00e9-p1.jpg\" alt=\"1273. N\u00e9gociations Protocole S\u00e9gur de la Sant\u00e9 CGT Sant\u00e9 p1\" width=\"1241\" height=\"1754\" class=\"aligncenter size-full wp-image-7813\" srcset=\"http:\/\/www.cgt-hopital-manosque.fr\/wp-content\/uploads\/2020\/07\/1273.-N\u00e9gociations-Protocole-S\u00e9gur-de-la-Sant\u00e9-CGT-Sant\u00e9-p1.jpg 1241w, http:\/\/www.cgt-hopital-manosque.fr\/wp-content\/uploads\/2020\/07\/1273.-N\u00e9gociations-Protocole-S\u00e9gur-de-la-Sant\u00e9-CGT-Sant\u00e9-p1-212x300.jpg 212w, http:\/\/www.cgt-hopital-manosque.fr\/wp-content\/uploads\/2020\/07\/1273.-N\u00e9gociations-Protocole-S\u00e9gur-de-la-Sant\u00e9-CGT-Sant\u00e9-p1-725x1024.jpg 725w\" sizes=\"(max-width: 1241px) 100vw, 1241px\" \/><\/a><\/p>\n<p><a href=\"http:\/\/www.cgt-hopital-manosque.fr\/wp-content\/uploads\/2020\/07\/1273.-N\u00e9gociations-Protocole-S\u00e9gur-de-la-Sant\u00e9-CGT-Sant\u00e9-p2.jpg\"><img loading=\"lazy\" decoding=\"async\" src=\"http:\/\/www.cgt-hopital-manosque.fr\/wp-content\/uploads\/2020\/07\/1273.-N\u00e9gociations-Protocole-S\u00e9gur-de-la-Sant\u00e9-CGT-Sant\u00e9-p2.jpg\" alt=\"1273. N\u00e9gociations Protocole S\u00e9gur de la Sant\u00e9 CGT Sant\u00e9 p2\" width=\"1241\" height=\"1754\" class=\"aligncenter size-full wp-image-7814\" srcset=\"http:\/\/www.cgt-hopital-manosque.fr\/wp-content\/uploads\/2020\/07\/1273.-N\u00e9gociations-Protocole-S\u00e9gur-de-la-Sant\u00e9-CGT-Sant\u00e9-p2.jpg 1241w, http:\/\/www.cgt-hopital-manosque.fr\/wp-content\/uploads\/2020\/07\/1273.-N\u00e9gociations-Protocole-S\u00e9gur-de-la-Sant\u00e9-CGT-Sant\u00e9-p2-212x300.jpg 212w, http:\/\/www.cgt-hopital-manosque.fr\/wp-content\/uploads\/2020\/07\/1273.-N\u00e9gociations-Protocole-S\u00e9gur-de-la-Sant\u00e9-CGT-Sant\u00e9-p2-725x1024.jpg 725w\" sizes=\"(max-width: 1241px) 100vw, 1241px\" \/><\/a><\/p>\n<p><strong><\/p>\n<p style= \"text-align: justify;\">\nPour voir le tract complet sur les n\u00e9gociations en cours : <a href=\"http:\/\/www.cgt-hopital-manosque.fr\/wp-content\/uploads\/2020\/07\/1273.-N\u00e9gociations-Protocole-S\u00e9gur-de-la-Sant\u00e9-CGT-Sant\u00e9.pdf\">CLIQUER ICI<\/a>\n<\/p>\n<p><\/strong><\/p>\n<p style= \"text-align: justify;\">\n","protected":false},"excerpt":{"rendered":"<p>Pour voir le tract complet sur les n\u00e9gociations en cours : CLIQUER ICI<\/p>\n","protected":false},"author":1,"featured_media":0,"comment_status":"closed","ping_status":"closed","sticky":false,"template":"","format":"standard","meta":{"footnotes":""},"categories":[7],"tags":[],"views":945,"_links":{"self":[{"href":"http:\/\/www.cgt-hopital-manosque.fr\/index.php?rest_route=\/wp\/v2\/posts\/7812"}],"collection":[{"href":"http:\/\/www.cgt-hopital-manosque.fr\/index.php?rest_route=\/wp\/v2\/posts"}],"about":[{"href":"http:\/\/www.cgt-hopital-manosque.fr\/index.php?rest_route=\/wp\/v2\/types\/post"}],"author":[{"embeddable":true,"href":"http:\/\/www.cgt-hopital-manosque.fr\/index.php?rest_route=\/wp\/v2\/users\/1"}],"replies":[{"embeddable":true,"href":"http:\/\/www.cgt-hopital-manosque.fr\/index.php?rest_route=%2Fwp%2Fv2%2Fcomments&post=7812"}],"version-history":[{"count":1,"href":"http:\/\/www.cgt-hopital-manosque.fr\/index.php?rest_route=\/wp\/v2\/posts\/7812\/revisions"}],"predecessor-version":[{"id":7816,"href":"http:\/\/www.cgt-hopital-manosque.fr\/index.php?rest_route=\/wp\/v2\/posts\/7812\/revisions\/7816"}],"wp:attachment":[{"href":"http:\/\/www.cgt-hopital-manosque.fr\/index.php?rest_route=%2Fwp%2Fv2%2Fmedia&parent=7812"}],"wp:term":[{"taxonomy":"category","embeddable":true,"href":"http:\/\/www.cgt-hopital-manosque.fr\/index.php?rest_route=%2Fwp%2Fv2%2Fcategories&post=7812"},{"taxonomy":"post_tag","embeddable":true,"href":"http:\/\/www.cgt-hopital-manosque.fr\/index.php?rest_route=%2Fwp%2Fv2%2Ftags&post=7812"}],"curies":[{"name":"wp","href":"https:\/\/api.w.org\/{rel}","templated":true}]}}