{"id":7817,"date":"2020-07-14T10:04:00","date_gmt":"2020-07-14T10:04:00","guid":{"rendered":"http:\/\/www.cgt-hopital-manosque.fr\/?p=7817"},"modified":"2020-07-14T10:04:00","modified_gmt":"2020-07-14T10:04:00","slug":"14-juillet-2020-segur-de-la-sante-billet-dhumeur-de-christophe-prudhomme","status":"publish","type":"post","link":"http:\/\/www.cgt-hopital-manosque.fr\/?p=7817","title":{"rendered":"14 juillet 2020 &#8211; S\u00e9gur de la sant\u00e9 &#8211; Billet d&rsquo;humeur de Christophe Prudhomme"},"content":{"rendered":"<p><a href=\"http:\/\/www.cgt-hopital-manosque.fr\/wp-content\/uploads\/2020\/07\/1274.-S\u00e9gur-de-la-sant\u00e9-Christophe-Prudhomme.jpg\"><img loading=\"lazy\" decoding=\"async\" src=\"http:\/\/www.cgt-hopital-manosque.fr\/wp-content\/uploads\/2020\/07\/1274.-S\u00e9gur-de-la-sant\u00e9-Christophe-Prudhomme.jpg\" alt=\"1274. S\u00e9gur de la sant\u00e9 Christophe Prudhomme\" width=\"1048\" height=\"450\" class=\"aligncenter size-full wp-image-7818\" srcset=\"http:\/\/www.cgt-hopital-manosque.fr\/wp-content\/uploads\/2020\/07\/1274.-S\u00e9gur-de-la-sant\u00e9-Christophe-Prudhomme.jpg 1048w, http:\/\/www.cgt-hopital-manosque.fr\/wp-content\/uploads\/2020\/07\/1274.-S\u00e9gur-de-la-sant\u00e9-Christophe-Prudhomme-300x129.jpg 300w, http:\/\/www.cgt-hopital-manosque.fr\/wp-content\/uploads\/2020\/07\/1274.-S\u00e9gur-de-la-sant\u00e9-Christophe-Prudhomme-1024x440.jpg 1024w\" sizes=\"(max-width: 1048px) 100vw, 1048px\" \/><\/a><\/p>\n<p><strong><\/p>\n<p style= \"text-align: justify;\">\nBillet d&rsquo;humeur : Politique spectacle<\/p>\n<p style= \"text-align: justify;\">\nLe protocole d\u2019accord du S\u00e9gur de la sant\u00e9 a \u00e9t\u00e9 sign\u00e9 en grande pompe, sous les ors de la R\u00e9publique, par une partie des repr\u00e9sentants syndicaux habill\u00e9s en dimanche et visiblement tr\u00e8s fiers d\u2019\u00eatre invit\u00e9s par le Premier ministre.\n<\/p>\n<p style= \"text-align: justify;\">\nLe spectacle a continu\u00e9 le soir m\u00eame avec une sauterie au Grand Palais o\u00f9 le ministre de la Sant\u00e9 avait invit\u00e9 quelques personnels hospitaliers. Puis le 14 juillet, le monarque r\u00e9publicain a voulu aussi mettre soi-disant \u00e0 l\u2019honneur des soignants en les m\u00e9langeant aux militaires pour la parade traditionnelle, tandis que d\u2019autres hospitaliers manifestent sur le parcours symbolique R\u00e9publique-Bastille.\n<\/p>\n<p style= \"text-align: justify;\">\nEn effet, sur le terrain, l\u2019insatisfaction et la d\u00e9ception dominent. Si les augmentations de salaires chichement octroy\u00e9es vont certes am\u00e9liorer l\u2019ordinaire, les calculs sont vites faits : les 180 euros permettent juste de rattraper la perte de pouvoir d\u2019achat accumul\u00e9e depuis 2010 du fait du blocage des salaires dans la Fonction publique. Nous sommes tr\u00e8s loin d\u2019atteindre le niveau de r\u00e9mun\u00e9ration moyen des pays de l\u2019OCDE. Par ailleurs, le volet emploi promet des embauches \u00e0 hauteur d\u2019\u00e0 peine 3 % de nos demandes ! Et toujours rien sur les fermetures de lits, de services et d\u2019h\u00f4pitaux.\n<\/p>\n<p style= \"text-align: justify;\">\nNous ne pouvons en rester l\u00e0 et les actions du 14 juillet ne sont qu\u2019une \u00e9tape suppl\u00e9mentaire d\u2019une mobilisation qui va se poursuivre.\n<\/p>\n<p style= \"text-align: justify;\">\nNotre syst\u00e8me de sant\u00e9 va mal et n\u00e9cessite des r\u00e9formes profondes tant au niveau de son organisation que de son financement et ce n\u2019est pas la r\u00e9cente loi \u00ab Ma sant\u00e9 2022 \u00bb qui va apporter des r\u00e9ponses ad\u00e9quates. Il ne s\u2019agit que de la continuit\u00e9 de la politique lib\u00e9rale mise en place depuis les ordonnances Jupp\u00e9 en 1995, puis par les lois Bachelot et Touraine.\n<\/p>\n<p style= \"text-align: justify;\">\nIl faut bien comprendre que ce qui co\u00fbte cher dans notre syst\u00e8me de sant\u00e9 actuel et le rend complexe ainsi que peu efficient, est le maintien d\u2019une mixit\u00e9 public\/priv\u00e9, tant au niveau de son organisation que de son financement. Nous avons besoin de reconstruire un v\u00e9ritable service de sant\u00e9 et d\u2019action sociale qui s\u2019appuie sur le service public, dans le cadre d\u2019une politique d\u2019am\u00e9nagement du territoire, qui permette \u00e0 tout un chacun de pouvoir consulter un m\u00e9decin dans la journ\u00e9e en cas de besoin et avoir acc\u00e8s \u00e0 un h\u00f4pital dans un d\u00e9lai maximum de 30 minutes. Cela passe par l\u2019\u00e9limination de toute active priv\u00e9e lucrative dans les activit\u00e9s sanitaires et sociales, qui a montr\u00e9 toute son inhumanit\u00e9 lors du pic de la crise du coronavirus, notamment dans les EHPAD. Il s\u2019agit aussi de construire la v\u00e9ritable S\u00e9curit\u00e9 sociale dont nous avons besoin pour assurer nos besoins en termes de sant\u00e9 et de protection sociale de la naissance \u00e0 la mort. Il faut pour cela qu\u2019elle devienne collecteur unique des cotisations et financeur unique des prestations, en supprimant toutes les assurances priv\u00e9es compl\u00e9mentaires.\n<\/p>\n<p style= \"text-align: justify;\">\nCe qui peut para\u00eetre impensable \u00e0 un instant donn\u00e9 peut devenir la r\u00e9alit\u00e9 le lendemain. La crise du coronavirus nous a montr\u00e9 que les lignes peuvent tr\u00e8s rapidement bouger. A nous de continuer \u00e0 nous mobiliser afin que ce que pour quoi nous luttons devienne le plus rapidement possible une r\u00e9alit\u00e9. C\u2019est cela faire de la politique au sens propre du terme, \u00e0 l\u2019oppos\u00e9 total du triste spectacle offert aujourd\u2019hui par nos gouvernants.\n<\/p>\n<p style= \"text-align: justify;\">\nDr Christophe Prudhomme\n<\/p>\n<p><\/strong><\/p>\n<p style= \"text-align: justify;\">\n","protected":false},"excerpt":{"rendered":"<p>Billet d&rsquo;humeur : Politique spectacle Le protocole d\u2019accord du S\u00e9gur de la sant\u00e9 a \u00e9t\u00e9 sign\u00e9 en grande pompe, sous les ors de la R\u00e9publique, par une partie des repr\u00e9sentants syndicaux habill\u00e9s en dimanche et visiblement tr\u00e8s fiers d\u2019\u00eatre invit\u00e9s par le Premier ministre. Le spectacle a continu\u00e9 le soir m\u00eame avec une sauterie au [&hellip;]<\/p>\n","protected":false},"author":1,"featured_media":0,"comment_status":"closed","ping_status":"closed","sticky":false,"template":"","format":"standard","meta":{"footnotes":""},"categories":[8],"tags":[],"views":824,"_links":{"self":[{"href":"http:\/\/www.cgt-hopital-manosque.fr\/index.php?rest_route=\/wp\/v2\/posts\/7817"}],"collection":[{"href":"http:\/\/www.cgt-hopital-manosque.fr\/index.php?rest_route=\/wp\/v2\/posts"}],"about":[{"href":"http:\/\/www.cgt-hopital-manosque.fr\/index.php?rest_route=\/wp\/v2\/types\/post"}],"author":[{"embeddable":true,"href":"http:\/\/www.cgt-hopital-manosque.fr\/index.php?rest_route=\/wp\/v2\/users\/1"}],"replies":[{"embeddable":true,"href":"http:\/\/www.cgt-hopital-manosque.fr\/index.php?rest_route=%2Fwp%2Fv2%2Fcomments&post=7817"}],"version-history":[{"count":1,"href":"http:\/\/www.cgt-hopital-manosque.fr\/index.php?rest_route=\/wp\/v2\/posts\/7817\/revisions"}],"predecessor-version":[{"id":7819,"href":"http:\/\/www.cgt-hopital-manosque.fr\/index.php?rest_route=\/wp\/v2\/posts\/7817\/revisions\/7819"}],"wp:attachment":[{"href":"http:\/\/www.cgt-hopital-manosque.fr\/index.php?rest_route=%2Fwp%2Fv2%2Fmedia&parent=7817"}],"wp:term":[{"taxonomy":"category","embeddable":true,"href":"http:\/\/www.cgt-hopital-manosque.fr\/index.php?rest_route=%2Fwp%2Fv2%2Fcategories&post=7817"},{"taxonomy":"post_tag","embeddable":true,"href":"http:\/\/www.cgt-hopital-manosque.fr\/index.php?rest_route=%2Fwp%2Fv2%2Ftags&post=7817"}],"curies":[{"name":"wp","href":"https:\/\/api.w.org\/{rel}","templated":true}]}}