{"id":7838,"date":"2020-07-24T15:49:19","date_gmt":"2020-07-24T15:49:19","guid":{"rendered":"http:\/\/www.cgt-hopital-manosque.fr\/?p=7838"},"modified":"2020-07-24T18:22:42","modified_gmt":"2020-07-24T18:22:42","slug":"24-juillet-2020-annonce-de-la-fermeture-puis-du-maintien-des-urgences-de-nuit-a-lhopital-de-pertuis","status":"publish","type":"post","link":"http:\/\/www.cgt-hopital-manosque.fr\/?p=7838","title":{"rendered":"24 juillet 2020 &#8211; Annonce de la fermeture puis du maintien des Urgences de nuit \u00e0 l&rsquo;h\u00f4pital de Pertuis"},"content":{"rendered":"<p><strong><\/p>\n<p style= \"text-align: justify;\">\nBonjour,<br \/>\nLe 22 juillet, la direction de l&rsquo;h\u00f4pital d&rsquo;Aix-en-Provence\/Pertuis a annonc\u00e9 la fermeture provisoire des Urgences de nuit \u00e0 Pertuis.\n<\/p>\n<p style= \"text-align: justify;\">\n>> Voir ci-dessous le communiqu\u00e9 de la direction du CH d&rsquo;Aix\/Pertuis du 22 juillet.\n<\/p>\n<p style= \"text-align: justify;\">\n>> Ensuite voir ci-dessous \u00e9galement le communiqu\u00e9 du 23 juillet de la Coordination R\u00e9gionale CGT Sant\u00e9 et Action Sociale PACA relatif \u00e0 cette fermeture dite \u00ab\u00a0provisoire\u00a0\u00bb : <a href=\"http:\/\/www.cgt-hopital-manosque.fr\/wp-content\/uploads\/2020\/07\/1277.-Communiqu\u00e9-CGT-Sant\u00e9-PACA-Urgences-de-Pertuis.pdf\">CLIQUER ICI<\/a>\n<\/p>\n<p style= \"text-align: justify;\">\nCette annonce inacceptable n&rsquo;\u00e9tait pas sans rappeler celle de Sisteron o\u00f9 la fermeture \u00ab\u00a0temporaire\u00a0\u00bb dure depuis plus d&rsquo;un an et dont la mobilisation citoyenne et syndicale continue toujours (200 personnes \u00e9taient encore rassembl\u00e9es lundi 13 juillet devant les Urgences dont une dizaine de maires de communes voisines pour le 365\u00e8me jour de lutte).\n<\/p>\n<p style= \"text-align: justify;\">\n>> Aujourd&rsquo;hui, 24 juillet, l&rsquo;ARS PACA, souhaitant \u00e9viter une nouvelle zone de tensions dans la r\u00e9gion, apr\u00e8s notamment celle de Sisteron, vient de publier un communiqu\u00e9 (voir ci-dessous) en expliquant que les Urgences resteraient finalement ouvertes 24h\/24 \u00e0 Pertuis. Juste avant le communiqu\u00e9 de l&rsquo;ARS de cet apr\u00e8s-midi, deux m\u00e9dias nationaux et France 3 r\u00e9gion ont contact\u00e9 la CGT Sant\u00e9 PACA pour qu&rsquo;elle les mette en lien avec le syndicat CGT de l&rsquo;h\u00f4pital d&rsquo;Aix\/Pertuis. Sentant le vent se lever, l&rsquo;ARS a vite r\u00e9agi.\n<\/p>\n<p style= \"text-align: justify;\">\nCela t\u00e9moigne premi\u00e8rement que la fermeture n&rsquo;\u00e9tait pas justifi\u00e9e et qu&rsquo;en faisant preuve d&rsquo;un minimum de bonne volont\u00e9 et de coop\u00e9ration des solutions imm\u00e9diates sont possibles. Cela t\u00e9moigne deuxi\u00e8mement des tentatives permanentes contre l&rsquo;\u00e9tablissement de Pertuis, puisque d\u00e9j\u00e0 pendant la p\u00e9riode de confinement la direction de l&rsquo;\u00e9tablissement avait souhait\u00e9 fermer la maternit\u00e9 mais l&rsquo;ARS s&rsquo;y \u00e9tait l\u00e0 aussi oppos\u00e9e. Et cela t\u00e9moigne enfin, que sous la pression citoyenne, syndicale et politique, l&rsquo;ARS peut sortir de l&rsquo;impuissance publique g\u00e9n\u00e9ralis\u00e9e et peut prendre ses responsabilit\u00e9s. Cela va dans le bon sens mais ne doit pas s&rsquo;arr\u00eater l\u00e0 et maintenant des efforts doivent \u00eatre faits pour rouvrir les urgences de Sisteron 24h\/24 et 7 jours\/7 !\n<\/p>\n<p style= \"text-align: justify;\">\n>> Ci-joint enfin ci-dessous l&rsquo;article d&rsquo;Hospim\u00e9dia de ce jour.\n<\/p>\n<p style= \"text-align: justify;\">\nNous restons mobilis\u00e9s !\n<\/p>\n<p><\/strong><\/p>\n<p><a href=\"http:\/\/www.cgt-hopital-manosque.fr\/wp-content\/uploads\/2020\/07\/1277.-Communiqu\u00e9-22-juillet-2020-CH-Aix-Pertuis-fermeture-Urgences.png\"><img loading=\"lazy\" decoding=\"async\" src=\"http:\/\/www.cgt-hopital-manosque.fr\/wp-content\/uploads\/2020\/07\/1277.-Communiqu\u00e9-22-juillet-2020-CH-Aix-Pertuis-fermeture-Urgences.png\" alt=\"1277. Communiqu\u00e9 22 juillet 2020 CH Aix Pertuis fermeture Urgences\" width=\"627\" height=\"887\" class=\"aligncenter size-full wp-image-7840\" srcset=\"http:\/\/www.cgt-hopital-manosque.fr\/wp-content\/uploads\/2020\/07\/1277.-Communiqu\u00e9-22-juillet-2020-CH-Aix-Pertuis-fermeture-Urgences.png 627w, http:\/\/www.cgt-hopital-manosque.fr\/wp-content\/uploads\/2020\/07\/1277.-Communiqu\u00e9-22-juillet-2020-CH-Aix-Pertuis-fermeture-Urgences-212x300.png 212w\" sizes=\"(max-width: 627px) 100vw, 627px\" \/><\/a><\/p>\n<p><a href=\"http:\/\/www.cgt-hopital-manosque.fr\/wp-content\/uploads\/2020\/07\/1277.-Communiqu\u00e9-CGT-Sant\u00e9-PACA-Urgences-de-Pertuis.jpg\"><img loading=\"lazy\" decoding=\"async\" src=\"http:\/\/www.cgt-hopital-manosque.fr\/wp-content\/uploads\/2020\/07\/1277.-Communiqu\u00e9-CGT-Sant\u00e9-PACA-Urgences-de-Pertuis.jpg\" alt=\"1277. Communiqu\u00e9 CGT Sant\u00e9 PACA Urgences de Pertuis\" width=\"1241\" height=\"1754\" class=\"aligncenter size-full wp-image-7841\" srcset=\"http:\/\/www.cgt-hopital-manosque.fr\/wp-content\/uploads\/2020\/07\/1277.-Communiqu\u00e9-CGT-Sant\u00e9-PACA-Urgences-de-Pertuis.jpg 1241w, http:\/\/www.cgt-hopital-manosque.fr\/wp-content\/uploads\/2020\/07\/1277.-Communiqu\u00e9-CGT-Sant\u00e9-PACA-Urgences-de-Pertuis-212x300.jpg 212w, http:\/\/www.cgt-hopital-manosque.fr\/wp-content\/uploads\/2020\/07\/1277.-Communiqu\u00e9-CGT-Sant\u00e9-PACA-Urgences-de-Pertuis-725x1024.jpg 725w\" sizes=\"(max-width: 1241px) 100vw, 1241px\" \/><\/a><\/p>\n<p><a href=\"http:\/\/www.cgt-hopital-manosque.fr\/wp-content\/uploads\/2020\/07\/1277.-Communiqu\u00e9-24-juillet-2020-Urgences-Pertuis-ARS-PACA.jpg\"><img loading=\"lazy\" decoding=\"async\" src=\"http:\/\/www.cgt-hopital-manosque.fr\/wp-content\/uploads\/2020\/07\/1277.-Communiqu\u00e9-24-juillet-2020-Urgences-Pertuis-ARS-PACA.jpg\" alt=\"1277. Communiqu\u00e9 24 juillet 2020 Urgences Pertuis ARS PACA\" width=\"1242\" height=\"1755\" class=\"aligncenter size-full wp-image-7842\" srcset=\"http:\/\/www.cgt-hopital-manosque.fr\/wp-content\/uploads\/2020\/07\/1277.-Communiqu\u00e9-24-juillet-2020-Urgences-Pertuis-ARS-PACA.jpg 1242w, http:\/\/www.cgt-hopital-manosque.fr\/wp-content\/uploads\/2020\/07\/1277.-Communiqu\u00e9-24-juillet-2020-Urgences-Pertuis-ARS-PACA-212x300.jpg 212w, http:\/\/www.cgt-hopital-manosque.fr\/wp-content\/uploads\/2020\/07\/1277.-Communiqu\u00e9-24-juillet-2020-Urgences-Pertuis-ARS-PACA-725x1024.jpg 725w\" sizes=\"(max-width: 1242px) 100vw, 1242px\" \/><\/a><\/p>\n<p><a href=\"http:\/\/www.cgt-hopital-manosque.fr\/wp-content\/uploads\/2020\/07\/1277.-Article-Hospim\u00e9dia-Urgences-de-Pertuis-du-24-juillet-2020.jpg\"><img loading=\"lazy\" decoding=\"async\" src=\"http:\/\/www.cgt-hopital-manosque.fr\/wp-content\/uploads\/2020\/07\/1277.-Article-Hospim\u00e9dia-Urgences-de-Pertuis-du-24-juillet-2020.jpg\" alt=\"1277. Article Hospim\u00e9dia Urgences de Pertuis du 24 juillet 2020\" width=\"775\" height=\"911\" class=\"aligncenter size-full wp-image-7846\" srcset=\"http:\/\/www.cgt-hopital-manosque.fr\/wp-content\/uploads\/2020\/07\/1277.-Article-Hospim\u00e9dia-Urgences-de-Pertuis-du-24-juillet-2020.jpg 775w, http:\/\/www.cgt-hopital-manosque.fr\/wp-content\/uploads\/2020\/07\/1277.-Article-Hospim\u00e9dia-Urgences-de-Pertuis-du-24-juillet-2020-255x300.jpg 255w\" sizes=\"(max-width: 775px) 100vw, 775px\" \/><\/a><\/p>\n<p style= \"text-align: justify;\">\n","protected":false},"excerpt":{"rendered":"<p>Bonjour, Le 22 juillet, la direction de l&rsquo;h\u00f4pital d&rsquo;Aix-en-Provence\/Pertuis a annonc\u00e9 la fermeture provisoire des Urgences de nuit \u00e0 Pertuis. >> Voir ci-dessous le communiqu\u00e9 de la direction du CH d&rsquo;Aix\/Pertuis du 22 juillet. >> Ensuite voir ci-dessous \u00e9galement le communiqu\u00e9 du 23 juillet de la Coordination R\u00e9gionale CGT Sant\u00e9 et Action Sociale PACA relatif [&hellip;]<\/p>\n","protected":false},"author":1,"featured_media":0,"comment_status":"closed","ping_status":"closed","sticky":false,"template":"","format":"standard","meta":{"footnotes":""},"categories":[8],"tags":[],"views":1042,"_links":{"self":[{"href":"http:\/\/www.cgt-hopital-manosque.fr\/index.php?rest_route=\/wp\/v2\/posts\/7838"}],"collection":[{"href":"http:\/\/www.cgt-hopital-manosque.fr\/index.php?rest_route=\/wp\/v2\/posts"}],"about":[{"href":"http:\/\/www.cgt-hopital-manosque.fr\/index.php?rest_route=\/wp\/v2\/types\/post"}],"author":[{"embeddable":true,"href":"http:\/\/www.cgt-hopital-manosque.fr\/index.php?rest_route=\/wp\/v2\/users\/1"}],"replies":[{"embeddable":true,"href":"http:\/\/www.cgt-hopital-manosque.fr\/index.php?rest_route=%2Fwp%2Fv2%2Fcomments&post=7838"}],"version-history":[{"count":5,"href":"http:\/\/www.cgt-hopital-manosque.fr\/index.php?rest_route=\/wp\/v2\/posts\/7838\/revisions"}],"predecessor-version":[{"id":7848,"href":"http:\/\/www.cgt-hopital-manosque.fr\/index.php?rest_route=\/wp\/v2\/posts\/7838\/revisions\/7848"}],"wp:attachment":[{"href":"http:\/\/www.cgt-hopital-manosque.fr\/index.php?rest_route=%2Fwp%2Fv2%2Fmedia&parent=7838"}],"wp:term":[{"taxonomy":"category","embeddable":true,"href":"http:\/\/www.cgt-hopital-manosque.fr\/index.php?rest_route=%2Fwp%2Fv2%2Fcategories&post=7838"},{"taxonomy":"post_tag","embeddable":true,"href":"http:\/\/www.cgt-hopital-manosque.fr\/index.php?rest_route=%2Fwp%2Fv2%2Ftags&post=7838"}],"curies":[{"name":"wp","href":"https:\/\/api.w.org\/{rel}","templated":true}]}}