{"id":7873,"date":"2020-08-16T09:23:34","date_gmt":"2020-08-16T09:23:34","guid":{"rendered":"http:\/\/www.cgt-hopital-manosque.fr\/?p=7873"},"modified":"2020-08-16T09:23:34","modified_gmt":"2020-08-16T09:23:34","slug":"16-aout-2020-masques-macron-exclut-la-gratuite-pour-tous-debat-sur-bfm-tv-avec-notamment-christophe-prudhomme","status":"publish","type":"post","link":"http:\/\/www.cgt-hopital-manosque.fr\/?p=7873","title":{"rendered":"16 ao\u00fbt 2020 &#8211; Masques : Macron exclut la gratuit\u00e9 pour tous &#8211; D\u00e9bat sur BFM TV avec notamment Christophe Prudhomme"},"content":{"rendered":"<p><strong><\/p>\n<p style= \"text-align: justify;\">\nPour voir la vid\u00e9o, cliquer sur ce lien :<br \/>\n<iframe loading=\"lazy\" width=\"500\" height=\"281\" src=\"https:\/\/www.youtube.com\/embed\/xGRR8Qg4tWc?feature=oembed\" frameborder=\"0\" allow=\"accelerometer; autoplay; encrypted-media; gyroscope; picture-in-picture\" allowfullscreen><\/iframe><\/p>\n","protected":false},"excerpt":{"rendered":"<p>Pour voir la vid\u00e9o, cliquer sur ce lien :<\/p>\n","protected":false},"author":1,"featured_media":0,"comment_status":"closed","ping_status":"closed","sticky":false,"template":"","format":"standard","meta":{"footnotes":""},"categories":[8],"tags":[],"views":841,"_links":{"self":[{"href":"http:\/\/www.cgt-hopital-manosque.fr\/index.php?rest_route=\/wp\/v2\/posts\/7873"}],"collection":[{"href":"http:\/\/www.cgt-hopital-manosque.fr\/index.php?rest_route=\/wp\/v2\/posts"}],"about":[{"href":"http:\/\/www.cgt-hopital-manosque.fr\/index.php?rest_route=\/wp\/v2\/types\/post"}],"author":[{"embeddable":true,"href":"http:\/\/www.cgt-hopital-manosque.fr\/index.php?rest_route=\/wp\/v2\/users\/1"}],"replies":[{"embeddable":true,"href":"http:\/\/www.cgt-hopital-manosque.fr\/index.php?rest_route=%2Fwp%2Fv2%2Fcomments&post=7873"}],"version-history":[{"count":2,"href":"http:\/\/www.cgt-hopital-manosque.fr\/index.php?rest_route=\/wp\/v2\/posts\/7873\/revisions"}],"predecessor-version":[{"id":8012,"href":"http:\/\/www.cgt-hopital-manosque.fr\/index.php?rest_route=\/wp\/v2\/posts\/7873\/revisions\/8012"}],"wp:attachment":[{"href":"http:\/\/www.cgt-hopital-manosque.fr\/index.php?rest_route=%2Fwp%2Fv2%2Fmedia&parent=7873"}],"wp:term":[{"taxonomy":"category","embeddable":true,"href":"http:\/\/www.cgt-hopital-manosque.fr\/index.php?rest_route=%2Fwp%2Fv2%2Fcategories&post=7873"},{"taxonomy":"post_tag","embeddable":true,"href":"http:\/\/www.cgt-hopital-manosque.fr\/index.php?rest_route=%2Fwp%2Fv2%2Ftags&post=7873"}],"curies":[{"name":"wp","href":"https:\/\/api.w.org\/{rel}","templated":true}]}}