{"id":7875,"date":"2020-08-17T06:55:21","date_gmt":"2020-08-17T06:55:21","guid":{"rendered":"http:\/\/www.cgt-hopital-manosque.fr\/?p=7875"},"modified":"2020-08-17T06:56:08","modified_gmt":"2020-08-17T06:56:08","slug":"17-aout-2020-covid-19-une-possible-penurie-de-gants-inquiete-les-professionnels-de-sante","status":"publish","type":"post","link":"http:\/\/www.cgt-hopital-manosque.fr\/?p=7875","title":{"rendered":"17 ao\u00fbt 2020 &#8211; Covid-19 : une possible p\u00e9nurie de gants inqui\u00e8te les professionnels de sant\u00e9"},"content":{"rendered":"<p><a href=\"http:\/\/www.cgt-hopital-manosque.fr\/wp-content\/uploads\/2020\/08\/1283.-Covid-19-p\u00e9nurie-de-gants-1.jpg\"><img loading=\"lazy\" decoding=\"async\" src=\"http:\/\/www.cgt-hopital-manosque.fr\/wp-content\/uploads\/2020\/08\/1283.-Covid-19-p\u00e9nurie-de-gants-1.jpg\" alt=\"1283. Covid-19 p\u00e9nurie de gants (1)\" width=\"668\" height=\"320\" class=\"aligncenter size-full wp-image-7877\" srcset=\"http:\/\/www.cgt-hopital-manosque.fr\/wp-content\/uploads\/2020\/08\/1283.-Covid-19-p\u00e9nurie-de-gants-1.jpg 668w, http:\/\/www.cgt-hopital-manosque.fr\/wp-content\/uploads\/2020\/08\/1283.-Covid-19-p\u00e9nurie-de-gants-1-300x144.jpg 300w\" sizes=\"(max-width: 668px) 100vw, 668px\" \/><\/a><\/p>\n<p><a href=\"http:\/\/www.cgt-hopital-manosque.fr\/wp-content\/uploads\/2020\/08\/1283.-Covid-19-p\u00e9nurie-de-gants-2.jpg\"><img loading=\"lazy\" decoding=\"async\" src=\"http:\/\/www.cgt-hopital-manosque.fr\/wp-content\/uploads\/2020\/08\/1283.-Covid-19-p\u00e9nurie-de-gants-2.jpg\" alt=\"1283. Covid-19 p\u00e9nurie de gants (2)\" width=\"687\" height=\"237\" class=\"aligncenter size-full wp-image-7878\" srcset=\"http:\/\/www.cgt-hopital-manosque.fr\/wp-content\/uploads\/2020\/08\/1283.-Covid-19-p\u00e9nurie-de-gants-2.jpg 687w, http:\/\/www.cgt-hopital-manosque.fr\/wp-content\/uploads\/2020\/08\/1283.-Covid-19-p\u00e9nurie-de-gants-2-300x103.jpg 300w\" sizes=\"(max-width: 687px) 100vw, 687px\" \/><\/a><\/p>\n<p style= \"text-align: justify;\">\n<strong><br \/>\nPubli\u00e9 le 11\/08\/2020 &#8211; Le Point<br \/>\n<\/strong>\n<\/p>\n<p style= \"text-align: justify;\">\nApr\u00e8s le gel hydroalcoolique et les masques jetables, un autre produit indispensable \u00e0 la lutte contre l&rsquo;\u00e9pid\u00e9mie de coronavirus se rar\u00e9fie progressivement : les gants. France Info a ainsi recueilli les t\u00e9moignages de professionnels de sant\u00e9 inquiets.\n<\/p>\n<p style= \"text-align: justify;\">\nEn cause, notamment, \u00ab les tests PCR \u00e0 domicile [qui] s&rsquo;acc\u00e9l\u00e8rent \u00bb, selon Jean-Michel Elvira, ancien pr\u00e9sident de l&rsquo;Onsil, l&rsquo;Organisation nationale des syndicats d&rsquo;infirmiers lib\u00e9raux. Ce dernier pr\u00e9vient d&rsquo;ailleurs : \u00ab Si nous n&rsquo;avons plus de gants, nous arr\u00eaterons de faire des tests PCR. \u00bb Et d&rsquo;ajouter : \u00ab Nos fournisseurs habituels sont en rupture de stock et les prix explosent. \u00bb L&rsquo;infirmier d\u00e9taille aussi qu&rsquo;il avait l&rsquo;habitude de se procurer des gants \u00e0 un prix compris \u00ab entre quatre et cinq euros la bo\u00eete de 100. Aujourd&rsquo;hui, ils co\u00fbtent entre 13 et 15 euros\u2026 Quand on en trouve. \u00bb\n<\/p>\n<p style= \"text-align: justify;\">\n<strong><br \/>\nLe risque d&rsquo;un \u00ab m\u00e9susage des gants \u00bb<br \/>\n<\/strong>\n<\/p>\n<p style= \"text-align: justify;\">\nLes autorit\u00e9s ont elles aussi constat\u00e9 cette p\u00e9nurie \u00e0 venir. La Direction g\u00e9n\u00e9rale de la sant\u00e9 (DGS) \u00e9voque ainsi une \u00ab hausse de la consommation, entre cinq et 20 fois la demande normale selon le type d&rsquo;EPI (\u00e9quipement de protection individuelle) \u00bb. Du c\u00f4t\u00e9 des producteurs, la Malaysian Rubber Glove Manufacturers Association (Margma), un regroupement de fabricants de gants en caoutchouc malaisien qui produit environ 20 % des gants en latex vendus dans le monde, anticipe une hausse de 20 % de la demande mondiale.\n<\/p>\n<p style= \"text-align: justify;\">\nEn France, la DGS a donc sollicit\u00e9 la Soci\u00e9t\u00e9 fran\u00e7aise d&rsquo;hygi\u00e8ne hospitali\u00e8re (SF2H) afin qu&rsquo;elle dresse une s\u00e9rie de \u00ab mesures d&rsquo;utilisation de gants \u00e0 mettre en place dans le cas d&rsquo;une \u00e9ventuelle p\u00e9nurie \u00bb, selon le Dr Bruno Grandbastien, pr\u00e9sident de la SF2H. Le m\u00e9decin pr\u00e9cise que \u00ab la r\u00e9alisation d&rsquo;un test PCR est un geste qui n\u00e9cessite le port de gants, car il y a un contact avec la muqueuse nasale. Tout comme la prise de sang \u00bb. En revanche, \u00ab il n&rsquo;est pas utile de porter des gants pour la prise en charge d&rsquo;un patient ou d&rsquo;un r\u00e9sident d&rsquo;un Ehpad par exemple \u00bb, rappelle-t-il. \u00ab Un m\u00e9susage des gants \u00e0 usage unique contribue \u00e0 augmenter les risques d&rsquo;autocontamination. Le recours \u00e0 la friction hydroalcoolique est \u00e0 privil\u00e9gier \u00bb, alerte encore le pr\u00e9sident de SF2H.\n<\/p>\n<p style= \"text-align: justify;\">\n","protected":false},"excerpt":{"rendered":"<p>Publi\u00e9 le 11\/08\/2020 &#8211; Le Point Apr\u00e8s le gel hydroalcoolique et les masques jetables, un autre produit indispensable \u00e0 la lutte contre l&rsquo;\u00e9pid\u00e9mie de coronavirus se rar\u00e9fie progressivement : les gants. France Info a ainsi recueilli les t\u00e9moignages de professionnels de sant\u00e9 inquiets. En cause, notamment, \u00ab les tests PCR \u00e0 domicile [qui] s&rsquo;acc\u00e9l\u00e8rent \u00bb, [&hellip;]<\/p>\n","protected":false},"author":1,"featured_media":0,"comment_status":"closed","ping_status":"closed","sticky":false,"template":"","format":"standard","meta":{"footnotes":""},"categories":[8],"tags":[],"views":828,"_links":{"self":[{"href":"http:\/\/www.cgt-hopital-manosque.fr\/index.php?rest_route=\/wp\/v2\/posts\/7875"}],"collection":[{"href":"http:\/\/www.cgt-hopital-manosque.fr\/index.php?rest_route=\/wp\/v2\/posts"}],"about":[{"href":"http:\/\/www.cgt-hopital-manosque.fr\/index.php?rest_route=\/wp\/v2\/types\/post"}],"author":[{"embeddable":true,"href":"http:\/\/www.cgt-hopital-manosque.fr\/index.php?rest_route=\/wp\/v2\/users\/1"}],"replies":[{"embeddable":true,"href":"http:\/\/www.cgt-hopital-manosque.fr\/index.php?rest_route=%2Fwp%2Fv2%2Fcomments&post=7875"}],"version-history":[{"count":2,"href":"http:\/\/www.cgt-hopital-manosque.fr\/index.php?rest_route=\/wp\/v2\/posts\/7875\/revisions"}],"predecessor-version":[{"id":7880,"href":"http:\/\/www.cgt-hopital-manosque.fr\/index.php?rest_route=\/wp\/v2\/posts\/7875\/revisions\/7880"}],"wp:attachment":[{"href":"http:\/\/www.cgt-hopital-manosque.fr\/index.php?rest_route=%2Fwp%2Fv2%2Fmedia&parent=7875"}],"wp:term":[{"taxonomy":"category","embeddable":true,"href":"http:\/\/www.cgt-hopital-manosque.fr\/index.php?rest_route=%2Fwp%2Fv2%2Fcategories&post=7875"},{"taxonomy":"post_tag","embeddable":true,"href":"http:\/\/www.cgt-hopital-manosque.fr\/index.php?rest_route=%2Fwp%2Fv2%2Ftags&post=7875"}],"curies":[{"name":"wp","href":"https:\/\/api.w.org\/{rel}","templated":true}]}}