{"id":7882,"date":"2020-08-24T16:41:39","date_gmt":"2020-08-24T16:41:39","guid":{"rendered":"http:\/\/www.cgt-hopital-manosque.fr\/?p=7882"},"modified":"2020-08-24T16:43:27","modified_gmt":"2020-08-24T16:43:27","slug":"24-aout-2020-note-du-ministere-de-la-sante-du-20-aout-2020-sur-les-tests-covid","status":"publish","type":"post","link":"http:\/\/www.cgt-hopital-manosque.fr\/?p=7882","title":{"rendered":"24 ao\u00fbt 2020 &#8211; Note du Minist\u00e8re de la sant\u00e9 du 20 ao\u00fbt 2020 sur les tests Covid"},"content":{"rendered":"<p><a href=\"http:\/\/www.cgt-hopital-manosque.fr\/wp-content\/uploads\/2020\/08\/1284.-Note-minist\u00e8re-de-la-sant\u00e9-tests-Covid.jpg\"><img loading=\"lazy\" decoding=\"async\" src=\"http:\/\/www.cgt-hopital-manosque.fr\/wp-content\/uploads\/2020\/08\/1284.-Note-minist\u00e8re-de-la-sant\u00e9-tests-Covid.jpg\" alt=\"Note minist\u00e8re de la sant\u00e9 tests Covid\" width=\"618\" height=\"367\" class=\"aligncenter size-full wp-image-7883\" srcset=\"http:\/\/www.cgt-hopital-manosque.fr\/wp-content\/uploads\/2020\/08\/1284.-Note-minist\u00e8re-de-la-sant\u00e9-tests-Covid.jpg 618w, http:\/\/www.cgt-hopital-manosque.fr\/wp-content\/uploads\/2020\/08\/1284.-Note-minist\u00e8re-de-la-sant\u00e9-tests-Covid-300x178.jpg 300w\" sizes=\"(max-width: 618px) 100vw, 618px\" \/><\/a><\/p>\n<p style= \"text-align: justify;\">\n<strong><br \/>\nCi-joint une note du Directeur G\u00e9n\u00e9ral de la Sant\u00e9 \u00e0 l&rsquo;adresse des professionnels de sant\u00e9 pr\u00e9cisant les modalit\u00e9s des tests Covid.\n<\/p>\n<p><strong><br \/>\nPOUR CONSULTER LA NOTE : <a href=\"http:\/\/www.cgt-hopital-manosque.fr\/wp-content\/uploads\/2020\/08\/1284.-Note-minist\u00e8re-de-la-sant\u00e9-tests-Covid.pdf\">CLIQUER ICI<\/a>\n<\/p>\n<p style= \"text-align: justify;\">\nPlusieurs \u00e9l\u00e9ments sont \u00e0 retenir :<br \/>\n&#8211; il est recommand\u00e9 de faire un test \u00e0 la fin de son cong\u00e9 avant sa reprise du travail ainsi que dans d&rsquo;autres cas (sympt\u00f4mes, participation \u00e0 des rassemblements&#8230;)\n<\/p>\n<p style= \"text-align: justify;\">\n&#8211; quel que soit l&rsquo;endroit o\u00f9 ce test est r\u00e9alis\u00e9 (\u00e9tablissement ou laboratoire priv\u00e9), les r\u00e9sultats doivent \u00eatre transmis \u00e0 la m\u00e9decine du travail (et pas \u00e0 la Direction).\n<\/p>\n<p style= \"text-align: justify;\">\n&#8211; Certains Directeurs outrepassent aujourd&rsquo;hui all\u00e8grement leurs pr\u00e9rogatives :<br \/>\n* en imposant depuis quelques semaines des tests \u00e0 des cadences soutenues<br \/>\n* en exigeant directement des laboratoires les r\u00e9sultats de ces tests au m\u00e9pris du secret m\u00e9dical et du r\u00f4le de la m\u00e9decine pr\u00e9ventive\n<\/p>\n<p style= \"text-align: justify;\">\nNous g\u00e9rons cette probl\u00e9matique avec la plus grande vigilance. Merci de nous informer de tout probl\u00e8me sur le sujet.<\/p>\n<p> <\/strong>\n<\/p>\n<p style= \"text-align: justify;\">\n","protected":false},"excerpt":{"rendered":"<p>Ci-joint une note du Directeur G\u00e9n\u00e9ral de la Sant\u00e9 \u00e0 l&rsquo;adresse des professionnels de sant\u00e9 pr\u00e9cisant les modalit\u00e9s des tests Covid. POUR CONSULTER LA NOTE : CLIQUER ICI Plusieurs \u00e9l\u00e9ments sont \u00e0 retenir : &#8211; il est recommand\u00e9 de faire un test \u00e0 la fin de son cong\u00e9 avant sa reprise du travail ainsi que [&hellip;]<\/p>\n","protected":false},"author":1,"featured_media":0,"comment_status":"closed","ping_status":"closed","sticky":false,"template":"","format":"standard","meta":{"footnotes":""},"categories":[8],"tags":[],"views":866,"_links":{"self":[{"href":"http:\/\/www.cgt-hopital-manosque.fr\/index.php?rest_route=\/wp\/v2\/posts\/7882"}],"collection":[{"href":"http:\/\/www.cgt-hopital-manosque.fr\/index.php?rest_route=\/wp\/v2\/posts"}],"about":[{"href":"http:\/\/www.cgt-hopital-manosque.fr\/index.php?rest_route=\/wp\/v2\/types\/post"}],"author":[{"embeddable":true,"href":"http:\/\/www.cgt-hopital-manosque.fr\/index.php?rest_route=\/wp\/v2\/users\/1"}],"replies":[{"embeddable":true,"href":"http:\/\/www.cgt-hopital-manosque.fr\/index.php?rest_route=%2Fwp%2Fv2%2Fcomments&post=7882"}],"version-history":[{"count":4,"href":"http:\/\/www.cgt-hopital-manosque.fr\/index.php?rest_route=\/wp\/v2\/posts\/7882\/revisions"}],"predecessor-version":[{"id":7888,"href":"http:\/\/www.cgt-hopital-manosque.fr\/index.php?rest_route=\/wp\/v2\/posts\/7882\/revisions\/7888"}],"wp:attachment":[{"href":"http:\/\/www.cgt-hopital-manosque.fr\/index.php?rest_route=%2Fwp%2Fv2%2Fmedia&parent=7882"}],"wp:term":[{"taxonomy":"category","embeddable":true,"href":"http:\/\/www.cgt-hopital-manosque.fr\/index.php?rest_route=%2Fwp%2Fv2%2Fcategories&post=7882"},{"taxonomy":"post_tag","embeddable":true,"href":"http:\/\/www.cgt-hopital-manosque.fr\/index.php?rest_route=%2Fwp%2Fv2%2Ftags&post=7882"}],"curies":[{"name":"wp","href":"https:\/\/api.w.org\/{rel}","templated":true}]}}