{"id":7909,"date":"2020-09-05T11:41:29","date_gmt":"2020-09-05T11:41:29","guid":{"rendered":"http:\/\/www.cgt-hopital-manosque.fr\/?p=7909"},"modified":"2020-09-05T11:41:29","modified_gmt":"2020-09-05T11:41:29","slug":"5-septembre-2020-apres-14-mois-de-lutte-ensemble-nous-avons-gagne-la-reouverture-des-urgences-de-nuit-a-sisteron","status":"publish","type":"post","link":"http:\/\/www.cgt-hopital-manosque.fr\/?p=7909","title":{"rendered":"5 septembre 2020 &#8211; Apr\u00e8s 14 mois de lutte, ensemble nous avons gagn\u00e9 la r\u00e9ouverture des urgences de nuit \u00e0 Sisteron"},"content":{"rendered":"<p><strong><\/p>\n<p style= \"text-align: justify;\">\nBonjour,<br \/>\nDans un contexte o\u00f9 les mots sont vid\u00e9s de leur sens, o\u00f9 les paroles creuses sont devenues la norme, s\u2019il y a bien une expression qui garde tout son sens, c\u2019est bien : \u00ab La lutte paie ! \u00bb.<\/p>\n<p style= \"text-align: justify;\">\nOn nous parle souvent de v\u00e9rit\u00e9 ou de faux, de bien ou de mal, de l\u00e9gal ou d\u2019ill\u00e9gal, mais les fronti\u00e8res sont tr\u00e8s mall\u00e9ables, bougent, en fonction des rapports de force du moment. Oui, c&rsquo;est le rapport de force qui fait la diff\u00e9rence !<\/p>\n<p style= \"text-align: justify;\">\nRien n\u2019est jamais acquis et rien n\u2019est jamais perdu. Notre d\u00e9termination, notre volont\u00e9 est comme un fleuve qui fait avancer le bateau de nos revendications et de nos choix de soci\u00e9t\u00e9.<\/p>\n<p style= \"text-align: justify;\">\nEn approfondissant les sujets, on se rend compte que le d\u00e9bat se situe ailleurs qu\u2019entre le vrai et le faux. Le d\u00e9bat, est dans le sens qu\u2019on va donner aux choses et notamment dans le sens que nous y donnerons collectivement.<\/p>\n<p style= \"text-align: justify;\">\nIl y a une lutte qui dure depuis 14 mois, c\u2019est celle pour exiger la r\u00e9ouverture du service des Urgences de nuit \u00e0 Sisteron. Tous les lundis soir s\u2019organise une mobilisation syndicale et citoyenne \u00e0 Sisteron (hormis la p\u00e9riode du confinement du 16 mars au 11 mai). Ce qui correspond \u00e0 plus de 50 rassemblements en 14 mois.<\/p>\n<p style= \"text-align: justify;\">\nAlors, certes \u00e7a n\u2019a pas \u00e9t\u00e9 facile, parfois contraignant, mais c\u2019est une lutte \u00e0 laquelle nous avons donn\u00e9 du sens depuis le d\u00e9part et c\u2019est pourquoi de nombreuses personnes s\u2019y sont retrouv\u00e9es. D\u00e8s le d\u00e9but, nous avons v\u00e9hicul\u00e9e un discours positif et d\u00e9termin\u00e9 en expliquant que la puissance de la volont\u00e9 peut faire bouger n\u2019importe quelle ligne.<\/p>\n<p style= \"text-align: justify;\">\nD\u00e8s le d\u00e9part, les repr\u00e9sentants de l\u2019Etat, l\u2019ARS, les d\u00e9put\u00e9s\u2026 n\u2019ont pas \u00e9t\u00e9 \u00e0 l\u2019aise avec cette probl\u00e9matique, et au plus le mouvement a dur\u00e9, au plus cette g\u00eane a pris de l\u2019importance. Mais leur strat\u00e9gie de jouer la carte du pourrissement n\u2019a pas march\u00e9 et s\u2019est m\u00eame retourn\u00e9e contre eux.<\/p>\n<p style= \"text-align: justify;\">\nEt apr\u00e8s 14 mois de fermeture des Urgences de nuit \u00e0 Sisteron, jeudi 3 septembre, a \u00e9t\u00e9 enfin annonc\u00e9e leur r\u00e9ouverture pour lundi 7 septembre.<\/p>\n<p style= \"text-align: justify;\">\nC\u2019est une belle victoire collective !<br \/>\nEt c\u2019est une belle victoire pour toutes les valeurs et les revendications que nous portons !<\/p>\n<p style= \"text-align: justify;\">\nD\u00e8s demain, un autre combat commencera, ce sera de maintenir la pression afin que la situation des Urgences soit p\u00e9rennis\u00e9e, plus globalement afin que la situation de l\u2019h\u00f4pital soit p\u00e9rennis\u00e9e dans son ensemble, et encore plus globalement sur la question des services publics en zone rurale. Donc, le combat continue car les probl\u00e8mes de fond ne sont pas r\u00e9gl\u00e9s !<\/p>\n<p style= \"text-align: justify;\">\nQu\u2019ils arr\u00eatent de dynamiter nos h\u00f4pitaux, nos EHPAD, nos services publics, et qu\u2019ils se mettent enfin \u00e0 les dynamiser ! Et on leur rappellera chaque fois que c&rsquo;est n\u00e9cessaire !<\/p>\n<p style= \"text-align: justify;\">\nLundi soir, nous allons organiser un grand rassemblement festif devant les urgences de Sisteron pour prendre le temps de remercier toutes celles et tous ceux qui se sont mobilis\u00e9s avec d\u00e9termination. RDV lundi 7 septembre \u00e0 19h00 devant les Urgences de Sisteron !<\/p>\n<p style= \"text-align: justify;\">\nMerci \u00e0 toutes celles et tous ceux qui ont particip\u00e9 d&rsquo;une mani\u00e8re ou d&rsquo;une autre \u00e0 cette victoire !<br \/>\nOn l\u00e2che rien !<\/p>\n<p style= \"text-align: justify;\">\n>> Ci-dessous le tract appelant \u00e0 se retrouver le lundi 7 septembre \u00e0 19h00 \u00e0 Sisteron :<br \/>\n<a href=\"http:\/\/www.cgt-hopital-manosque.fr\/wp-content\/uploads\/2020\/09\/1288.-Victoire-R\u00e9ouverture-des-Urgences-la-nuit-de-Sisteron.jpg\"><img loading=\"lazy\" decoding=\"async\" src=\"http:\/\/www.cgt-hopital-manosque.fr\/wp-content\/uploads\/2020\/09\/1288.-Victoire-R\u00e9ouverture-des-Urgences-la-nuit-de-Sisteron.jpg\" alt=\"1288. Victoire R\u00e9ouverture des Urgences la nuit de Sisteron\" width=\"1240\" height=\"1754\" class=\"aligncenter size-full wp-image-7910\" srcset=\"http:\/\/www.cgt-hopital-manosque.fr\/wp-content\/uploads\/2020\/09\/1288.-Victoire-R\u00e9ouverture-des-Urgences-la-nuit-de-Sisteron.jpg 1240w, http:\/\/www.cgt-hopital-manosque.fr\/wp-content\/uploads\/2020\/09\/1288.-Victoire-R\u00e9ouverture-des-Urgences-la-nuit-de-Sisteron-212x300.jpg 212w, http:\/\/www.cgt-hopital-manosque.fr\/wp-content\/uploads\/2020\/09\/1288.-Victoire-R\u00e9ouverture-des-Urgences-la-nuit-de-Sisteron-724x1024.jpg 724w\" sizes=\"(max-width: 1240px) 100vw, 1240px\" \/><\/a><\/p>\n<p style= \"text-align: justify;\">\n>> Pour consulter l&rsquo;article du journal La Provence du 3 septembre \u00ab\u00a0Dynamiser et non pas dynamiter l&rsquo;h\u00f4pital\u00a0\u00bb, annon\u00e7ant la r\u00e9ouverture des urgences de nuit, cliquer sur ce lien :  <a href=\"https:\/\/www.laprovence.com\/article\/societe\/6096614\/reouverture-des-urgences-de-sisteron-dynamiser-et-non-pas-dynamiter-lhopital.html\n\"target=\"_blank\">CLIQUER ICI<\/a><\/p>\n<p style= \"text-align: justify;\">\n>> Pour consulter l&rsquo;article de M\u00e9diapart du 1er septembre \u00ab\u00a0Le Tour passe \u00e0 Sisteron, o\u00f9 la fermeture des urgences ne passe pas\u00a0\u00bb, cliquer sur ce lien :  <a href=\"https:\/\/www.facebook.com\/notes\/sisteron-non-%C3%A0-la-fermeture-de-nuit-des-urgences\/mediapart-le-tour-passe-%C3%A0-sisteron-o%C3%B9-la-fermeture-des-urgences-ne-passe-pas\/3405601509478303\/\"target=\"_blank\">CLIQUER ICI<\/a><\/p>\n<p style= \"text-align: justify;\">\n>> Ci-dessous l&rsquo;article du journal La Provence du 1er septembre suite au rassemblement de la veille lors du passage du Tour de France \u00e0 Sisteron :<br \/>\n<a href=\"http:\/\/www.cgt-hopital-manosque.fr\/wp-content\/uploads\/2020\/09\/1288.-Article-La-Provence-du-1er-septembre-2020.jpg\"><img loading=\"lazy\" decoding=\"async\" src=\"http:\/\/www.cgt-hopital-manosque.fr\/wp-content\/uploads\/2020\/09\/1288.-Article-La-Provence-du-1er-septembre-2020.jpg\" alt=\"Article La Provence du 1er septembre 2020\" width=\"626\" height=\"709\" class=\"aligncenter size-full wp-image-7911\" srcset=\"http:\/\/www.cgt-hopital-manosque.fr\/wp-content\/uploads\/2020\/09\/1288.-Article-La-Provence-du-1er-septembre-2020.jpg 626w, http:\/\/www.cgt-hopital-manosque.fr\/wp-content\/uploads\/2020\/09\/1288.-Article-La-Provence-du-1er-septembre-2020-265x300.jpg 265w\" sizes=\"(max-width: 626px) 100vw, 626px\" \/><\/a><\/p>\n<p style= \"text-align: justify;\">\n>> Pour voir la vid\u00e9o de DICI TV du 31 ao\u00fbt 2020, cliquer sur sur l&rsquo;image cidessous :<br \/>\n<iframe loading=\"lazy\" src=\"https:\/\/player.vimeo.com\/video\/453285324?app_id=122963\" width=\"500\" height=\"281\" frameborder=\"0\" allow=\"autoplay; fullscreen\" allowfullscreen title=\"Sisteron : La mobilisation pour la r&amp;eacute;ouverture des urgences de nuit renforc&amp;eacute;e par le passage du Tour de France\"><\/iframe><\/p>\n<p style= \"text-align: justify;\">\n>> Pour \u00e9couter l&rsquo;interview audio diffus\u00e9 dans le journal du matin du 1er septembre sur la radio France Bleu Provence : <a href=\"http:\/\/www.cgt-hopital-manosque.fr\/wp-content\/uploads\/2020\/09\/1288.-Extrait-journal-radio-France-Bleu-Provence-du-1er-septembre-2020.mp3\">CLIQUER ICI<\/a><\/p>\n<p><\/strong><\/p>\n<p style= \"text-align: justify;\">\n","protected":false},"excerpt":{"rendered":"<p>Bonjour, Dans un contexte o\u00f9 les mots sont vid\u00e9s de leur sens, o\u00f9 les paroles creuses sont devenues la norme, s\u2019il y a bien une expression qui garde tout son sens, c\u2019est bien : \u00ab La lutte paie ! \u00bb. On nous parle souvent de v\u00e9rit\u00e9 ou de faux, de bien ou de mal, de [&hellip;]<\/p>\n","protected":false},"author":1,"featured_media":0,"comment_status":"closed","ping_status":"closed","sticky":false,"template":"","format":"standard","meta":{"footnotes":""},"categories":[7],"tags":[],"views":785,"_links":{"self":[{"href":"http:\/\/www.cgt-hopital-manosque.fr\/index.php?rest_route=\/wp\/v2\/posts\/7909"}],"collection":[{"href":"http:\/\/www.cgt-hopital-manosque.fr\/index.php?rest_route=\/wp\/v2\/posts"}],"about":[{"href":"http:\/\/www.cgt-hopital-manosque.fr\/index.php?rest_route=\/wp\/v2\/types\/post"}],"author":[{"embeddable":true,"href":"http:\/\/www.cgt-hopital-manosque.fr\/index.php?rest_route=\/wp\/v2\/users\/1"}],"replies":[{"embeddable":true,"href":"http:\/\/www.cgt-hopital-manosque.fr\/index.php?rest_route=%2Fwp%2Fv2%2Fcomments&post=7909"}],"version-history":[{"count":1,"href":"http:\/\/www.cgt-hopital-manosque.fr\/index.php?rest_route=\/wp\/v2\/posts\/7909\/revisions"}],"predecessor-version":[{"id":7913,"href":"http:\/\/www.cgt-hopital-manosque.fr\/index.php?rest_route=\/wp\/v2\/posts\/7909\/revisions\/7913"}],"wp:attachment":[{"href":"http:\/\/www.cgt-hopital-manosque.fr\/index.php?rest_route=%2Fwp%2Fv2%2Fmedia&parent=7909"}],"wp:term":[{"taxonomy":"category","embeddable":true,"href":"http:\/\/www.cgt-hopital-manosque.fr\/index.php?rest_route=%2Fwp%2Fv2%2Fcategories&post=7909"},{"taxonomy":"post_tag","embeddable":true,"href":"http:\/\/www.cgt-hopital-manosque.fr\/index.php?rest_route=%2Fwp%2Fv2%2Ftags&post=7909"}],"curies":[{"name":"wp","href":"https:\/\/api.w.org\/{rel}","templated":true}]}}