{"id":7914,"date":"2020-09-08T18:09:13","date_gmt":"2020-09-08T18:09:13","guid":{"rendered":"http:\/\/www.cgt-hopital-manosque.fr\/?p=7914"},"modified":"2020-09-08T18:10:38","modified_gmt":"2020-09-08T18:10:38","slug":"8-septembre-2020-reanimation-billet-dhumeur-de-christophe-prudhomme","status":"publish","type":"post","link":"http:\/\/www.cgt-hopital-manosque.fr\/?p=7914","title":{"rendered":"8 septembre 2020 &#8211; R\u00e9animation &#8211; Billet d&rsquo;humeur de Christophe Prudhomme"},"content":{"rendered":"<p><a href=\"http:\/\/www.cgt-hopital-manosque.fr\/wp-content\/uploads\/2020\/07\/1274.-S\u00e9gur-de-la-sant\u00e9-Christophe-Prudhomme.jpg\"><img loading=\"lazy\" decoding=\"async\" src=\"http:\/\/www.cgt-hopital-manosque.fr\/wp-content\/uploads\/2020\/07\/1274.-S\u00e9gur-de-la-sant\u00e9-Christophe-Prudhomme.jpg\" alt=\"1274. S\u00e9gur de la sant\u00e9 Christophe Prudhomme\" width=\"1048\" height=\"450\" class=\"aligncenter size-full wp-image-7818\" srcset=\"http:\/\/www.cgt-hopital-manosque.fr\/wp-content\/uploads\/2020\/07\/1274.-S\u00e9gur-de-la-sant\u00e9-Christophe-Prudhomme.jpg 1048w, http:\/\/www.cgt-hopital-manosque.fr\/wp-content\/uploads\/2020\/07\/1274.-S\u00e9gur-de-la-sant\u00e9-Christophe-Prudhomme-300x129.jpg 300w, http:\/\/www.cgt-hopital-manosque.fr\/wp-content\/uploads\/2020\/07\/1274.-S\u00e9gur-de-la-sant\u00e9-Christophe-Prudhomme-1024x440.jpg 1024w\" sizes=\"(max-width: 1048px) 100vw, 1048px\" \/><\/a><\/p>\n<p><strong><\/p>\n<p style= \"text-align: justify;\">\nBillet d&rsquo;humeur de la semaine<\/p>\n<p style= \"text-align: justify;\">\n\u00ab\u00a0R\u00e9animation\u00a0\u00bb\n<\/p>\n<p style= \"text-align: justify;\">\nLe virus circule toujours et le nombre d\u2019hospitalisations qui \u00e9tait tr\u00e8s faible, notamment en r\u00e9animation, augmente l\u00e9g\u00e8rement nationalement et de mani\u00e8re un peu plus marqu\u00e9e dans les Bouches-du-Rh\u00f4ne. Mais pourquoi cette inqui\u00e9tude de la part du gouvernement ? La r\u00e9ponse est facile \u00e0 trouver. Apr\u00e8s la crise, nous sommes revenus \u00e0 notre nombre tr\u00e8s r\u00e9duit de lits de r\u00e9animation, soit 5 500 nationalement. Ce qui repr\u00e9sente un chiffre rapport\u00e9 \u00e0 la population tr\u00e8s inf\u00e9rieur \u00e0 ce qui existe dans d\u2019autres pays qui, face \u00e0 un nombre de patients similaire, n\u2019ont pas connu la crise que nous avons subie avec la n\u00e9cessit\u00e9 de stopper quasiment toute activit\u00e9 hospitali\u00e8re pour ouvrir en catastrophe des lits de r\u00e9animation.\n<\/p>\n<p style= \"text-align: justify;\">\nLe ministre de la Sant\u00e9 apr\u00e8s le pic de l\u2019\u00e9pid\u00e9mie s\u2019\u00e9tait f\u00e9licit\u00e9 du fait que \u00ab l\u2019h\u00f4pital avait tenu \u00bb et que le concept de \u00ab lits saisonniers \u00bb \u00e9tait la bonne solution. Et bien, monsieur le ministre la vie vous donne tort. Il \u00e9tait pr\u00e9visible que, sans parler de \u00ab deuxi\u00e8me vague \u00bb, le nombre de malades atteints de la COVID-19 n\u00e9cessitant une hospitalisation allait augmenter du fait du retour \u00e0 une vie \u00e9conomique et sociale proche de la normale. Sans vaccin, avec uniquement les masques et une capacit\u00e9 \u00e0 tester insuffisante et d\u00e9sorganis\u00e9e, il \u00e9tait \u00e9vident qu\u2019il fallait mettre nos h\u00f4pitaux  en situation de pouvoir augmenter leurs capacit\u00e9s en cas de besoin. Or rien n\u2019a \u00e9t\u00e9 fait, aucune ouverture de lits, pas de recrutement de personnel et un S\u00e9gur de la sant\u00e9 qui a largement d\u00e9\u00e7u les professionnels. Alors, oui, il manque des lits de r\u00e9animation \u00e0 Marseille comme il en manque dans toute la France. Il y a urgence \u00e0 former et \u00e0 embaucher du personnel pour augmenter de mani\u00e8re cons\u00e9quente nos capacit\u00e9s hospitali\u00e8res. La politique du flux tendu, de l\u2019ambulatoire et de la diminution des dur\u00e9es moyennes de s\u00e9jour montre ici ses limites. Un h\u00f4pital doit toujours disposer de capacit\u00e9s en r\u00e9serve pour justement \u00eatre pr\u00eat \u00e0 g\u00e9rer les situations de tension qui surviennent maintenant r\u00e9guli\u00e8rement, chaque hiver car il y a la grippe et chaque \u00e9t\u00e9 car il fait chaud ! La logique productiviste doit cesser et il faut accepter qu\u2019il y ait des lits vides avec du personnel qui a le temps de se former, de prendre ses vacances et aussi parfois de prendre des pauses.\n<\/p>\n<p style= \"text-align: justify;\">\nIl s\u2019agit de revenir au bon sens pour les services publics essentiels pour la population. L\u2019application aux services d\u2019incendie de la m\u00eame logique qu\u2019\u00e0 l\u2019h\u00f4pital signifierait la fermeture de nombreux centres de secours et l\u2019envoi \u00e0 la casse de nombreux engins car ils ne servent que trop peu souvent. Serait-ce acceptable ? Non, comme cela ne doit pas l\u2019\u00eatre pour les h\u00f4pitaux face \u00e0 des situations de crise r\u00e9currentes et donc pr\u00e9visibles.\n<\/p>\n<p style= \"text-align: justify;\">\nDr Christophe Prudhomme\n<\/p>\n<p><\/strong><\/p>\n<p style= \"text-align: justify;\">\n","protected":false},"excerpt":{"rendered":"<p>Billet d&rsquo;humeur de la semaine \u00ab\u00a0R\u00e9animation\u00a0\u00bb Le virus circule toujours et le nombre d\u2019hospitalisations qui \u00e9tait tr\u00e8s faible, notamment en r\u00e9animation, augmente l\u00e9g\u00e8rement nationalement et de mani\u00e8re un peu plus marqu\u00e9e dans les Bouches-du-Rh\u00f4ne. Mais pourquoi cette inqui\u00e9tude de la part du gouvernement ? La r\u00e9ponse est facile \u00e0 trouver. Apr\u00e8s la crise, nous sommes [&hellip;]<\/p>\n","protected":false},"author":1,"featured_media":0,"comment_status":"closed","ping_status":"closed","sticky":false,"template":"","format":"standard","meta":{"footnotes":""},"categories":[8],"tags":[],"views":1284,"_links":{"self":[{"href":"http:\/\/www.cgt-hopital-manosque.fr\/index.php?rest_route=\/wp\/v2\/posts\/7914"}],"collection":[{"href":"http:\/\/www.cgt-hopital-manosque.fr\/index.php?rest_route=\/wp\/v2\/posts"}],"about":[{"href":"http:\/\/www.cgt-hopital-manosque.fr\/index.php?rest_route=\/wp\/v2\/types\/post"}],"author":[{"embeddable":true,"href":"http:\/\/www.cgt-hopital-manosque.fr\/index.php?rest_route=\/wp\/v2\/users\/1"}],"replies":[{"embeddable":true,"href":"http:\/\/www.cgt-hopital-manosque.fr\/index.php?rest_route=%2Fwp%2Fv2%2Fcomments&post=7914"}],"version-history":[{"count":3,"href":"http:\/\/www.cgt-hopital-manosque.fr\/index.php?rest_route=\/wp\/v2\/posts\/7914\/revisions"}],"predecessor-version":[{"id":7917,"href":"http:\/\/www.cgt-hopital-manosque.fr\/index.php?rest_route=\/wp\/v2\/posts\/7914\/revisions\/7917"}],"wp:attachment":[{"href":"http:\/\/www.cgt-hopital-manosque.fr\/index.php?rest_route=%2Fwp%2Fv2%2Fmedia&parent=7914"}],"wp:term":[{"taxonomy":"category","embeddable":true,"href":"http:\/\/www.cgt-hopital-manosque.fr\/index.php?rest_route=%2Fwp%2Fv2%2Fcategories&post=7914"},{"taxonomy":"post_tag","embeddable":true,"href":"http:\/\/www.cgt-hopital-manosque.fr\/index.php?rest_route=%2Fwp%2Fv2%2Ftags&post=7914"}],"curies":[{"name":"wp","href":"https:\/\/api.w.org\/{rel}","templated":true}]}}