{"id":7964,"date":"2020-10-12T10:42:52","date_gmt":"2020-10-12T10:42:52","guid":{"rendered":"http:\/\/www.cgt-hopital-manosque.fr\/?p=7964"},"modified":"2020-10-12T10:48:21","modified_gmt":"2020-10-12T10:48:21","slug":"11-octobre-2020-75-ans-de-la-securite-sociale-pour-une-reconquete-integralite-en-video-de-la-conference-nationale","status":"publish","type":"post","link":"http:\/\/www.cgt-hopital-manosque.fr\/?p=7964","title":{"rendered":"11 octobre 2020 &#8211; 75 ans de la S\u00e9curit\u00e9 Sociale&#8230; pour une reconqu\u00eate (int\u00e9gralit\u00e9 en vid\u00e9o de la conf\u00e9rence nationale)"},"content":{"rendered":"<p><strong><\/p>\n<p style= \"text-align: justify;\">\n75 ans de la S\u00e9curit\u00e9 Sociale&#8230; pour une reconqu\u00eate, pour voir la Partie 1, cliquer ci-dessous (la vid\u00e9o commence vers 10mn10s) :<br \/>\n<iframe loading=\"lazy\" width=\"500\" height=\"281\" src=\"https:\/\/www.youtube.com\/embed\/euJ6_hDCSog?feature=oembed\" frameborder=\"0\" allow=\"accelerometer; autoplay; clipboard-write; encrypted-media; gyroscope; picture-in-picture\" allowfullscreen><\/iframe>\n<\/p>\n<p style= \"text-align: justify;\">\n75 ans de la S\u00e9curit\u00e9 Sociale&#8230; pour une reconqu\u00eate, pour voir la Partie 2, cliquer ci-dessous (la vid\u00e9o commence vers 8mn30s) :<br \/>\n<iframe loading=\"lazy\" width=\"500\" height=\"281\" src=\"https:\/\/www.youtube.com\/embed\/7Hb8dUhEfQg?feature=oembed\" frameborder=\"0\" allow=\"accelerometer; autoplay; clipboard-write; encrypted-media; gyroscope; picture-in-picture\" allowfullscreen><\/iframe>\n<\/p>\n<p><\/strong><\/p>\n<p style= \"text-align: justify;\">\n","protected":false},"excerpt":{"rendered":"<p>75 ans de la S\u00e9curit\u00e9 Sociale&#8230; pour une reconqu\u00eate, pour voir la Partie 1, cliquer ci-dessous (la vid\u00e9o commence vers 10mn10s) : 75 ans de la S\u00e9curit\u00e9 Sociale&#8230; pour une reconqu\u00eate, pour voir la Partie 2, cliquer ci-dessous (la vid\u00e9o commence vers 8mn30s) :<\/p>\n","protected":false},"author":1,"featured_media":0,"comment_status":"closed","ping_status":"closed","sticky":false,"template":"","format":"standard","meta":{"footnotes":""},"categories":[8],"tags":[],"views":723,"_links":{"self":[{"href":"http:\/\/www.cgt-hopital-manosque.fr\/index.php?rest_route=\/wp\/v2\/posts\/7964"}],"collection":[{"href":"http:\/\/www.cgt-hopital-manosque.fr\/index.php?rest_route=\/wp\/v2\/posts"}],"about":[{"href":"http:\/\/www.cgt-hopital-manosque.fr\/index.php?rest_route=\/wp\/v2\/types\/post"}],"author":[{"embeddable":true,"href":"http:\/\/www.cgt-hopital-manosque.fr\/index.php?rest_route=\/wp\/v2\/users\/1"}],"replies":[{"embeddable":true,"href":"http:\/\/www.cgt-hopital-manosque.fr\/index.php?rest_route=%2Fwp%2Fv2%2Fcomments&post=7964"}],"version-history":[{"count":3,"href":"http:\/\/www.cgt-hopital-manosque.fr\/index.php?rest_route=\/wp\/v2\/posts\/7964\/revisions"}],"predecessor-version":[{"id":7967,"href":"http:\/\/www.cgt-hopital-manosque.fr\/index.php?rest_route=\/wp\/v2\/posts\/7964\/revisions\/7967"}],"wp:attachment":[{"href":"http:\/\/www.cgt-hopital-manosque.fr\/index.php?rest_route=%2Fwp%2Fv2%2Fmedia&parent=7964"}],"wp:term":[{"taxonomy":"category","embeddable":true,"href":"http:\/\/www.cgt-hopital-manosque.fr\/index.php?rest_route=%2Fwp%2Fv2%2Fcategories&post=7964"},{"taxonomy":"post_tag","embeddable":true,"href":"http:\/\/www.cgt-hopital-manosque.fr\/index.php?rest_route=%2Fwp%2Fv2%2Ftags&post=7964"}],"curies":[{"name":"wp","href":"https:\/\/api.w.org\/{rel}","templated":true}]}}