{"id":7969,"date":"2020-10-21T06:34:35","date_gmt":"2020-10-21T06:34:35","guid":{"rendered":"http:\/\/www.cgt-hopital-manosque.fr\/?p=7969"},"modified":"2020-10-21T06:35:00","modified_gmt":"2020-10-21T06:35:00","slug":"21-octobre-2020-mobilisation-du-15-octobre-devant-lhopital-de-forcalquier","status":"publish","type":"post","link":"http:\/\/www.cgt-hopital-manosque.fr\/?p=7969","title":{"rendered":"21 octobre 2020 &#8211; Mobilisation du 15 octobre devant l&rsquo;h\u00f4pital de forcalquier"},"content":{"rendered":"<p><strong><\/p>\n<p style= \"text-align: justify;\">\n\u00ab\u00a0Ils \u00e9taient une centaine, syndicats, soignants de tout le d\u00e9partement et m\u00eame quelques \u00e9lus (Vach\u00e8res, Nibles ou encore Reillanne) \u00e0 \u00eatre venus au rassemblement devant l&rsquo;h\u00f4pital de Forcalquier de ce jeudi organis\u00e9 par la CGT afin de d\u00e9noncer le manque de moyens de l&rsquo;h\u00f4pital pendant et hors crise covid-19. Si le S\u00e9gur de la sant\u00e9 a en partie r\u00e9pondu \u00e0 leurs demandes c&rsquo;est encore loin d&rsquo;\u00eatre suffisant et ils demandent outre l&rsquo;am\u00e9lioration des conditions de travail, des embauches et une augmentation des salaires.\u00a0\u00bb<br \/>\nDICI TV le 15\/10\/2020.\n<\/p>\n<p style= \"text-align: justify;\">\nPOUR VOIR LA VIDEO DE DICI TV, CLIQUER CI-DESSOUS :<br \/>\n<iframe loading=\"lazy\" src=\"https:\/\/player.vimeo.com\/video\/468562400?app_id=122963\" width=\"500\" height=\"281\" frameborder=\"0\" allow=\"autoplay; fullscreen\" allowfullscreen title=\"Alpes de Haute-Provence : l&amp;#039;h&amp;ocirc;pital toujours en crise, ils &amp;eacute;taient une centaine ce jeudi &amp;agrave; manifester &amp;agrave; Forcalquier\"><\/iframe>\n<\/p>\n<p style= \"text-align: justify;\">\nPOUR CONSULTER L&rsquo;ARTICLE DU JOURNAL LA PROVENCE, CLIQUER SUR L&rsquo;IMAGE CI-DESSOUS :<br \/>\n<a href=\"http:\/\/www.cgt-hopital-manosque.fr\/wp-content\/uploads\/2020\/10\/1301.-Article-La-Provence-du-16-octobre-2020.jpg\"><img loading=\"lazy\" decoding=\"async\" src=\"http:\/\/www.cgt-hopital-manosque.fr\/wp-content\/uploads\/2020\/10\/1301.-Article-La-Provence-du-16-octobre-2020.jpg\" alt=\"1301. Article La Provence du 16 octobre 2020\" width=\"423\" height=\"731\" class=\"aligncenter size-full wp-image-7970\" srcset=\"http:\/\/www.cgt-hopital-manosque.fr\/wp-content\/uploads\/2020\/10\/1301.-Article-La-Provence-du-16-octobre-2020.jpg 423w, http:\/\/www.cgt-hopital-manosque.fr\/wp-content\/uploads\/2020\/10\/1301.-Article-La-Provence-du-16-octobre-2020-174x300.jpg 174w\" sizes=\"(max-width: 423px) 100vw, 423px\" \/><\/a><\/p>\n<p><\/strong><\/p>\n<p style= \"text-align: justify;\">\n","protected":false},"excerpt":{"rendered":"<p>\u00ab\u00a0Ils \u00e9taient une centaine, syndicats, soignants de tout le d\u00e9partement et m\u00eame quelques \u00e9lus (Vach\u00e8res, Nibles ou encore Reillanne) \u00e0 \u00eatre venus au rassemblement devant l&rsquo;h\u00f4pital de Forcalquier de ce jeudi organis\u00e9 par la CGT afin de d\u00e9noncer le manque de moyens de l&rsquo;h\u00f4pital pendant et hors crise covid-19. Si le S\u00e9gur de la sant\u00e9 [&hellip;]<\/p>\n","protected":false},"author":1,"featured_media":0,"comment_status":"closed","ping_status":"closed","sticky":false,"template":"","format":"standard","meta":{"footnotes":""},"categories":[7],"tags":[],"views":748,"_links":{"self":[{"href":"http:\/\/www.cgt-hopital-manosque.fr\/index.php?rest_route=\/wp\/v2\/posts\/7969"}],"collection":[{"href":"http:\/\/www.cgt-hopital-manosque.fr\/index.php?rest_route=\/wp\/v2\/posts"}],"about":[{"href":"http:\/\/www.cgt-hopital-manosque.fr\/index.php?rest_route=\/wp\/v2\/types\/post"}],"author":[{"embeddable":true,"href":"http:\/\/www.cgt-hopital-manosque.fr\/index.php?rest_route=\/wp\/v2\/users\/1"}],"replies":[{"embeddable":true,"href":"http:\/\/www.cgt-hopital-manosque.fr\/index.php?rest_route=%2Fwp%2Fv2%2Fcomments&post=7969"}],"version-history":[{"count":2,"href":"http:\/\/www.cgt-hopital-manosque.fr\/index.php?rest_route=\/wp\/v2\/posts\/7969\/revisions"}],"predecessor-version":[{"id":7972,"href":"http:\/\/www.cgt-hopital-manosque.fr\/index.php?rest_route=\/wp\/v2\/posts\/7969\/revisions\/7972"}],"wp:attachment":[{"href":"http:\/\/www.cgt-hopital-manosque.fr\/index.php?rest_route=%2Fwp%2Fv2%2Fmedia&parent=7969"}],"wp:term":[{"taxonomy":"category","embeddable":true,"href":"http:\/\/www.cgt-hopital-manosque.fr\/index.php?rest_route=%2Fwp%2Fv2%2Fcategories&post=7969"},{"taxonomy":"post_tag","embeddable":true,"href":"http:\/\/www.cgt-hopital-manosque.fr\/index.php?rest_route=%2Fwp%2Fv2%2Ftags&post=7969"}],"curies":[{"name":"wp","href":"https:\/\/api.w.org\/{rel}","templated":true}]}}