{"id":7973,"date":"2020-10-22T17:20:48","date_gmt":"2020-10-22T17:20:48","guid":{"rendered":"http:\/\/www.cgt-hopital-manosque.fr\/?p=7973"},"modified":"2020-10-22T17:30:57","modified_gmt":"2020-10-22T17:30:57","slug":"22-octobre-2020-former-les-aides-soignants-en-15-jours-la-proposition-qui-passe-mal","status":"publish","type":"post","link":"http:\/\/www.cgt-hopital-manosque.fr\/?p=7973","title":{"rendered":"22 octobre 2020 &#8211; Former les aides-soignants en 15 jours ? La proposition qui passe mal\u2026"},"content":{"rendered":"<p><strong><\/p>\n<p style= \"text-align: justify;\">\nLa DGOS a expliqu\u00e9 devant des directeurs qu&rsquo;elle envisage de mettre en place une autorisation temporaire d&rsquo;exercice aide-soignant pour des non-aides-soignants et que ce dispositif reposerait sur des modules de formation tr\u00e8s courts, afin que sous quinze jours des personnels puissent disposer des bases du m\u00e9tier sans \u00eatre pr\u00e9alablement pass\u00e9s par un institut de formation d&rsquo;aides-soignants.<br \/>\nPour le moment c&rsquo;est seulement une intervention orale mais qui en dit long sur leurs intentions.<br \/>\nApr\u00e8s des  ann\u00e9es de suppression d&rsquo;effectifs, de suppression de lits et de casse du syst\u00e8me de sant\u00e9&#8230; des AS form\u00e9s en 15 jours ! Scandaleux !<br \/>\nNe les laissons pas faire et maintenons la pression pour qu&rsquo;ils ne sortent jamais ce projet de leur tiroir !\n<\/p>\n<p><a href=\"http:\/\/www.cgt-hopital-manosque.fr\/wp-content\/uploads\/2020\/10\/1302.-Tract-formation-aides-soignantes-en-15-jours.jpg\"><img loading=\"lazy\" decoding=\"async\" src=\"http:\/\/www.cgt-hopital-manosque.fr\/wp-content\/uploads\/2020\/10\/1302.-Tract-formation-aides-soignantes-en-15-jours.jpg\" alt=\"1302. Tract formation aides-soignantes en 15 jours\" width=\"1241\" height=\"1754\" class=\"aligncenter size-full wp-image-7974\" srcset=\"http:\/\/www.cgt-hopital-manosque.fr\/wp-content\/uploads\/2020\/10\/1302.-Tract-formation-aides-soignantes-en-15-jours.jpg 1241w, http:\/\/www.cgt-hopital-manosque.fr\/wp-content\/uploads\/2020\/10\/1302.-Tract-formation-aides-soignantes-en-15-jours-212x300.jpg 212w, http:\/\/www.cgt-hopital-manosque.fr\/wp-content\/uploads\/2020\/10\/1302.-Tract-formation-aides-soignantes-en-15-jours-725x1024.jpg 725w\" sizes=\"(max-width: 1241px) 100vw, 1241px\" \/><\/a><\/p>\n<p><a href=\"http:\/\/www.cgt-hopital-manosque.fr\/wp-content\/uploads\/2020\/10\/1302.-Former-les-aides-soignantes-en-15-jours-p2.jpg\"><img loading=\"lazy\" decoding=\"async\" src=\"http:\/\/www.cgt-hopital-manosque.fr\/wp-content\/uploads\/2020\/10\/1302.-Former-les-aides-soignantes-en-15-jours-p2.jpg\" alt=\"1302. Former les aides-soignantes en 15 jours p2\" width=\"828\" height=\"610\" class=\"aligncenter size-full wp-image-7975\" srcset=\"http:\/\/www.cgt-hopital-manosque.fr\/wp-content\/uploads\/2020\/10\/1302.-Former-les-aides-soignantes-en-15-jours-p2.jpg 828w, http:\/\/www.cgt-hopital-manosque.fr\/wp-content\/uploads\/2020\/10\/1302.-Former-les-aides-soignantes-en-15-jours-p2-300x221.jpg 300w\" sizes=\"(max-width: 828px) 100vw, 828px\" \/><\/a><\/p>\n<p style= \"text-align: justify;\">\nPOUR VOIR LE TRACT COMPLET : <a href=\"http:\/\/www.cgt-hopital-manosque.fr\/wp-content\/uploads\/2020\/10\/1302.-Tract-aides-soignantes-CGT-Sant\u00e9.pdf\">CLIQUER ICI<\/a>\n<\/p>\n<p><\/strong><\/p>\n<p style= \"text-align: justify;\">\n","protected":false},"excerpt":{"rendered":"<p>La DGOS a expliqu\u00e9 devant des directeurs qu&rsquo;elle envisage de mettre en place une autorisation temporaire d&rsquo;exercice aide-soignant pour des non-aides-soignants et que ce dispositif reposerait sur des modules de formation tr\u00e8s courts, afin que sous quinze jours des personnels puissent disposer des bases du m\u00e9tier sans \u00eatre pr\u00e9alablement pass\u00e9s par un institut de formation [&hellip;]<\/p>\n","protected":false},"author":1,"featured_media":0,"comment_status":"closed","ping_status":"closed","sticky":false,"template":"","format":"standard","meta":{"footnotes":""},"categories":[8],"tags":[],"views":907,"_links":{"self":[{"href":"http:\/\/www.cgt-hopital-manosque.fr\/index.php?rest_route=\/wp\/v2\/posts\/7973"}],"collection":[{"href":"http:\/\/www.cgt-hopital-manosque.fr\/index.php?rest_route=\/wp\/v2\/posts"}],"about":[{"href":"http:\/\/www.cgt-hopital-manosque.fr\/index.php?rest_route=\/wp\/v2\/types\/post"}],"author":[{"embeddable":true,"href":"http:\/\/www.cgt-hopital-manosque.fr\/index.php?rest_route=\/wp\/v2\/users\/1"}],"replies":[{"embeddable":true,"href":"http:\/\/www.cgt-hopital-manosque.fr\/index.php?rest_route=%2Fwp%2Fv2%2Fcomments&post=7973"}],"version-history":[{"count":7,"href":"http:\/\/www.cgt-hopital-manosque.fr\/index.php?rest_route=\/wp\/v2\/posts\/7973\/revisions"}],"predecessor-version":[{"id":7983,"href":"http:\/\/www.cgt-hopital-manosque.fr\/index.php?rest_route=\/wp\/v2\/posts\/7973\/revisions\/7983"}],"wp:attachment":[{"href":"http:\/\/www.cgt-hopital-manosque.fr\/index.php?rest_route=%2Fwp%2Fv2%2Fmedia&parent=7973"}],"wp:term":[{"taxonomy":"category","embeddable":true,"href":"http:\/\/www.cgt-hopital-manosque.fr\/index.php?rest_route=%2Fwp%2Fv2%2Fcategories&post=7973"},{"taxonomy":"post_tag","embeddable":true,"href":"http:\/\/www.cgt-hopital-manosque.fr\/index.php?rest_route=%2Fwp%2Fv2%2Ftags&post=7973"}],"curies":[{"name":"wp","href":"https:\/\/api.w.org\/{rel}","templated":true}]}}