{"id":7996,"date":"2020-11-10T20:24:58","date_gmt":"2020-11-10T20:24:58","guid":{"rendered":"http:\/\/www.cgt-hopital-manosque.fr\/?p=7996"},"modified":"2020-11-10T20:24:58","modified_gmt":"2020-11-10T20:24:58","slug":"10-novembre-2020-courrier-departemental-medico-social-183-euros-au-ministre-des-solidarites-et-de-la-sante","status":"publish","type":"post","link":"http:\/\/www.cgt-hopital-manosque.fr\/?p=7996","title":{"rendered":"10 novembre 2020 &#8211; Courrier d\u00e9partemental m\u00e9dico-social 183 euros au Ministre  des Solidarit\u00e9s et de la Sant\u00e9"},"content":{"rendered":"<p><a href=\"http:\/\/www.cgt-hopital-manosque.fr\/wp-content\/uploads\/2020\/11\/1305.-Courrier-m\u00e9dico-social-183-euros-S\u00e9gur-de-la-sant\u00e9.jpg\"><img loading=\"lazy\" decoding=\"async\" src=\"http:\/\/www.cgt-hopital-manosque.fr\/wp-content\/uploads\/2020\/11\/1305.-Courrier-m\u00e9dico-social-183-euros-S\u00e9gur-de-la-sant\u00e9.jpg\" alt=\"1305. Courrier m\u00e9dico-social 183 euros S\u00e9gur de la sant\u00e9\" width=\"1241\" height=\"1754\" class=\"aligncenter size-full wp-image-7997\" srcset=\"http:\/\/www.cgt-hopital-manosque.fr\/wp-content\/uploads\/2020\/11\/1305.-Courrier-m\u00e9dico-social-183-euros-S\u00e9gur-de-la-sant\u00e9.jpg 1241w, http:\/\/www.cgt-hopital-manosque.fr\/wp-content\/uploads\/2020\/11\/1305.-Courrier-m\u00e9dico-social-183-euros-S\u00e9gur-de-la-sant\u00e9-212x300.jpg 212w, http:\/\/www.cgt-hopital-manosque.fr\/wp-content\/uploads\/2020\/11\/1305.-Courrier-m\u00e9dico-social-183-euros-S\u00e9gur-de-la-sant\u00e9-725x1024.jpg 725w\" sizes=\"(max-width: 1241px) 100vw, 1241px\" \/><\/a><\/p>\n<p><strong><\/p>\n<p style= \"text-align: justify;\">\nPOUR VOIR LE DOCUMENT COMPLET : <a href=\"http:\/\/www.cgt-hopital-manosque.fr\/wp-content\/uploads\/2020\/11\/1305.-Courrier-m\u00e9dico-social-183-euros-S\u00e9gur-de-la-sant\u00e9.pdf\">CLIQUER ICI<\/a>\n<\/p>\n<p><\/strong><\/p>\n<p style= \"text-align: justify;\">\n","protected":false},"excerpt":{"rendered":"<p>POUR VOIR LE DOCUMENT COMPLET : CLIQUER ICI<\/p>\n","protected":false},"author":1,"featured_media":0,"comment_status":"closed","ping_status":"closed","sticky":false,"template":"","format":"standard","meta":{"footnotes":""},"categories":[7],"tags":[],"views":723,"_links":{"self":[{"href":"http:\/\/www.cgt-hopital-manosque.fr\/index.php?rest_route=\/wp\/v2\/posts\/7996"}],"collection":[{"href":"http:\/\/www.cgt-hopital-manosque.fr\/index.php?rest_route=\/wp\/v2\/posts"}],"about":[{"href":"http:\/\/www.cgt-hopital-manosque.fr\/index.php?rest_route=\/wp\/v2\/types\/post"}],"author":[{"embeddable":true,"href":"http:\/\/www.cgt-hopital-manosque.fr\/index.php?rest_route=\/wp\/v2\/users\/1"}],"replies":[{"embeddable":true,"href":"http:\/\/www.cgt-hopital-manosque.fr\/index.php?rest_route=%2Fwp%2Fv2%2Fcomments&post=7996"}],"version-history":[{"count":1,"href":"http:\/\/www.cgt-hopital-manosque.fr\/index.php?rest_route=\/wp\/v2\/posts\/7996\/revisions"}],"predecessor-version":[{"id":7999,"href":"http:\/\/www.cgt-hopital-manosque.fr\/index.php?rest_route=\/wp\/v2\/posts\/7996\/revisions\/7999"}],"wp:attachment":[{"href":"http:\/\/www.cgt-hopital-manosque.fr\/index.php?rest_route=%2Fwp%2Fv2%2Fmedia&parent=7996"}],"wp:term":[{"taxonomy":"category","embeddable":true,"href":"http:\/\/www.cgt-hopital-manosque.fr\/index.php?rest_route=%2Fwp%2Fv2%2Fcategories&post=7996"},{"taxonomy":"post_tag","embeddable":true,"href":"http:\/\/www.cgt-hopital-manosque.fr\/index.php?rest_route=%2Fwp%2Fv2%2Ftags&post=7996"}],"curies":[{"name":"wp","href":"https:\/\/api.w.org\/{rel}","templated":true}]}}