{"id":8014,"date":"2020-11-13T13:16:04","date_gmt":"2020-11-13T13:16:04","guid":{"rendered":"http:\/\/www.cgt-hopital-manosque.fr\/?p=8014"},"modified":"2020-11-17T14:28:50","modified_gmt":"2020-11-17T14:28:50","slug":"13-novembre-2020-commission-executive-federale-nationale-cgt-sante-et-action-sociale-intervention-de-cedric-volait-sur-les-libertes","status":"publish","type":"post","link":"http:\/\/www.cgt-hopital-manosque.fr\/?p=8014","title":{"rendered":"13 novembre 2020 &#8211; Commission Ex\u00e9cutive F\u00e9d\u00e9rale Nationale CGT Sant\u00e9 et Action Sociale &#8211; Intervention de C\u00e9dric Volait sur les libert\u00e9s individuelles et collectives"},"content":{"rendered":"<p><a href=\"http:\/\/www.cgt-hopital-manosque.fr\/wp-content\/uploads\/2020\/11\/1307.-La-libert\u00e9.png\"><img loading=\"lazy\" decoding=\"async\" src=\"http:\/\/www.cgt-hopital-manosque.fr\/wp-content\/uploads\/2020\/11\/1307.-La-libert\u00e9.png\" alt=\"1307. La libert\u00e9\" width=\"370\" height=\"259\" class=\"aligncenter size-full wp-image-8018\" srcset=\"http:\/\/www.cgt-hopital-manosque.fr\/wp-content\/uploads\/2020\/11\/1307.-La-libert\u00e9.png 370w, http:\/\/www.cgt-hopital-manosque.fr\/wp-content\/uploads\/2020\/11\/1307.-La-libert\u00e9-300x210.png 300w\" sizes=\"(max-width: 370px) 100vw, 370px\" \/><\/a><\/p>\n<p><a href=\"http:\/\/www.cgt-hopital-manosque.fr\/wp-content\/uploads\/2020\/11\/1307.-Intervention-CE-F\u00e9d\u00e9rale-CGT-Sant\u00e9-sur-les-Libert\u00e9s-1-sur-2.jpg\"><img loading=\"lazy\" decoding=\"async\" src=\"http:\/\/www.cgt-hopital-manosque.fr\/wp-content\/uploads\/2020\/11\/1307.-Intervention-CE-F\u00e9d\u00e9rale-CGT-Sant\u00e9-sur-les-Libert\u00e9s-1-sur-2.jpg\" alt=\"1307. Intervention CE F\u00e9d\u00e9rale CGT Sant\u00e9 sur les Libert\u00e9s (1 sur 2)\" width=\"1241\" height=\"1754\" class=\"aligncenter size-full wp-image-8015\" srcset=\"http:\/\/www.cgt-hopital-manosque.fr\/wp-content\/uploads\/2020\/11\/1307.-Intervention-CE-F\u00e9d\u00e9rale-CGT-Sant\u00e9-sur-les-Libert\u00e9s-1-sur-2.jpg 1241w, http:\/\/www.cgt-hopital-manosque.fr\/wp-content\/uploads\/2020\/11\/1307.-Intervention-CE-F\u00e9d\u00e9rale-CGT-Sant\u00e9-sur-les-Libert\u00e9s-1-sur-2-212x300.jpg 212w, http:\/\/www.cgt-hopital-manosque.fr\/wp-content\/uploads\/2020\/11\/1307.-Intervention-CE-F\u00e9d\u00e9rale-CGT-Sant\u00e9-sur-les-Libert\u00e9s-1-sur-2-725x1024.jpg 725w\" sizes=\"(max-width: 1241px) 100vw, 1241px\" \/><\/a><\/p>\n<p><a href=\"http:\/\/www.cgt-hopital-manosque.fr\/wp-content\/uploads\/2020\/11\/1307.-Intervention-CE-F\u00e9d\u00e9rale-CGT-Sant\u00e9-sur-les-Libert\u00e9s-2-sur-2.jpg\"><img loading=\"lazy\" decoding=\"async\" src=\"http:\/\/www.cgt-hopital-manosque.fr\/wp-content\/uploads\/2020\/11\/1307.-Intervention-CE-F\u00e9d\u00e9rale-CGT-Sant\u00e9-sur-les-Libert\u00e9s-2-sur-2.jpg\" alt=\"1307. Intervention CE F\u00e9d\u00e9rale CGT Sant\u00e9 sur les Libert\u00e9s (2 sur 2)\" width=\"1241\" height=\"1754\" class=\"aligncenter size-full wp-image-8016\" srcset=\"http:\/\/www.cgt-hopital-manosque.fr\/wp-content\/uploads\/2020\/11\/1307.-Intervention-CE-F\u00e9d\u00e9rale-CGT-Sant\u00e9-sur-les-Libert\u00e9s-2-sur-2.jpg 1241w, http:\/\/www.cgt-hopital-manosque.fr\/wp-content\/uploads\/2020\/11\/1307.-Intervention-CE-F\u00e9d\u00e9rale-CGT-Sant\u00e9-sur-les-Libert\u00e9s-2-sur-2-212x300.jpg 212w, http:\/\/www.cgt-hopital-manosque.fr\/wp-content\/uploads\/2020\/11\/1307.-Intervention-CE-F\u00e9d\u00e9rale-CGT-Sant\u00e9-sur-les-Libert\u00e9s-2-sur-2-725x1024.jpg 725w\" sizes=\"(max-width: 1241px) 100vw, 1241px\" \/><\/a><\/p>\n<p><strong><\/p>\n<p style= \"text-align: justify;\">\nPour voir l&rsquo;intervention compl\u00e8te de C\u00e9dric Volait lors de la CEF du 10 novembre 2020 sur la question des Libert\u00e9s : <a href=\"http:\/\/www.cgt-hopital-manosque.fr\/wp-content\/uploads\/2020\/11\/1307.-Intervention-CE-F\u00e9d\u00e9rale-CGT-Sant\u00e9-sur-les-Libert\u00e9s.pdf\">CLIQUER ICI<\/a>\n<\/p>\n<p><\/strong><\/p>\n<p style= \"text-align: justify;\">\n","protected":false},"excerpt":{"rendered":"<p>Pour voir l&rsquo;intervention compl\u00e8te de C\u00e9dric Volait lors de la CEF du 10 novembre 2020 sur la question des Libert\u00e9s : CLIQUER ICI<\/p>\n","protected":false},"author":1,"featured_media":0,"comment_status":"closed","ping_status":"closed","sticky":false,"template":"","format":"standard","meta":{"footnotes":""},"categories":[7],"tags":[],"views":874,"_links":{"self":[{"href":"http:\/\/www.cgt-hopital-manosque.fr\/index.php?rest_route=\/wp\/v2\/posts\/8014"}],"collection":[{"href":"http:\/\/www.cgt-hopital-manosque.fr\/index.php?rest_route=\/wp\/v2\/posts"}],"about":[{"href":"http:\/\/www.cgt-hopital-manosque.fr\/index.php?rest_route=\/wp\/v2\/types\/post"}],"author":[{"embeddable":true,"href":"http:\/\/www.cgt-hopital-manosque.fr\/index.php?rest_route=\/wp\/v2\/users\/1"}],"replies":[{"embeddable":true,"href":"http:\/\/www.cgt-hopital-manosque.fr\/index.php?rest_route=%2Fwp%2Fv2%2Fcomments&post=8014"}],"version-history":[{"count":4,"href":"http:\/\/www.cgt-hopital-manosque.fr\/index.php?rest_route=\/wp\/v2\/posts\/8014\/revisions"}],"predecessor-version":[{"id":8040,"href":"http:\/\/www.cgt-hopital-manosque.fr\/index.php?rest_route=\/wp\/v2\/posts\/8014\/revisions\/8040"}],"wp:attachment":[{"href":"http:\/\/www.cgt-hopital-manosque.fr\/index.php?rest_route=%2Fwp%2Fv2%2Fmedia&parent=8014"}],"wp:term":[{"taxonomy":"category","embeddable":true,"href":"http:\/\/www.cgt-hopital-manosque.fr\/index.php?rest_route=%2Fwp%2Fv2%2Fcategories&post=8014"},{"taxonomy":"post_tag","embeddable":true,"href":"http:\/\/www.cgt-hopital-manosque.fr\/index.php?rest_route=%2Fwp%2Fv2%2Ftags&post=8014"}],"curies":[{"name":"wp","href":"https:\/\/api.w.org\/{rel}","templated":true}]}}