{"id":8036,"date":"2020-11-17T14:27:25","date_gmt":"2020-11-17T14:27:25","guid":{"rendered":"http:\/\/www.cgt-hopital-manosque.fr\/?p=8036"},"modified":"2020-11-17T14:32:16","modified_gmt":"2020-11-17T14:32:16","slug":"17-novembre-2020-indemnite-exceptionnelle-de-stage-versee-aux-etudiants-en-soins-infirmiers-de-2e-et-3e-annees-une-main-doeuvre-bon-marche","status":"publish","type":"post","link":"http:\/\/www.cgt-hopital-manosque.fr\/?p=8036","title":{"rendered":"17 novembre 2020 &#8211; Indemnit\u00e9 exceptionnelle de stage vers\u00e9e aux \u00e9tudiants en soins infirmiers de 2e et 3e ann\u00e9es : une main d&rsquo;\u0153uvre bon march\u00e9"},"content":{"rendered":"<p><a href=\"http:\/\/www.cgt-hopital-manosque.fr\/wp-content\/uploads\/2020\/11\/1310.-Indemnit\u00e9-exceptionnelle-de-stage-\u00e9tudiants-en-soins-infirmiers.jpg\"><img loading=\"lazy\" decoding=\"async\" src=\"http:\/\/www.cgt-hopital-manosque.fr\/wp-content\/uploads\/2020\/11\/1310.-Indemnit\u00e9-exceptionnelle-de-stage-\u00e9tudiants-en-soins-infirmiers.jpg\" alt=\"1310. Indemnit\u00e9 exceptionnelle de stage \u00e9tudiants en soins infirmiers\" width=\"314\" height=\"161\" class=\"aligncenter size-full wp-image-8037\" srcset=\"http:\/\/www.cgt-hopital-manosque.fr\/wp-content\/uploads\/2020\/11\/1310.-Indemnit\u00e9-exceptionnelle-de-stage-\u00e9tudiants-en-soins-infirmiers.jpg 314w, http:\/\/www.cgt-hopital-manosque.fr\/wp-content\/uploads\/2020\/11\/1310.-Indemnit\u00e9-exceptionnelle-de-stage-\u00e9tudiants-en-soins-infirmiers-300x154.jpg 300w\" sizes=\"(max-width: 314px) 100vw, 314px\" \/><\/a><\/p>\n<p><strong><\/p>\n<p style= \"text-align: justify;\">\nUne indemnit\u00e9 exceptionnelle est vers\u00e9e aux \u00e9tudiants en soins infirmiers de 2e et 3e ann\u00e9es lors de leurs p\u00e9riodes de stage, sur d\u00e9cision du Directeur G\u00e9n\u00e9ral de l\u2019Agence r\u00e9gionale de sant\u00e9 (ARS) et lorsque la situation d&rsquo;urgence sanitaire sur le territoire li\u00e9e \u00e0 l&rsquo;\u00e9pid\u00e9mie de la Covid-19 le justifie.\n<\/p>\n<p style= \"text-align: justify;\">\nMontant de l\u2019indemnit\u00e9 :<br \/>\nLe montant de cette indemnit\u00e9 est fix\u00e9 sur la base d&rsquo;une dur\u00e9e de stage de 35 heures par semaine \u00e0 :<br \/>\n&#8211; 98,50 euros hebdomadaire en 2e ann\u00e9e,<br \/>\n&#8211; 86,50 euros hebdomadaire en 3e ann\u00e9e.<br \/>\nL\u2019indemnit\u00e9 exceptionnelle est cumulable avec l\u2019indemnit\u00e9 de stage pr\u00e9vue \u00e0 l\u2019article de l\u2019arr\u00eat\u00e9 du 31 juillet 2009 relatif au dipl\u00f4me d&rsquo;Etat d&rsquo;infirmier, d&rsquo;un montant de 38 euros en 2e ann\u00e9e et de 50 euros en 3e ann\u00e9e sur la base d&rsquo;une dur\u00e9e de stage de 35 heures par semaine.<br \/>\nLes dispositions s\u2019appliquent \u00e0 compter du 11 novembre 2020. Elles cessent d&rsquo;\u00eatre appliqu\u00e9es \u00e0 la fin de l&rsquo;\u00e9tat d&rsquo;urgence sanitaire.\n<\/p>\n<p style= \"text-align: justify;\">\nR\u00e9f\u00e9rences juridiques :<br \/>\nArr\u00eat\u00e9 du 6 novembre 2020 relatif \u00e0 l\u2019indemnit\u00e9 exceptionnelle de stage vers\u00e9e aux \u00e9tudiants en soins infirmiers de deuxi\u00e8me et troisi\u00e8me ann\u00e9es durant la p\u00e9riode de crise sanitaire : <a href=\"http:\/\/www.cgt-hopital-manosque.fr\/wp-content\/uploads\/2020\/11\/1310.-Arr\u00eat\u00e9-du-6-novembre-2020-relatif-\u00e0-l\u2019indemnit\u00e9-exceptionnelle-de-stage.pdf\">CLIQUER ICI<\/a>\n<\/p>\n<p style= \"text-align: justify;\">\nSuite \u00e0 diff\u00e9rentes actions et \u00e0 la m\u00e9diatisation du sort des \u00e9tudiants Infirmiers durant cette seconde vague, le gouvernement a publi\u00e9 au journal officiel un d\u00e9cret leur octroyant un suppl\u00e9ment indemnitaire. En plus de leurs indemnit\u00e9s habituelles de stage. Mais ces sommes restent faibles !!!<\/p>\n<p style= \"text-align: justify;\">\nDe plus, l&rsquo;argent ne r\u00e9sout pas tout : ils ne doivent pas \u00eatre corv\u00e9ables \u00e0 souhait, ils ne doivent pas \u00eatre priv\u00e9s des droits dont b\u00e9n\u00e9ficient les soignants, ils doivent \u00eatre form\u00e9s et encadr\u00e9s par des coll\u00e8gues exp\u00e9riment\u00e9s&#8230;\n<\/p>\n<p style= \"text-align: justify;\">\nPour rappel :<br \/>\nL&rsquo;article 15 de l\u2019arr\u00eat\u00e9 du 31 juillet 2009 pr\u00e9cise les montants suivants :\n<\/p>\n<p style= \"text-align: justify;\">\n \u00ab Le montant de cette indemnit\u00e9 est fix\u00e9, sur la base d\u2019une dur\u00e9e de stage de trente-cinq heures par semaine, \u00e0 :<br \/>\n&#8211; 28 euros hebdomadaire en premi\u00e8re ann\u00e9e soit 0,80 \u20ac\/heure<br \/>\n&#8211; 38 euros hebdomadaire en deuxi\u00e8me ann\u00e9e soit 1,09 \u20ac\/heure<br \/>\n&#8211; 50 euros hebdomadaire en troisi\u00e8me ann\u00e9e soit 1,43 \u20ac\/heure\u00ab\n<\/p>\n<p style= \"text-align: justify;\">\nDonc, les \u00e9l\u00e8ves infirmiers intervenant pendant la p\u00e9riode COVID avec des contraintes inh\u00e9rentes \u00e0 ce type de m\u00e9tier (risques, responsabilit\u00e9s \u2026) vont donc recevoir :<br \/>\nEl\u00e8ves infirmiers de seconde ann\u00e9e 98,50 \u20ac + 38,00 \u20ac soit 3,90 \u20ac\/heure<br \/>\nEl\u00e8ves infirmiers de troisi\u00e8me ann\u00e9e 86,50 \u20ac + 50,00 \u20ac soit 3,90 \u20ac\/heure\n<\/p>\n<p><\/strong><\/p>\n<p style= \"text-align: justify;\">\n","protected":false},"excerpt":{"rendered":"<p>Une indemnit\u00e9 exceptionnelle est vers\u00e9e aux \u00e9tudiants en soins infirmiers de 2e et 3e ann\u00e9es lors de leurs p\u00e9riodes de stage, sur d\u00e9cision du Directeur G\u00e9n\u00e9ral de l\u2019Agence r\u00e9gionale de sant\u00e9 (ARS) et lorsque la situation d&rsquo;urgence sanitaire sur le territoire li\u00e9e \u00e0 l&rsquo;\u00e9pid\u00e9mie de la Covid-19 le justifie. Montant de l\u2019indemnit\u00e9 : Le montant [&hellip;]<\/p>\n","protected":false},"author":1,"featured_media":0,"comment_status":"closed","ping_status":"closed","sticky":false,"template":"","format":"standard","meta":{"footnotes":""},"categories":[5],"tags":[],"views":999,"_links":{"self":[{"href":"http:\/\/www.cgt-hopital-manosque.fr\/index.php?rest_route=\/wp\/v2\/posts\/8036"}],"collection":[{"href":"http:\/\/www.cgt-hopital-manosque.fr\/index.php?rest_route=\/wp\/v2\/posts"}],"about":[{"href":"http:\/\/www.cgt-hopital-manosque.fr\/index.php?rest_route=\/wp\/v2\/types\/post"}],"author":[{"embeddable":true,"href":"http:\/\/www.cgt-hopital-manosque.fr\/index.php?rest_route=\/wp\/v2\/users\/1"}],"replies":[{"embeddable":true,"href":"http:\/\/www.cgt-hopital-manosque.fr\/index.php?rest_route=%2Fwp%2Fv2%2Fcomments&post=8036"}],"version-history":[{"count":3,"href":"http:\/\/www.cgt-hopital-manosque.fr\/index.php?rest_route=\/wp\/v2\/posts\/8036\/revisions"}],"predecessor-version":[{"id":8042,"href":"http:\/\/www.cgt-hopital-manosque.fr\/index.php?rest_route=\/wp\/v2\/posts\/8036\/revisions\/8042"}],"wp:attachment":[{"href":"http:\/\/www.cgt-hopital-manosque.fr\/index.php?rest_route=%2Fwp%2Fv2%2Fmedia&parent=8036"}],"wp:term":[{"taxonomy":"category","embeddable":true,"href":"http:\/\/www.cgt-hopital-manosque.fr\/index.php?rest_route=%2Fwp%2Fv2%2Fcategories&post=8036"},{"taxonomy":"post_tag","embeddable":true,"href":"http:\/\/www.cgt-hopital-manosque.fr\/index.php?rest_route=%2Fwp%2Fv2%2Ftags&post=8036"}],"curies":[{"name":"wp","href":"https:\/\/api.w.org\/{rel}","templated":true}]}}