{"id":8044,"date":"2020-11-20T19:56:39","date_gmt":"2020-11-20T19:56:39","guid":{"rendered":"http:\/\/www.cgt-hopital-manosque.fr\/?p=8044"},"modified":"2020-11-20T20:00:27","modified_gmt":"2020-11-20T20:00:27","slug":"20-novembre-2020-intervention-lors-de-la-commission-executive-federale-du-17-novembre-2020-affinons-notre-connaissance-des-besoins-sur-le-terrain-pour-renforcer-nos-exigences-en-matiere-demplo","status":"publish","type":"post","link":"http:\/\/www.cgt-hopital-manosque.fr\/?p=8044","title":{"rendered":"20 novembre 2020 &#8211; Intervention lors de la C.E. F\u00e9d\u00e9rale du 17 novembre 2020 : \u00ab\u00a0Affinons notre connaissance des besoins sur le terrain pour renforcer nos exigences en mati\u00e8re d&#8217;emplois\u00a0\u00bb (C\u00e9dric Volait)"},"content":{"rendered":"<p><a href=\"http:\/\/www.cgt-hopital-manosque.fr\/wp-content\/uploads\/2020\/11\/1311.-Infirmier-pas-machine.jpg\"><img loading=\"lazy\" decoding=\"async\" src=\"http:\/\/www.cgt-hopital-manosque.fr\/wp-content\/uploads\/2020\/11\/1311.-Infirmier-pas-machine.jpg\" alt=\"1311. Infirmier pas machine\" width=\"480\" height=\"270\" class=\"aligncenter size-full wp-image-8045\" srcset=\"http:\/\/www.cgt-hopital-manosque.fr\/wp-content\/uploads\/2020\/11\/1311.-Infirmier-pas-machine.jpg 480w, http:\/\/www.cgt-hopital-manosque.fr\/wp-content\/uploads\/2020\/11\/1311.-Infirmier-pas-machine-300x169.jpg 300w\" sizes=\"(max-width: 480px) 100vw, 480px\" \/><\/a><\/p>\n<p><strong><\/p>\n<p style= \"text-align: justify;\">\nIntervention lors de la Commission Ex\u00e9cutive F\u00e9d\u00e9rale CGT Sant\u00e9 et Action Sociale du 17 novembre 2020 &#8211; \u00ab\u00a0Affinons notre connaissance des besoins sur le terrain pour renforcer nos exigences en mati\u00e8re d&#8217;emplois\u00a0\u00bb (C\u00e9dric Volait) :\n<\/p>\n<p style= \"text-align: justify;\">\nMutualiser la p\u00e9nurie, mutualiser la mis\u00e8re, ne r\u00e8gle aucun probl\u00e8me particulier mais au contraire renforce fortement la fragilit\u00e9 et la vuln\u00e9rabilit\u00e9 de l\u2019ensemble du syst\u00e8me.<br \/>\nCe n\u2019est pas de plus de regroupements, de plus de concentration, de plus de fusions dont nous avons besoin mais c\u2019est de donner les moyens \u00e0 chaque \u00e9tablissement de fonctionner correctement et se donner les moyens d\u2019avoir une \u00e9galit\u00e9 de prise en charge sur l\u2019ensemble du territoire quelque soit l\u2019endroit o\u00f9 on habite et quelque soit le revenu qu\u2019on a.<br \/>\nCe n\u2019est pas de plus de souplesse comme certains le demandent dont nous avons besoin (souplesse en mati\u00e8re de r\u00e8gles sanitaires, souplesse en mati\u00e8re de gestion des ressources humaines\u2026). Ce n\u2019est pas des r\u00e8gles dont nous avons besoin de nous affranchir mais c\u2019est de la p\u00e9nurie elle-m\u00eame.<br \/>\nCe dont nous avons besoin c\u2019est de plus de r\u00e9gulation.<br \/>\nA ce sujet, les ARS ne doivent pas servir seulement \u00e0 compter l\u2019argent et les fermetures de lits quand tout va bien, et compter les morts quand tout va mal, mais elles doivent jouer un r\u00f4le central dans cette r\u00e9gulation.<br \/>\nDonc, deux probl\u00e8mes majeurs :<br \/>\n&#8211; Un probl\u00e8me de moyens<br \/>\n&#8211; Un probl\u00e8me de r\u00e9gulation\n <\/p>\n<p style= \"text-align: justify;\">\nSi on les laisse faire, ils vont compl\u00e8tement \u00e9vacuer la question de l&#8217;embauche, qui est pourtant indispensable, et ils vont plut\u00f4t aller vers la probl\u00e9matique de la gouvernance et la question de la ren\u00e9gociation des accords locaux sur la gestion du temps de travail.\n <\/p>\n<p style= \"text-align: justify;\">\nSi on les laisse faire, ils vont vouloir aller vers davantage d&rsquo;autonomie pour les directions d&rsquo;\u00e9tablissements afin d&rsquo;avoir plus de souplesse :<br \/>\n&#8211; pour passer les march\u00e9s publics<br \/>\n&#8211; pour g\u00e9rer les blocs op\u00e9ratoires et les lits de r\u00e9animation<br \/>\n&#8211; pour la gestion des personnels et jongler sur les horaires<br \/>\n&#8211; pour les glissements de t\u00e2ches (afin que des infirmi\u00e8res puissent r\u00e9aliser des missions de m\u00e9decins par exemple)<br \/>\nEtc&#8230;\n <\/p>\n<p style= \"text-align: justify;\">\nSi on les laisse faire, ils vont vouloir aller vers davantage de concentration \/ rationalisation :<br \/>\nNous sommes sur un sch\u00e9ma de concentration dans un objectif d&rsquo;optimisation au service lui m\u00eame d&rsquo;un objectif de gains de productivit\u00e9. Ce sch\u00e9ma a des effets pervers, et on les voit de plus en plus, comme la disparition des h\u00f4pitaux de proximit\u00e9 ou leur tr\u00e8s forte d\u00e9gradation. La Crise Covid a montr\u00e9 les limites de cette concentration hospitali\u00e8re o\u00f9 de nombreuses activit\u00e9s ont du \u00eatre arr\u00eat\u00e9es alors qu&rsquo;elles auraient pu \u00eatre beaucoup mieux r\u00e9parties entre les diff\u00e9rents \u00e9tablissements s&rsquo;ils n&rsquo;avaient pas ferm\u00e9 autant de services et autant de lits.<br \/>\nDonc, la tr\u00e8s forte concentration augmente la vuln\u00e9rabilit\u00e9 du syst\u00e8me.<br \/>\nD&rsquo;o\u00f9 l&rsquo;importance de ne pas accepter la d\u00e9finition de Madame Buzyn o\u00f9 les h\u00f4pitaux de proximit\u00e9 ne sont plus que des coquilles vides sans urgences, sans chirurgie, sans maternit\u00e9 etc&#8230;\n <\/p>\n<p style= \"text-align: justify;\">\nDans les \u00e9volutions en cours, on pourrait citer \u00e9galement :<br \/>\n&#8211; la mise en place de p\u00f4les territoriaux dans le Grand Est avec dans un second temps la volont\u00e9 de suppression des directions d&rsquo;\u00e9tablissements<br \/>\n&#8211; ou encore le projet de cr\u00e9ation d&rsquo;un Groupement de Coop\u00e9ration Social et M\u00e9dico-Social (GCSMS) de tr\u00e8s grande envergure r\u00e9unissant les \u00e9tablissements de la FPH et FPT de la r\u00e9gion Rh\u00f4ne Alpes \/ Auvergne (soit 12 d\u00e9partements concern\u00e9s)\n <\/p>\n<p style= \"text-align: justify;\">\nIl faut arr\u00eater de mutualiser la p\u00e9nurie, il faut arr\u00eater les politiques d&rsquo;aust\u00e9rit\u00e9 dans un syst\u00e8me de sant\u00e9 o\u00f9 les besoins augmentent. Il y a eu une s\u00e9rie de plans pour l&rsquo;h\u00f4pital (juillet 2019, novembre 2019 etc&#8230;) suite \u00e0 un mouvement de protestation de fond des personnels des Urgences, puis des autres services. Il y a eu le S\u00e9gur de la Sant\u00e9 de juillet 2020. Ces plans sont insuffisants mais ils ont au moins le m\u00e9rite de montrer que la mobilisation des personnels fait bouger les lignes.\n<\/p>\n<p style= \"text-align: justify;\">\nQuand je regarde des sondages sur l&rsquo;h\u00f4pital public en France l&rsquo;un des principaux constats des fran\u00e7ais c&rsquo;est : le manque de moyens et plus particuli\u00e8rement le manque de personnels hospitaliers.\n <\/p>\n<p style= \"text-align: justify;\">\nEt c&rsquo;est totalement en lien avec notre campagne actuelle sur des embauches massives en mettant en avant les besoins d&#8217;emplois, les besoins de formation et la n\u00e9cessit\u00e9 de rapidement apporter des r\u00e9ponses concr\u00e8tes et significatives.\n <\/p>\n<p style= \"text-align: justify;\">\nEst-ce que la France veut continuer de r\u00e9pondre \u00e0 l&rsquo;augmentation des besoins et d&rsquo;avoir un h\u00f4pital public dont la vocation est de soigner tout le monde quelque soit o\u00f9 il habite et quelque soit ses revenus, et avec la m\u00eame qualit\u00e9 ?<br \/>\nEt si oui, alors on doit mettre les moyens n\u00e9cessaires pour y arriver.\n <\/p>\n<p style= \"text-align: justify;\">\nDans un monde o\u00f9 nous sommes toujours plus dans la propagande id\u00e9ologique, dans les slogans, dans les discours vides et creux comme jamais on l&rsquo;a \u00e9t\u00e9, notre force r\u00e9side dans le factuel. Et c&rsquo;est comme cela qu&rsquo;on a r\u00e9ussi \u00e0 obtenir des victoires, ces derni\u00e8res ann\u00e9es, ces derniers mois. Ils sont en difficult\u00e9 quand on met en avant des chiffres pr\u00e9cis sur les r\u00e9mun\u00e9rations, sur les conditions de travail, sur la p\u00e9nibilit\u00e9&#8230; C&rsquo;est pourquoi sur la question des embauches, nous avons aussi besoin d&rsquo;\u00eatre pr\u00e9cis.<br \/>\nQuand on d\u00e9montre qu&rsquo;en terme de salaire, nous faisons partie des derniers pays de l&rsquo;OCDE, cela parle \u00e0 la population. Et quand ils ferment des services d&rsquo;urgence et qu&rsquo;ils mettent en danger la population simplement par id\u00e9ologie, l\u00e0 encore c&rsquo;est du concret : quand un enfant arrive aux Urgences la t\u00eate ouverte, et qu&rsquo;on le refuse, et qu&rsquo;on lui dit d&rsquo;aller \u00e0 un autre h\u00f4pital \u00e0 45 minutes de voiture, c&rsquo;est du concret.<br \/>\nEt en ce moment, l&rsquo;une de nos grandes batailles, c&rsquo;est sur l&#8217;emploi. Quand on regarde la France par rapport \u00e0 de nombreux autres pays europ\u00e9ens, on n&rsquo;est pas bien plac\u00e9 en terme de ratio personnels\/patients. Ils aiment bien nous parler de ratios mais uniquement quand \u00e7a les arrange. C&rsquo;est un peu comme avec ce gouvernement, il aime bien la libert\u00e9 d&rsquo;expression mais uniquement quand \u00e7a va dans son sens.<br \/>\nC&rsquo;est pourquoi, nous avons besoin de monter en puissance sur la campagne sur les embauches pour encore les mettre en difficult\u00e9, et encore les faire plier. Ils vont devoir nous rendre des comptes sur la question des emplois.<br \/>\nApr\u00e8s c&rsquo;est \u00e0 nous \u00e0 faire l&rsquo;effort, c&rsquo;est \u00e0 nous \u00e0 ma\u00eetriser les sujets, car il y a de nombreux syndicats qui sont incapables de donner des chiffres pr\u00e9cis sur les besoins d&#8217;embauches dans leur \u00e9tablissement.<br \/>\nIl faut pouvoir r\u00e9pondre aux questions :<br \/>\nCombien il manque d\u2019emplois dans le d\u00e9partement ?<br \/>\nCombien il manque d&#8217;emploi aujourd&rsquo;hui sur l&rsquo;\u00e9tablissement ?<br \/>\nCombien il manque d&#8217;emplois service par service ?<br \/>\nMais \u00e9galement profession par profession ?<br \/>\nEt cette campagne permet de servir de support pour permettre aux syndicats d\u2019affiner leurs revendications pour pouvoir mieux les porter.<br \/>\nC\u2019est la multiplication des luttes qui fait bouger les lignes et qui fait qu\u2019on a des discours (de politiques, d\u2019\u00e9ditorialistes, de la FHF\u2026) qui s\u2019inversent compl\u00e8tement.\n <\/p>\n<p style= \"text-align: justify;\">\nPour conclure, Jean Monnet expliquait que \u00ab Les hommes n\u2019acceptent le changement que dans la crise \u00bb. Une situation de crise facilite une acceptation du changement par la population mais c&rsquo;est vrai \u00e9galement pour les dirigeants. Donc, il faut renforcer notre engagement et renforcer la pression ! Le 5 d\u00e9cembre devra \u00eatre un moment fort de cette campagne pour les embauches !\n<\/p>\n<p style= \"text-align: justify;\">\n>> POUR VOIR LE DOCUMENT COMPLET : <a href=\"http:\/\/www.cgt-hopital-manosque.fr\/wp-content\/uploads\/2020\/11\/1311.-Intervention-CV-lors-de-la-CEF-du-17-novembre-2020.pdf\">CLIQUER ICI<\/a>\n<\/p>\n<p><\/strong><\/p>\n<p style= \"text-align: justify;\">\n","protected":false},"excerpt":{"rendered":"<p>Intervention lors de la Commission Ex\u00e9cutive F\u00e9d\u00e9rale CGT Sant\u00e9 et Action Sociale du 17 novembre 2020 &#8211; \u00ab\u00a0Affinons notre connaissance des besoins sur le terrain pour renforcer nos exigences en mati\u00e8re d&#8217;emplois\u00a0\u00bb (C\u00e9dric Volait) : Mutualiser la p\u00e9nurie, mutualiser la mis\u00e8re, ne r\u00e8gle aucun probl\u00e8me particulier mais au contraire renforce fortement la fragilit\u00e9 et la [&hellip;]<\/p>\n","protected":false},"author":1,"featured_media":0,"comment_status":"closed","ping_status":"closed","sticky":false,"template":"","format":"standard","meta":{"footnotes":""},"categories":[8],"tags":[],"views":752,"_links":{"self":[{"href":"http:\/\/www.cgt-hopital-manosque.fr\/index.php?rest_route=\/wp\/v2\/posts\/8044"}],"collection":[{"href":"http:\/\/www.cgt-hopital-manosque.fr\/index.php?rest_route=\/wp\/v2\/posts"}],"about":[{"href":"http:\/\/www.cgt-hopital-manosque.fr\/index.php?rest_route=\/wp\/v2\/types\/post"}],"author":[{"embeddable":true,"href":"http:\/\/www.cgt-hopital-manosque.fr\/index.php?rest_route=\/wp\/v2\/users\/1"}],"replies":[{"embeddable":true,"href":"http:\/\/www.cgt-hopital-manosque.fr\/index.php?rest_route=%2Fwp%2Fv2%2Fcomments&post=8044"}],"version-history":[{"count":6,"href":"http:\/\/www.cgt-hopital-manosque.fr\/index.php?rest_route=\/wp\/v2\/posts\/8044\/revisions"}],"predecessor-version":[{"id":8052,"href":"http:\/\/www.cgt-hopital-manosque.fr\/index.php?rest_route=\/wp\/v2\/posts\/8044\/revisions\/8052"}],"wp:attachment":[{"href":"http:\/\/www.cgt-hopital-manosque.fr\/index.php?rest_route=%2Fwp%2Fv2%2Fmedia&parent=8044"}],"wp:term":[{"taxonomy":"category","embeddable":true,"href":"http:\/\/www.cgt-hopital-manosque.fr\/index.php?rest_route=%2Fwp%2Fv2%2Fcategories&post=8044"},{"taxonomy":"post_tag","embeddable":true,"href":"http:\/\/www.cgt-hopital-manosque.fr\/index.php?rest_route=%2Fwp%2Fv2%2Ftags&post=8044"}],"curies":[{"name":"wp","href":"https:\/\/api.w.org\/{rel}","templated":true}]}}