{"id":8053,"date":"2020-11-23T17:11:08","date_gmt":"2020-11-23T17:11:08","guid":{"rendered":"http:\/\/www.cgt-hopital-manosque.fr\/?p=8053"},"modified":"2020-11-23T17:13:55","modified_gmt":"2020-11-23T17:13:55","slug":"23-novembre-2020-quelques-actualites-medico-social-social-campagne-emplois-formation-etudiants-infirmiers-salaries-vulnerables-penibilite-libertes","status":"publish","type":"post","link":"http:\/\/www.cgt-hopital-manosque.fr\/?p=8053","title":{"rendered":"23 novembre 2020 &#8211; Quelques actualit\u00e9s (M\u00e9dico-social, social, campagne emplois, formation \u00e9tudiants infirmiers, salari\u00e9s vuln\u00e9rables, p\u00e9nibilit\u00e9, libert\u00e9s&#8230;)"},"content":{"rendered":"<p><a href=\"http:\/\/www.cgt-hopital-manosque.fr\/wp-content\/uploads\/2020\/11\/1312.-La-col\u00e8re-des-soignants-ne-restera-pas-confin\u00e9e.png\"><img loading=\"lazy\" decoding=\"async\" src=\"http:\/\/www.cgt-hopital-manosque.fr\/wp-content\/uploads\/2020\/11\/1312.-La-col\u00e8re-des-soignants-ne-restera-pas-confin\u00e9e.png\" alt=\"1312. La col\u00e8re des soignants ne restera pas confin\u00e9e\" width=\"738\" height=\"389\" class=\"aligncenter size-full wp-image-8054\" srcset=\"http:\/\/www.cgt-hopital-manosque.fr\/wp-content\/uploads\/2020\/11\/1312.-La-col\u00e8re-des-soignants-ne-restera-pas-confin\u00e9e.png 738w, http:\/\/www.cgt-hopital-manosque.fr\/wp-content\/uploads\/2020\/11\/1312.-La-col\u00e8re-des-soignants-ne-restera-pas-confin\u00e9e-300x158.png 300w\" sizes=\"(max-width: 738px) 100vw, 738px\" \/><\/a><\/p>\n<p style= \"text-align: justify;\">\nBonjour,<br \/>\nVoici quelques \u00e9l\u00e9ments de l&rsquo;actualit\u00e9 de notre champ professionnel de mani\u00e8re non exhaustive.\n<\/p>\n<p><strong><\/p>\n<p style= \"text-align: justify;\">\n1) Ci-joint le communiqu\u00e9 des \u00e9tudiants infirmiers suite au scandale de la suspension de leur formation en r\u00e9gion PACA : <a href=\"http:\/\/www.cgt-hopital-manosque.fr\/wp-content\/uploads\/2020\/11\/1312.-PROMOTION-COVID-19.pdf\">CLIQUER ICI<\/a> <\/strong><br \/>\nNon, la solution n&rsquo;est pas de mettre au travail nos \u00e9tudiants infirmiers ! Et non, ce ne sera pas une solution \u00e0 toutes les crises sanitaires ou autre que nous traverserons. Ce bricolage, c&rsquo;est retarder le probl\u00e8me et m\u00eame en cr\u00e9er de nouveaux pour les prochaines ann\u00e9es !<br \/>\nD&rsquo;autant plus que contrairement \u00e0 ce qui se dit dans la presse, les IFSI n&rsquo;ont pas fait le plein. On sait qu&rsquo;il y a eu de nombreuses demandes pour rentrer dans les instituts param\u00e9dicaux via le parcours sup, mais ce sont souvent des choix par d\u00e9faut (3\u00e8me, 4\u00e8me, 5\u00e8me choix&#8230;). Et m\u00eame s&rsquo;il est vrai que les IFSI ont augment\u00e9 leur capacit\u00e9 d&rsquo;accueil cette ann\u00e9e, ils n&rsquo;ont pas fait le plein&#8230; Et ils sont m\u00eame pour certains en dessous des chiffres qui \u00e9taient les leurs les ann\u00e9es pr\u00e9c\u00e9dentes.<br \/>\nIl y a v\u00e9ritablement un probl\u00e8me d&rsquo;attractivit\u00e9. Et c&rsquo;est un \u00e9l\u00e9ment de plus pour faire pression pour porter une am\u00e9lioration des conditions de travail.<br \/>\nContinuons \u00e0 pousser pour la cr\u00e9ation de v\u00e9ritables emplois !<br \/>\n>> Rassemblement mardi 24 novembre \u00e0 11h00 devant l&rsquo;ARS PACA.\n<\/p>\n<p style= \"text-align: justify;\">\n<strong><br \/>\n2) Ci-joint l&rsquo;intervention de C\u00e9dric Volait lors de la Commission Ex\u00e9cutive F\u00e9d\u00e9rale du 17 novembre 2020 intitul\u00e9e \u00ab\u00a0Affinons notre connaissance des besoins sur le terrain pour renforcer nos exigences en mati\u00e8re d&#8217;emplois\u00a0\u00bb : <a href=\"http:\/\/www.cgt-hopital-manosque.fr\/wp-content\/uploads\/2020\/11\/1312.-Intervention-CV-lors-de-la-CEF-du-17-novembre-2020.pdf\">CLIQUER ICI<\/a> <\/strong><br \/>\nafin d&rsquo;aborder de vrais probl\u00e8mes, de fausses solutions et des perspectives.<br \/>\n>> Le questionnaire f\u00e9d\u00e9ral pour des embauches va \u00eatre relanc\u00e9e en d\u00e9but de semaine en donnant la possibilit\u00e9 de r\u00e9pondre en ligne.\n<\/p>\n<p style= \"text-align: justify;\">\n<strong><br \/>\n3) Ci-joint l&rsquo;intervention de C\u00e9dric Volait lors de la r\u00e9union des coordinateurs r\u00e9gionaux du 19 novembre 2020 : \u00ab\u00a0N&rsquo;opposons pas ces deux revendications mais au contraire nous devons en faire les deux piliers de notre processus revendicatif actuel\u00a0\u00bb : <a href=\"http:\/\/www.cgt-hopital-manosque.fr\/wp-content\/uploads\/2020\/11\/1312.-Intervention-CV-lors-de-la-r\u00e9union-des-r\u00e9gionaux-du-19-novembre-2020.pdf\">CLIQUER ICI<\/a> <\/strong><br \/>\nsur les oubli\u00e9s du S\u00e9gur et la campagne pour des embauches, en abordant aussi la mani\u00e8re dont ils traitent les \u00e9tudiants infirmiers.\n<\/p>\n<p style= \"text-align: justify;\">\n<strong><br \/>\n4) Ensuite, il y a une question importante et plus que jamais d&rsquo;actualit\u00e9 c&rsquo;est la question de la p\u00e9nibilit\u00e9. <\/strong><br \/>\nLes personnels de notre champ professionnel font face \u00e0 une p\u00e9nibilit\u00e9 tr\u00e8s importante. En plus des contraintes physiques (position debout, d\u00e9placements \u00e0 pied, bruit), le personnel fait face aux contraintes horaires, au contact avec le public parfois difficile et au sentiment de ne pas avoir les moyens et le temps d&rsquo;effectuer son travail correctement. La crise sanitaire ne fait qu&rsquo;accentuer ce ph\u00e9nom\u00e8ne. Avant la crise, pr\u00e8s de 2\/3 des personnels disaient souffrir d&rsquo;un manque de reconnaissance et 1\/3 se disaient en situation de forte tension. Des chiffres sup\u00e9rieurs de plusieurs points \u00e0 la moyenne nationale. Qu&rsquo;en est-il aujourd&rsquo;hui ? Les personnels ont tout int\u00e9r\u00eat \u00e0 se mobiliser pour exiger la reconnaissance de la p\u00e9nibilit\u00e9 par un d\u00e9part anticip\u00e9 en retraite pour le public et pour le priv\u00e9.\n<\/p>\n<p style= \"text-align: justify;\">\n<strong><br \/>\n5) Ci-joint une note sur les salari\u00e9s vuln\u00e9rables : <a href=\"http:\/\/www.cgt-hopital-manosque.fr\/wp-content\/uploads\/2020\/11\/1312.-Covid19-Nouveaux-crit\u00e8res-personnes-vuln\u00e9rables.pdf\">CLIQUER ICI<\/a> <\/strong><br \/>\nsuite \u00e0 la publication du d\u00e9cret du 10 novembre 2020.\n<\/p>\n<p style= \"text-align: justify;\">\n<strong><br \/>\n6) On parle de recul de plus en plus fort de nos libert\u00e9s. C&rsquo;est le cas, mais nous devons faire le lien avec ce qui se passe dans nos \u00e9tablissements et la place de ce qu&rsquo;ils appellent le \u00ab\u00a0dialogue social\u00a0\u00bb. <\/strong><br \/>\nOn pourrait \u00e9voquer la suppression des CHSCT \u00e0 partir du mois de d\u00e9cembre 2022. On pourrait \u00e9voquer les fusions d&rsquo;\u00e9tablissements qui sont un recul \u00e9norme en termes de d\u00e9mocraties locales. Et on peut \u00e9voquer \u00ab\u00a0Les Lignes Directrices de Gestion\u00a0\u00bb (LDG) qu&rsquo;ils sont en train de mettre en \u0153uvre \u00e0 marche forc\u00e9e en ce moment, dans nos \u00e9tablissements, alors qu&rsquo;ils nous disent que \u00ab\u00a0nous sommes en guerre\u00a0\u00bb et que la priorit\u00e9 c&rsquo;est le virus.<br \/>\nUn dialogue social suppose une \u00e9galit\u00e9, or l\u00e0 il n&rsquo;y a aucune \u00e9galit\u00e9, donc ce n&rsquo;est pas un dialogue. Les LDG sont un nouvel outil pour nous imposer un consentement qui est une technique de management n\u00e9olib\u00e9ral. Donc, ne parlons plus de dialogue social puisqu&rsquo;il n&rsquo;existe pas. Nous proposerons tr\u00e8s prochainement une analyse sur ce sujet.\n<\/p>\n<p style= \"text-align: justify;\">\n>> Appel \u00e0 la gr\u00e8ve et \u00e0 la mobilisation du secteur social et m\u00e9dico-social jeudi 3 d\u00e9cembre o\u00f9 nous porterons notamment la question des \u00ab\u00a0oubli\u00e9s\u00a0\u00bb du S\u00e9gur\n<\/p>\n<p style= \"text-align: justify;\">\n>> Appel \u00e0 la gr\u00e8ve et \u00e0 la mobilisation interprofessionnelle samedi 5 d\u00e9cembre o\u00f9 nous porterons notamment la question de l&#8217;emploi\n<\/p>\n<p style= \"text-align: justify;\">\nBonne journ\u00e9e,<br \/>\nEt on l\u00e2che rien !\n<\/p>\n<p><\/strong><\/p>\n<p style= \"text-align: justify;\">\n","protected":false},"excerpt":{"rendered":"<p>Bonjour, Voici quelques \u00e9l\u00e9ments de l&rsquo;actualit\u00e9 de notre champ professionnel de mani\u00e8re non exhaustive. 1) Ci-joint le communiqu\u00e9 des \u00e9tudiants infirmiers suite au scandale de la suspension de leur formation en r\u00e9gion PACA : CLIQUER ICI Non, la solution n&rsquo;est pas de mettre au travail nos \u00e9tudiants infirmiers ! Et non, ce ne sera pas [&hellip;]<\/p>\n","protected":false},"author":1,"featured_media":0,"comment_status":"closed","ping_status":"closed","sticky":false,"template":"","format":"standard","meta":{"footnotes":""},"categories":[7],"tags":[],"views":840,"_links":{"self":[{"href":"http:\/\/www.cgt-hopital-manosque.fr\/index.php?rest_route=\/wp\/v2\/posts\/8053"}],"collection":[{"href":"http:\/\/www.cgt-hopital-manosque.fr\/index.php?rest_route=\/wp\/v2\/posts"}],"about":[{"href":"http:\/\/www.cgt-hopital-manosque.fr\/index.php?rest_route=\/wp\/v2\/types\/post"}],"author":[{"embeddable":true,"href":"http:\/\/www.cgt-hopital-manosque.fr\/index.php?rest_route=\/wp\/v2\/users\/1"}],"replies":[{"embeddable":true,"href":"http:\/\/www.cgt-hopital-manosque.fr\/index.php?rest_route=%2Fwp%2Fv2%2Fcomments&post=8053"}],"version-history":[{"count":3,"href":"http:\/\/www.cgt-hopital-manosque.fr\/index.php?rest_route=\/wp\/v2\/posts\/8053\/revisions"}],"predecessor-version":[{"id":8061,"href":"http:\/\/www.cgt-hopital-manosque.fr\/index.php?rest_route=\/wp\/v2\/posts\/8053\/revisions\/8061"}],"wp:attachment":[{"href":"http:\/\/www.cgt-hopital-manosque.fr\/index.php?rest_route=%2Fwp%2Fv2%2Fmedia&parent=8053"}],"wp:term":[{"taxonomy":"category","embeddable":true,"href":"http:\/\/www.cgt-hopital-manosque.fr\/index.php?rest_route=%2Fwp%2Fv2%2Fcategories&post=8053"},{"taxonomy":"post_tag","embeddable":true,"href":"http:\/\/www.cgt-hopital-manosque.fr\/index.php?rest_route=%2Fwp%2Fv2%2Ftags&post=8053"}],"curies":[{"name":"wp","href":"https:\/\/api.w.org\/{rel}","templated":true}]}}