{"id":8062,"date":"2020-11-27T06:36:22","date_gmt":"2020-11-27T06:36:22","guid":{"rendered":"http:\/\/www.cgt-hopital-manosque.fr\/?p=8062"},"modified":"2020-11-28T11:49:15","modified_gmt":"2020-11-28T11:49:15","slug":"27-novembre-2020-reprise-de-la-scolarite-des-etudiants-infirmiers-une-victoire-qui-en-appelle-dautres","status":"publish","type":"post","link":"http:\/\/www.cgt-hopital-manosque.fr\/?p=8062","title":{"rendered":"27 novembre 2020 &#8211; Reprise de la scolarit\u00e9 des \u00e9tudiants infirmiers &#8211; Une victoire qui en appelle d&rsquo;autres"},"content":{"rendered":"<p><a href=\"http:\/\/www.cgt-hopital-manosque.fr\/wp-content\/uploads\/2020\/11\/1313.-Communiqu\u00e9-CGT-Sant\u00e9-PACA-\u00e9tudiants-infirmiers.jpg\"><img loading=\"lazy\" decoding=\"async\" src=\"http:\/\/www.cgt-hopital-manosque.fr\/wp-content\/uploads\/2020\/11\/1313.-Communiqu\u00e9-CGT-Sant\u00e9-PACA-\u00e9tudiants-infirmiers.jpg\" alt=\"1313. Communiqu\u00e9 CGT Sant\u00e9 PACA \u00e9tudiants infirmiers\" width=\"1241\" height=\"1754\" class=\"aligncenter size-full wp-image-8063\" srcset=\"http:\/\/www.cgt-hopital-manosque.fr\/wp-content\/uploads\/2020\/11\/1313.-Communiqu\u00e9-CGT-Sant\u00e9-PACA-\u00e9tudiants-infirmiers.jpg 1241w, http:\/\/www.cgt-hopital-manosque.fr\/wp-content\/uploads\/2020\/11\/1313.-Communiqu\u00e9-CGT-Sant\u00e9-PACA-\u00e9tudiants-infirmiers-212x300.jpg 212w, http:\/\/www.cgt-hopital-manosque.fr\/wp-content\/uploads\/2020\/11\/1313.-Communiqu\u00e9-CGT-Sant\u00e9-PACA-\u00e9tudiants-infirmiers-725x1024.jpg 725w\" sizes=\"(max-width: 1241px) 100vw, 1241px\" \/><\/a><\/p>\n<p><strong><\/p>\n<p style= \"text-align: justify;\">\nDe nombreux rassemblements ont eu lieu ces derniers jours dans la r\u00e9gion (Marseille, Toulon, Nice&#8230;) comme mardi 24 novembre o\u00f9 600 personnes environ se sont r\u00e9unies devant le si\u00e8ge de l&rsquo;ARS PACA (300 \u00e9tudiants infirmiers et 300 CGT environ). Une d\u00e9l\u00e9gation a \u00e9t\u00e9 re\u00e7ue par la direction de l&rsquo;ARS.\n<\/p>\n<p><\/strong><\/p>\n<p><strong><\/p>\n<p style= \"text-align: justify;\">\nPOUR VOIR LE COMMUNIQUE COMPLET : <a href=\"http:\/\/www.cgt-hopital-manosque.fr\/wp-content\/uploads\/2020\/11\/1313.-Communiqu\u00e9-CGT-Sant\u00e9-PACA-\u00e9tudiants-infirmiers.pdf\">CLIQUER ICI<\/a>\n<\/p>\n<p><\/strong><\/p>\n<p style= \"text-align: justify;\">\n","protected":false},"excerpt":{"rendered":"<p>De nombreux rassemblements ont eu lieu ces derniers jours dans la r\u00e9gion (Marseille, Toulon, Nice&#8230;) comme mardi 24 novembre o\u00f9 600 personnes environ se sont r\u00e9unies devant le si\u00e8ge de l&rsquo;ARS PACA (300 \u00e9tudiants infirmiers et 300 CGT environ). Une d\u00e9l\u00e9gation a \u00e9t\u00e9 re\u00e7ue par la direction de l&rsquo;ARS. POUR VOIR LE COMMUNIQUE COMPLET : [&hellip;]<\/p>\n","protected":false},"author":1,"featured_media":0,"comment_status":"closed","ping_status":"closed","sticky":false,"template":"","format":"standard","meta":{"footnotes":""},"categories":[8],"tags":[],"views":834,"_links":{"self":[{"href":"http:\/\/www.cgt-hopital-manosque.fr\/index.php?rest_route=\/wp\/v2\/posts\/8062"}],"collection":[{"href":"http:\/\/www.cgt-hopital-manosque.fr\/index.php?rest_route=\/wp\/v2\/posts"}],"about":[{"href":"http:\/\/www.cgt-hopital-manosque.fr\/index.php?rest_route=\/wp\/v2\/types\/post"}],"author":[{"embeddable":true,"href":"http:\/\/www.cgt-hopital-manosque.fr\/index.php?rest_route=\/wp\/v2\/users\/1"}],"replies":[{"embeddable":true,"href":"http:\/\/www.cgt-hopital-manosque.fr\/index.php?rest_route=%2Fwp%2Fv2%2Fcomments&post=8062"}],"version-history":[{"count":8,"href":"http:\/\/www.cgt-hopital-manosque.fr\/index.php?rest_route=\/wp\/v2\/posts\/8062\/revisions"}],"predecessor-version":[{"id":8073,"href":"http:\/\/www.cgt-hopital-manosque.fr\/index.php?rest_route=\/wp\/v2\/posts\/8062\/revisions\/8073"}],"wp:attachment":[{"href":"http:\/\/www.cgt-hopital-manosque.fr\/index.php?rest_route=%2Fwp%2Fv2%2Fmedia&parent=8062"}],"wp:term":[{"taxonomy":"category","embeddable":true,"href":"http:\/\/www.cgt-hopital-manosque.fr\/index.php?rest_route=%2Fwp%2Fv2%2Fcategories&post=8062"},{"taxonomy":"post_tag","embeddable":true,"href":"http:\/\/www.cgt-hopital-manosque.fr\/index.php?rest_route=%2Fwp%2Fv2%2Ftags&post=8062"}],"curies":[{"name":"wp","href":"https:\/\/api.w.org\/{rel}","templated":true}]}}