{"id":8074,"date":"2020-11-28T17:34:39","date_gmt":"2020-11-28T17:34:39","guid":{"rendered":"http:\/\/www.cgt-hopital-manosque.fr\/?p=8074"},"modified":"2020-11-28T17:34:39","modified_gmt":"2020-11-28T17:34:39","slug":"28-novembre-2020-3-et-5-decembre-2020-2-journees-dactions-pour-le-progres-social","status":"publish","type":"post","link":"http:\/\/www.cgt-hopital-manosque.fr\/?p=8074","title":{"rendered":"28 novembre 2020 &#8211; 3 et 5 d\u00e9cembre 2020 : 2 journ\u00e9es d&rsquo;actions pour le progr\u00e8s social !"},"content":{"rendered":"<p><a href=\"http:\/\/www.cgt-hopital-manosque.fr\/wp-content\/uploads\/2020\/11\/1314.-Journ\u00e9es-daction-des-3-et-5-d\u00e9cembre-2020.jpg\"><img loading=\"lazy\" decoding=\"async\" src=\"http:\/\/www.cgt-hopital-manosque.fr\/wp-content\/uploads\/2020\/11\/1314.-Journ\u00e9es-daction-des-3-et-5-d\u00e9cembre-2020.jpg\" alt=\"1314. Journ\u00e9es d&#039;action des 3 et 5 d\u00e9cembre 2020\" width=\"1240\" height=\"1754\" class=\"aligncenter size-full wp-image-8075\" srcset=\"http:\/\/www.cgt-hopital-manosque.fr\/wp-content\/uploads\/2020\/11\/1314.-Journ\u00e9es-daction-des-3-et-5-d\u00e9cembre-2020.jpg 1240w, http:\/\/www.cgt-hopital-manosque.fr\/wp-content\/uploads\/2020\/11\/1314.-Journ\u00e9es-daction-des-3-et-5-d\u00e9cembre-2020-212x300.jpg 212w, http:\/\/www.cgt-hopital-manosque.fr\/wp-content\/uploads\/2020\/11\/1314.-Journ\u00e9es-daction-des-3-et-5-d\u00e9cembre-2020-724x1024.jpg 724w\" sizes=\"(max-width: 1240px) 100vw, 1240px\" \/><\/a><\/p>\n<p><a href=\"http:\/\/www.cgt-hopital-manosque.fr\/wp-content\/uploads\/2020\/11\/1314.-Tract-USD-CGT-04-pour-les-3-et-5-d\u00e9cembre-2020.jpg\"><img loading=\"lazy\" decoding=\"async\" src=\"http:\/\/www.cgt-hopital-manosque.fr\/wp-content\/uploads\/2020\/11\/1314.-Tract-USD-CGT-04-pour-les-3-et-5-d\u00e9cembre-2020.jpg\" alt=\"1314. Tract USD CGT 04 pour les 3 et 5 d\u00e9cembre 2020\" width=\"1240\" height=\"1754\" class=\"aligncenter size-full wp-image-8076\" srcset=\"http:\/\/www.cgt-hopital-manosque.fr\/wp-content\/uploads\/2020\/11\/1314.-Tract-USD-CGT-04-pour-les-3-et-5-d\u00e9cembre-2020.jpg 1240w, http:\/\/www.cgt-hopital-manosque.fr\/wp-content\/uploads\/2020\/11\/1314.-Tract-USD-CGT-04-pour-les-3-et-5-d\u00e9cembre-2020-212x300.jpg 212w, http:\/\/www.cgt-hopital-manosque.fr\/wp-content\/uploads\/2020\/11\/1314.-Tract-USD-CGT-04-pour-les-3-et-5-d\u00e9cembre-2020-724x1024.jpg 724w\" sizes=\"(max-width: 1240px) 100vw, 1240px\" \/><\/a><\/p>\n<p><a href=\"http:\/\/www.cgt-hopital-manosque.fr\/wp-content\/uploads\/2020\/11\/1314.-Tract-UD-CGT-04-pour-le-5-d\u00e9cembre-2020-1.jpg\"><img loading=\"lazy\" decoding=\"async\" src=\"http:\/\/www.cgt-hopital-manosque.fr\/wp-content\/uploads\/2020\/11\/1314.-Tract-UD-CGT-04-pour-le-5-d\u00e9cembre-2020-1.jpg\" alt=\"1314. Tract UD CGT 04 pour le 5 d\u00e9cembre 2020 (1)\" width=\"1241\" height=\"1754\" class=\"aligncenter size-full wp-image-8077\" srcset=\"http:\/\/www.cgt-hopital-manosque.fr\/wp-content\/uploads\/2020\/11\/1314.-Tract-UD-CGT-04-pour-le-5-d\u00e9cembre-2020-1.jpg 1241w, http:\/\/www.cgt-hopital-manosque.fr\/wp-content\/uploads\/2020\/11\/1314.-Tract-UD-CGT-04-pour-le-5-d\u00e9cembre-2020-1-212x300.jpg 212w, http:\/\/www.cgt-hopital-manosque.fr\/wp-content\/uploads\/2020\/11\/1314.-Tract-UD-CGT-04-pour-le-5-d\u00e9cembre-2020-1-725x1024.jpg 725w\" sizes=\"(max-width: 1241px) 100vw, 1241px\" \/><\/a><\/p>\n<p><a href=\"http:\/\/www.cgt-hopital-manosque.fr\/wp-content\/uploads\/2020\/11\/1314.-Tract-UD-CGT-04-pour-le-5-d\u00e9cembre-2020-2.jpg\"><img loading=\"lazy\" decoding=\"async\" src=\"http:\/\/www.cgt-hopital-manosque.fr\/wp-content\/uploads\/2020\/11\/1314.-Tract-UD-CGT-04-pour-le-5-d\u00e9cembre-2020-2.jpg\" alt=\"1314. Tract UD CGT 04 pour le 5 d\u00e9cembre 2020 (2)\" width=\"1241\" height=\"1754\" class=\"aligncenter size-full wp-image-8078\" srcset=\"http:\/\/www.cgt-hopital-manosque.fr\/wp-content\/uploads\/2020\/11\/1314.-Tract-UD-CGT-04-pour-le-5-d\u00e9cembre-2020-2.jpg 1241w, http:\/\/www.cgt-hopital-manosque.fr\/wp-content\/uploads\/2020\/11\/1314.-Tract-UD-CGT-04-pour-le-5-d\u00e9cembre-2020-2-212x300.jpg 212w, http:\/\/www.cgt-hopital-manosque.fr\/wp-content\/uploads\/2020\/11\/1314.-Tract-UD-CGT-04-pour-le-5-d\u00e9cembre-2020-2-725x1024.jpg 725w\" sizes=\"(max-width: 1241px) 100vw, 1241px\" \/><\/a><\/p>\n","protected":false},"excerpt":{"rendered":"","protected":false},"author":1,"featured_media":0,"comment_status":"closed","ping_status":"closed","sticky":false,"template":"","format":"standard","meta":{"footnotes":""},"categories":[7],"tags":[],"views":796,"_links":{"self":[{"href":"http:\/\/www.cgt-hopital-manosque.fr\/index.php?rest_route=\/wp\/v2\/posts\/8074"}],"collection":[{"href":"http:\/\/www.cgt-hopital-manosque.fr\/index.php?rest_route=\/wp\/v2\/posts"}],"about":[{"href":"http:\/\/www.cgt-hopital-manosque.fr\/index.php?rest_route=\/wp\/v2\/types\/post"}],"author":[{"embeddable":true,"href":"http:\/\/www.cgt-hopital-manosque.fr\/index.php?rest_route=\/wp\/v2\/users\/1"}],"replies":[{"embeddable":true,"href":"http:\/\/www.cgt-hopital-manosque.fr\/index.php?rest_route=%2Fwp%2Fv2%2Fcomments&post=8074"}],"version-history":[{"count":1,"href":"http:\/\/www.cgt-hopital-manosque.fr\/index.php?rest_route=\/wp\/v2\/posts\/8074\/revisions"}],"predecessor-version":[{"id":8079,"href":"http:\/\/www.cgt-hopital-manosque.fr\/index.php?rest_route=\/wp\/v2\/posts\/8074\/revisions\/8079"}],"wp:attachment":[{"href":"http:\/\/www.cgt-hopital-manosque.fr\/index.php?rest_route=%2Fwp%2Fv2%2Fmedia&parent=8074"}],"wp:term":[{"taxonomy":"category","embeddable":true,"href":"http:\/\/www.cgt-hopital-manosque.fr\/index.php?rest_route=%2Fwp%2Fv2%2Fcategories&post=8074"},{"taxonomy":"post_tag","embeddable":true,"href":"http:\/\/www.cgt-hopital-manosque.fr\/index.php?rest_route=%2Fwp%2Fv2%2Ftags&post=8074"}],"curies":[{"name":"wp","href":"https:\/\/api.w.org\/{rel}","templated":true}]}}