{"id":8080,"date":"2020-12-01T13:39:05","date_gmt":"2020-12-01T13:39:05","guid":{"rendered":"http:\/\/www.cgt-hopital-manosque.fr\/?p=8080"},"modified":"2020-12-01T13:39:05","modified_gmt":"2020-12-01T13:39:05","slug":"1er-decembre-2020-le-billet-dhumeur-de-la-semaine-de-christophe-prudhomme-vaccin","status":"publish","type":"post","link":"http:\/\/www.cgt-hopital-manosque.fr\/?p=8080","title":{"rendered":"1er d\u00e9cembre 2020 &#8211; Le Billet d&rsquo;humeur de la semaine de Christophe Prudhomme : \u00ab\u00a0Vaccin\u00a0\u00bb"},"content":{"rendered":"<p><a href=\"http:\/\/www.cgt-hopital-manosque.fr\/wp-content\/uploads\/2020\/07\/1274.-S\u00e9gur-de-la-sant\u00e9-Christophe-Prudhomme.jpg\"><img loading=\"lazy\" decoding=\"async\" src=\"http:\/\/www.cgt-hopital-manosque.fr\/wp-content\/uploads\/2020\/07\/1274.-S\u00e9gur-de-la-sant\u00e9-Christophe-Prudhomme.jpg\" alt=\"1274. S\u00e9gur de la sant\u00e9 Christophe Prudhomme\" width=\"1048\" height=\"450\" class=\"aligncenter size-full wp-image-7818\" srcset=\"http:\/\/www.cgt-hopital-manosque.fr\/wp-content\/uploads\/2020\/07\/1274.-S\u00e9gur-de-la-sant\u00e9-Christophe-Prudhomme.jpg 1048w, http:\/\/www.cgt-hopital-manosque.fr\/wp-content\/uploads\/2020\/07\/1274.-S\u00e9gur-de-la-sant\u00e9-Christophe-Prudhomme-300x129.jpg 300w, http:\/\/www.cgt-hopital-manosque.fr\/wp-content\/uploads\/2020\/07\/1274.-S\u00e9gur-de-la-sant\u00e9-Christophe-Prudhomme-1024x440.jpg 1024w\" sizes=\"(max-width: 1048px) 100vw, 1048px\" \/><\/a><\/p>\n<p><strong><\/p>\n<p style= \"text-align: justify;\">\nLe Billet d&rsquo;humeur de la semaine\n<\/p>\n<p style= \"text-align: justify;\">\n\u00ab\u00a0Vaccin\u00a0\u00bb\n<\/p>\n<p style= \"text-align: justify;\">\nLes laboratoires pharmaceutiques nous annoncent, \u00e0 grand renfort m\u00e9diatique, l\u2019arriv\u00e9e de vaccins tous plus efficaces les uns que les autres. Cette pr\u00e9cipitation est suspecte car son objectif est strictement commercial afin de pouvoir capter imm\u00e9diatement les plus grosses parts de march\u00e9. Il faut donc rester vigilants.\n<\/p>\n<p style= \"text-align: justify;\">\nSi le vaccin constitue une arme suppl\u00e9mentaire contre le coronavirus, il ne s\u2019agit pas de l\u2019arme absolue. En effet, le vaccin permet de se prot\u00e9ger contre la maladie mais n\u2019\u00e9limine pas le virus qui continue \u00e0 circuler. Le meilleur exemple est celui de la variole qui a pu \u00eatre d\u00e9finitivement \u00e9radiqu\u00e9e en 1980 alors que le premier vaccin a \u00e9t\u00e9 mis au point par Edward Jenner en 1796 !  Il est donc n\u00e9cessaire de continuer \u00e0 utiliser les autres armes \u00e0 notre disposition, que sont les mesures barri\u00e8res et les tests, tant que le virus sera pr\u00e9sent, ce qui peut durer encore plusieurs ann\u00e9es. L\u2019histoire nous en apprend beaucoup sur ces \u00e9pid\u00e9mies. L\u2019actuelle ressemble fortement \u00e0 celle de la grippe russe qui a s\u00e9vi pendant plusieurs ann\u00e9es \u00e0 la fin du 19e si\u00e8cle avec la m\u00eame cin\u00e9tique que celle du coronavirus actuel, \u00e0 savoir des pics brutaux puis une r\u00e9gression tout aussi brutale, sans que nous n\u2019ayons d\u2019explication encore aujourd\u2019hui.\n<\/p>\n<p style= \"text-align: justify;\">\nD\u2019autre part, au regard de la suspicion vis-\u00e0-vis des vaccins qui existe dans notre pays, un d\u00e9bat tr\u00e8s large est n\u00e9cessaire afin de r\u00e9pondre aux interrogations l\u00e9gitimes de la population. Un vaccin est un m\u00e9dicament avec des effets b\u00e9n\u00e9fiques et des effets secondaires, potentiellement graves. Il est donc toujours n\u00e9cessaire d\u2019examiner le rapport b\u00e9n\u00e9fices\/risques de son utilisation pour les diff\u00e9rents groupes de population auxquels il est destin\u00e9. Par ailleurs, la rapidit\u00e9 des processus d\u2019homologation peut susciter des interrogations. Ce d\u2019autant que l\u2019opacit\u00e9 des laboratoires pharmaceutiques concernant l\u2019acc\u00e8s \u00e0 leurs r\u00e9sultats, sous couvert du fameux \u00ab secret des affaires \u00bb, ne peut qu\u2019inqui\u00e9ter. Il faut se rappeler le drame des premiers vaccins contre la polio dans les ann\u00e9es 1950 avec un laboratoire qui avait mis sur le march\u00e9 un lot de produits qui a inocul\u00e9 la maladie aux enfants vaccin\u00e9s.\n<\/p>\n<p style= \"text-align: justify;\">\nAlors, oui, les vaccins constituent une des avanc\u00e9es majeures de la m\u00e9decine moderne. Mais, pour que la campagne de vaccination qui s\u2019annonce soit une r\u00e9ussite, il est urgent que notre gouvernement accepte le d\u00e9bat et les critiques sur sa gestion de la crise jusqu\u2019\u00e0 ce jour, afin que les citoyens puissent \u00eatre convaincus de la justesse et de l\u2019efficacit\u00e9 des mesures pr\u00e9conis\u00e9es.\n<\/p>\n<p style= \"text-align: justify;\">\nDr Christophe Prudhomme\n<\/p>\n<p><\/strong><\/p>\n<p style= \"text-align: justify;\">\n","protected":false},"excerpt":{"rendered":"<p>Le Billet d&rsquo;humeur de la semaine \u00ab\u00a0Vaccin\u00a0\u00bb Les laboratoires pharmaceutiques nous annoncent, \u00e0 grand renfort m\u00e9diatique, l\u2019arriv\u00e9e de vaccins tous plus efficaces les uns que les autres. Cette pr\u00e9cipitation est suspecte car son objectif est strictement commercial afin de pouvoir capter imm\u00e9diatement les plus grosses parts de march\u00e9. Il faut donc rester vigilants. Si le [&hellip;]<\/p>\n","protected":false},"author":1,"featured_media":0,"comment_status":"closed","ping_status":"closed","sticky":false,"template":"","format":"standard","meta":{"footnotes":""},"categories":[8],"tags":[],"views":754,"_links":{"self":[{"href":"http:\/\/www.cgt-hopital-manosque.fr\/index.php?rest_route=\/wp\/v2\/posts\/8080"}],"collection":[{"href":"http:\/\/www.cgt-hopital-manosque.fr\/index.php?rest_route=\/wp\/v2\/posts"}],"about":[{"href":"http:\/\/www.cgt-hopital-manosque.fr\/index.php?rest_route=\/wp\/v2\/types\/post"}],"author":[{"embeddable":true,"href":"http:\/\/www.cgt-hopital-manosque.fr\/index.php?rest_route=\/wp\/v2\/users\/1"}],"replies":[{"embeddable":true,"href":"http:\/\/www.cgt-hopital-manosque.fr\/index.php?rest_route=%2Fwp%2Fv2%2Fcomments&post=8080"}],"version-history":[{"count":1,"href":"http:\/\/www.cgt-hopital-manosque.fr\/index.php?rest_route=\/wp\/v2\/posts\/8080\/revisions"}],"predecessor-version":[{"id":8082,"href":"http:\/\/www.cgt-hopital-manosque.fr\/index.php?rest_route=\/wp\/v2\/posts\/8080\/revisions\/8082"}],"wp:attachment":[{"href":"http:\/\/www.cgt-hopital-manosque.fr\/index.php?rest_route=%2Fwp%2Fv2%2Fmedia&parent=8080"}],"wp:term":[{"taxonomy":"category","embeddable":true,"href":"http:\/\/www.cgt-hopital-manosque.fr\/index.php?rest_route=%2Fwp%2Fv2%2Fcategories&post=8080"},{"taxonomy":"post_tag","embeddable":true,"href":"http:\/\/www.cgt-hopital-manosque.fr\/index.php?rest_route=%2Fwp%2Fv2%2Ftags&post=8080"}],"curies":[{"name":"wp","href":"https:\/\/api.w.org\/{rel}","templated":true}]}}