{"id":8084,"date":"2020-12-07T19:41:27","date_gmt":"2020-12-07T19:41:27","guid":{"rendered":"http:\/\/www.cgt-hopital-manosque.fr\/?p=8084"},"modified":"2020-12-07T19:41:45","modified_gmt":"2020-12-07T19:41:45","slug":"7-decembre-2020-videos-de-la-mobilisation-du-5-decembre-2020-a-digne-les-bains","status":"publish","type":"post","link":"http:\/\/www.cgt-hopital-manosque.fr\/?p=8084","title":{"rendered":"7 d\u00e9cembre 2020 &#8211; Quelques vid\u00e9os de la mobilisation du 5 d\u00e9cembre 2020 \u00e0 Digne-les-Bains"},"content":{"rendered":"<p><strong><\/p>\n<p style= \"text-align: justify;\">\nIntervention de la CGT Sant\u00e9 lors de la manif du 5 d\u00e9cembre 2020 :<br \/>\n<iframe loading=\"lazy\" width=\"500\" height=\"281\" src=\"https:\/\/www.youtube.com\/embed\/FlOkh-yPK8k?feature=oembed\" frameborder=\"0\" allow=\"accelerometer; autoplay; clipboard-write; encrypted-media; gyroscope; picture-in-picture\" allowfullscreen><\/iframe>\n<\/p>\n<p style= \"text-align: justify;\">\nIntervention de l&rsquo;UD CGT 04 lors de la manif du 5 d\u00e9cembre 2020 :<br \/>\n<iframe loading=\"lazy\" width=\"500\" height=\"281\" src=\"https:\/\/www.youtube.com\/embed\/6lwEmn9l4_c?feature=oembed\" frameborder=\"0\" allow=\"accelerometer; autoplay; clipboard-write; encrypted-media; gyroscope; picture-in-picture\" allowfullscreen><\/iframe>\n<\/p>\n<p><\/strong><\/p>\n<p style= \"text-align: justify;\">\n","protected":false},"excerpt":{"rendered":"<p>Intervention de la CGT Sant\u00e9 lors de la manif du 5 d\u00e9cembre 2020 : Intervention de l&rsquo;UD CGT 04 lors de la manif du 5 d\u00e9cembre 2020 :<\/p>\n","protected":false},"author":1,"featured_media":0,"comment_status":"closed","ping_status":"closed","sticky":false,"template":"","format":"standard","meta":{"footnotes":""},"categories":[7],"tags":[],"views":689,"_links":{"self":[{"href":"http:\/\/www.cgt-hopital-manosque.fr\/index.php?rest_route=\/wp\/v2\/posts\/8084"}],"collection":[{"href":"http:\/\/www.cgt-hopital-manosque.fr\/index.php?rest_route=\/wp\/v2\/posts"}],"about":[{"href":"http:\/\/www.cgt-hopital-manosque.fr\/index.php?rest_route=\/wp\/v2\/types\/post"}],"author":[{"embeddable":true,"href":"http:\/\/www.cgt-hopital-manosque.fr\/index.php?rest_route=\/wp\/v2\/users\/1"}],"replies":[{"embeddable":true,"href":"http:\/\/www.cgt-hopital-manosque.fr\/index.php?rest_route=%2Fwp%2Fv2%2Fcomments&post=8084"}],"version-history":[{"count":2,"href":"http:\/\/www.cgt-hopital-manosque.fr\/index.php?rest_route=\/wp\/v2\/posts\/8084\/revisions"}],"predecessor-version":[{"id":8086,"href":"http:\/\/www.cgt-hopital-manosque.fr\/index.php?rest_route=\/wp\/v2\/posts\/8084\/revisions\/8086"}],"wp:attachment":[{"href":"http:\/\/www.cgt-hopital-manosque.fr\/index.php?rest_route=%2Fwp%2Fv2%2Fmedia&parent=8084"}],"wp:term":[{"taxonomy":"category","embeddable":true,"href":"http:\/\/www.cgt-hopital-manosque.fr\/index.php?rest_route=%2Fwp%2Fv2%2Fcategories&post=8084"},{"taxonomy":"post_tag","embeddable":true,"href":"http:\/\/www.cgt-hopital-manosque.fr\/index.php?rest_route=%2Fwp%2Fv2%2Ftags&post=8084"}],"curies":[{"name":"wp","href":"https:\/\/api.w.org\/{rel}","templated":true}]}}