{"id":8092,"date":"2020-12-08T12:21:50","date_gmt":"2020-12-08T12:21:50","guid":{"rendered":"http:\/\/www.cgt-hopital-manosque.fr\/?p=8092"},"modified":"2020-12-08T12:21:50","modified_gmt":"2020-12-08T12:21:50","slug":"8-decembre-2020-le-billet-dhumeur-de-christophe-prudhomme-officier-de-sante","status":"publish","type":"post","link":"http:\/\/www.cgt-hopital-manosque.fr\/?p=8092","title":{"rendered":"8 d\u00e9cembre 2020 &#8211; Le Billet d&rsquo;humeur de Christophe Prudhomme \u00ab\u00a0Officier de sant\u00e9\u00a0\u00bb"},"content":{"rendered":"<p><a href=\"http:\/\/www.cgt-hopital-manosque.fr\/wp-content\/uploads\/2020\/07\/1274.-S\u00e9gur-de-la-sant\u00e9-Christophe-Prudhomme.jpg\"><img loading=\"lazy\" decoding=\"async\" src=\"http:\/\/www.cgt-hopital-manosque.fr\/wp-content\/uploads\/2020\/07\/1274.-S\u00e9gur-de-la-sant\u00e9-Christophe-Prudhomme.jpg\" alt=\"1274. S\u00e9gur de la sant\u00e9 Christophe Prudhomme\" width=\"1048\" height=\"450\" class=\"aligncenter size-full wp-image-7818\" srcset=\"http:\/\/www.cgt-hopital-manosque.fr\/wp-content\/uploads\/2020\/07\/1274.-S\u00e9gur-de-la-sant\u00e9-Christophe-Prudhomme.jpg 1048w, http:\/\/www.cgt-hopital-manosque.fr\/wp-content\/uploads\/2020\/07\/1274.-S\u00e9gur-de-la-sant\u00e9-Christophe-Prudhomme-300x129.jpg 300w, http:\/\/www.cgt-hopital-manosque.fr\/wp-content\/uploads\/2020\/07\/1274.-S\u00e9gur-de-la-sant\u00e9-Christophe-Prudhomme-1024x440.jpg 1024w\" sizes=\"(max-width: 1048px) 100vw, 1048px\" \/><\/a><\/p>\n<p><strong><\/p>\n<p style= \"text-align: justify;\">\nBillet d&rsquo;humeur de la semaine : \u00ab\u00a0Officier de sant\u00e9\u00a0\u00bb\n<\/p>\n<p style= \"text-align: justify;\">\nLe gouvernement essaye de profiter de la crise li\u00e9e \u00e0 l\u2019\u00e9pid\u00e9mie COVID-19 pour faire voter par le parlement des r\u00e9formes acc\u00e9l\u00e9rant la mise en place du monde lib\u00e9ral auquel il aspire. C\u2019est le cas avec la proposition de loi d\u00e9pos\u00e9e par la d\u00e9put\u00e9e LREM Val\u00e9rie Rist.\n<\/p>\n<p style= \"text-align: justify;\">\nUn article vise \u00e0 cr\u00e9er des professions m\u00e9dicales interm\u00e9diaires pour, notamment, pallier au manque de m\u00e9decins. La raison invoqu\u00e9e montre la constance de la logique lib\u00e9rale \u00e0 l\u2019\u0153uvre depuis les ann\u00e9es 1980, puisque ce d\u00e9ficit d\u00e9mographique a \u00e9t\u00e9 sciemment cr\u00e9\u00e9 pour justement pouvoir proposer ce type de solutions.\n<\/p>\n<p style= \"text-align: justify;\">\nEn fait cette appellation renvoie aux officiers de sant\u00e9 qui existaient au 19e si\u00e8cle et dont la mission \u00e9tait r\u00e9duite aux premiers secours aux malades et aux bless\u00e9s. Ils \u00e9taient consid\u00e9r\u00e9s comme une \u00ab classe moins relev\u00e9e dans la hi\u00e9rarchie m\u00e9dicale \u00bb. De fait, dans la soci\u00e9t\u00e9 tr\u00e8s in\u00e9galitaire de cette \u00e9poque, les m\u00e9decins exer\u00e7aient plut\u00f4t dans les villes aupr\u00e8s d\u2019une patient\u00e8le plut\u00f4t fortun\u00e9e, alors que les officiers de sant\u00e9 maillaient les campagnes et les faubourgs. Il s\u2019agit donc bien d\u2019acc\u00e9l\u00e9rer le processus en cours d\u2019une m\u00e9decine des riches et d\u2019une m\u00e9decine des pauvres.\n<\/p>\n<p style= \"text-align: justify;\">\nHeureusement, les multiples protestations provoqu\u00e9es par cette proposition ont permis un premier recul avec la suppression de la r\u00e9f\u00e9rence \u00e0 ces professions m\u00e9dicales interm\u00e9diaires. Mais l\u2019affaire n\u2019est pas pour autant close car le sujet reste d\u2019actualit\u00e9 avec la cr\u00e9ation par la loi dite Buzyn de ce qui est appel\u00e9 les infirmi\u00e8res de pratique avanc\u00e9e. Le dispositif mis en place est pr\u00e9sent\u00e9 comme une r\u00e9ponse \u00e0 une aspiration l\u00e9gitime de la profession infirmi\u00e8re d\u2019une reconnaissance de l\u2019\u00e9l\u00e9vation de leur qualification, sanctionn\u00e9e par des dipl\u00f4mes de type master. Mais en fait, ce qui se passe sur le terrain est compl\u00e8tement diff\u00e9rent avec un glissement de t\u00e2ches entre les m\u00e9decins en sous-effectifs et les infirmi\u00e8res, qui a une vis\u00e9e uniquement financi\u00e8re : une infirmi\u00e8re \u00ab co\u00fbte \u00bb moins cher qu\u2019un m\u00e9decin. Ce d\u2019autant que pour l\u2019instant les niveaux de r\u00e9mun\u00e9ration promis ne correspondent absolument pas \u00e0 un niveau de qualification bac+5. Attention, cette question n\u2019est pas uniquement cat\u00e9gorielle mais concerne l\u2019ensemble de la population en termes d\u2019\u00e9galit\u00e9 d\u2019acc\u00e8s aux soins.\n<\/p>\n<p style= \"text-align: justify;\">\nDr Christophe Prudhomme\n<\/p>\n<p><\/strong><\/p>\n<p style= \"text-align: justify;\">\n","protected":false},"excerpt":{"rendered":"<p>Billet d&rsquo;humeur de la semaine : \u00ab\u00a0Officier de sant\u00e9\u00a0\u00bb Le gouvernement essaye de profiter de la crise li\u00e9e \u00e0 l\u2019\u00e9pid\u00e9mie COVID-19 pour faire voter par le parlement des r\u00e9formes acc\u00e9l\u00e9rant la mise en place du monde lib\u00e9ral auquel il aspire. C\u2019est le cas avec la proposition de loi d\u00e9pos\u00e9e par la d\u00e9put\u00e9e LREM Val\u00e9rie Rist. [&hellip;]<\/p>\n","protected":false},"author":1,"featured_media":0,"comment_status":"closed","ping_status":"closed","sticky":false,"template":"","format":"standard","meta":{"footnotes":""},"categories":[8],"tags":[],"views":789,"_links":{"self":[{"href":"http:\/\/www.cgt-hopital-manosque.fr\/index.php?rest_route=\/wp\/v2\/posts\/8092"}],"collection":[{"href":"http:\/\/www.cgt-hopital-manosque.fr\/index.php?rest_route=\/wp\/v2\/posts"}],"about":[{"href":"http:\/\/www.cgt-hopital-manosque.fr\/index.php?rest_route=\/wp\/v2\/types\/post"}],"author":[{"embeddable":true,"href":"http:\/\/www.cgt-hopital-manosque.fr\/index.php?rest_route=\/wp\/v2\/users\/1"}],"replies":[{"embeddable":true,"href":"http:\/\/www.cgt-hopital-manosque.fr\/index.php?rest_route=%2Fwp%2Fv2%2Fcomments&post=8092"}],"version-history":[{"count":1,"href":"http:\/\/www.cgt-hopital-manosque.fr\/index.php?rest_route=\/wp\/v2\/posts\/8092\/revisions"}],"predecessor-version":[{"id":8093,"href":"http:\/\/www.cgt-hopital-manosque.fr\/index.php?rest_route=\/wp\/v2\/posts\/8092\/revisions\/8093"}],"wp:attachment":[{"href":"http:\/\/www.cgt-hopital-manosque.fr\/index.php?rest_route=%2Fwp%2Fv2%2Fmedia&parent=8092"}],"wp:term":[{"taxonomy":"category","embeddable":true,"href":"http:\/\/www.cgt-hopital-manosque.fr\/index.php?rest_route=%2Fwp%2Fv2%2Fcategories&post=8092"},{"taxonomy":"post_tag","embeddable":true,"href":"http:\/\/www.cgt-hopital-manosque.fr\/index.php?rest_route=%2Fwp%2Fv2%2Ftags&post=8092"}],"curies":[{"name":"wp","href":"https:\/\/api.w.org\/{rel}","templated":true}]}}