{"id":8097,"date":"2020-12-10T17:07:13","date_gmt":"2020-12-10T17:07:13","guid":{"rendered":"http:\/\/www.cgt-hopital-manosque.fr\/?p=8097"},"modified":"2020-12-10T17:07:13","modified_gmt":"2020-12-10T17:07:13","slug":"10-decembre-2020-nouvelle-action-le-15-decembre-a-digne-pour-les-exclus-du-segur-maintenons-la-pression","status":"publish","type":"post","link":"http:\/\/www.cgt-hopital-manosque.fr\/?p=8097","title":{"rendered":"10 d\u00e9cembre 2020 &#8211; Nouvelle action le 15 d\u00e9cembre \u00e0 Digne pour les exclus du S\u00e9gur &#8211; Maintenons la pression !"},"content":{"rendered":"<p><a href=\"http:\/\/www.cgt-hopital-manosque.fr\/wp-content\/uploads\/2020\/12\/1320.-Tract-exclus-du-S\u00e9gur-15-d\u00e9cembre-2020.jpg\"><img loading=\"lazy\" decoding=\"async\" src=\"http:\/\/www.cgt-hopital-manosque.fr\/wp-content\/uploads\/2020\/12\/1320.-Tract-exclus-du-S\u00e9gur-15-d\u00e9cembre-2020.jpg\" alt=\"1320. Tract exclus du S\u00e9gur 15 d\u00e9cembre 2020\" width=\"1240\" height=\"1754\" class=\"aligncenter size-full wp-image-8098\" srcset=\"http:\/\/www.cgt-hopital-manosque.fr\/wp-content\/uploads\/2020\/12\/1320.-Tract-exclus-du-S\u00e9gur-15-d\u00e9cembre-2020.jpg 1240w, http:\/\/www.cgt-hopital-manosque.fr\/wp-content\/uploads\/2020\/12\/1320.-Tract-exclus-du-S\u00e9gur-15-d\u00e9cembre-2020-212x300.jpg 212w, http:\/\/www.cgt-hopital-manosque.fr\/wp-content\/uploads\/2020\/12\/1320.-Tract-exclus-du-S\u00e9gur-15-d\u00e9cembre-2020-724x1024.jpg 724w\" sizes=\"(max-width: 1240px) 100vw, 1240px\" \/><\/a><\/p>\n","protected":false},"excerpt":{"rendered":"","protected":false},"author":1,"featured_media":0,"comment_status":"closed","ping_status":"closed","sticky":false,"template":"","format":"standard","meta":{"footnotes":""},"categories":[7],"tags":[],"views":732,"_links":{"self":[{"href":"http:\/\/www.cgt-hopital-manosque.fr\/index.php?rest_route=\/wp\/v2\/posts\/8097"}],"collection":[{"href":"http:\/\/www.cgt-hopital-manosque.fr\/index.php?rest_route=\/wp\/v2\/posts"}],"about":[{"href":"http:\/\/www.cgt-hopital-manosque.fr\/index.php?rest_route=\/wp\/v2\/types\/post"}],"author":[{"embeddable":true,"href":"http:\/\/www.cgt-hopital-manosque.fr\/index.php?rest_route=\/wp\/v2\/users\/1"}],"replies":[{"embeddable":true,"href":"http:\/\/www.cgt-hopital-manosque.fr\/index.php?rest_route=%2Fwp%2Fv2%2Fcomments&post=8097"}],"version-history":[{"count":1,"href":"http:\/\/www.cgt-hopital-manosque.fr\/index.php?rest_route=\/wp\/v2\/posts\/8097\/revisions"}],"predecessor-version":[{"id":8099,"href":"http:\/\/www.cgt-hopital-manosque.fr\/index.php?rest_route=\/wp\/v2\/posts\/8097\/revisions\/8099"}],"wp:attachment":[{"href":"http:\/\/www.cgt-hopital-manosque.fr\/index.php?rest_route=%2Fwp%2Fv2%2Fmedia&parent=8097"}],"wp:term":[{"taxonomy":"category","embeddable":true,"href":"http:\/\/www.cgt-hopital-manosque.fr\/index.php?rest_route=%2Fwp%2Fv2%2Fcategories&post=8097"},{"taxonomy":"post_tag","embeddable":true,"href":"http:\/\/www.cgt-hopital-manosque.fr\/index.php?rest_route=%2Fwp%2Fv2%2Ftags&post=8097"}],"curies":[{"name":"wp","href":"https:\/\/api.w.org\/{rel}","templated":true}]}}