{"id":8100,"date":"2020-12-14T08:19:02","date_gmt":"2020-12-14T08:19:02","guid":{"rendered":"http:\/\/www.cgt-hopital-manosque.fr\/?p=8100"},"modified":"2020-12-14T08:28:58","modified_gmt":"2020-12-14T08:28:58","slug":"14-decembre-2020-de-nombreuses-formations-gratuites-pour-2021-destinees-aux-personnels-de-la-fonction-publique-hospitaliere-de-la-region","status":"publish","type":"post","link":"http:\/\/www.cgt-hopital-manosque.fr\/?p=8100","title":{"rendered":"14 d\u00e9cembre 2020 &#8211; De nombreuses formations \u00ab\u00a0gratuites\u00a0\u00bb pour 2021 destin\u00e9es aux personnels de la Fonction Publique Hospitali\u00e8re de la r\u00e9gion"},"content":{"rendered":"<p><a href=\"http:\/\/www.cgt-hopital-manosque.fr\/wp-content\/uploads\/2020\/12\/1321.-Plan-daction-r\u00e9gional-ANFH-PACA-2021.jpg\"><img loading=\"lazy\" decoding=\"async\" src=\"http:\/\/www.cgt-hopital-manosque.fr\/wp-content\/uploads\/2020\/12\/1321.-Plan-daction-r\u00e9gional-ANFH-PACA-2021.jpg\" alt=\"1321. Plan d&#039;action r\u00e9gional ANFH PACA 2021\" width=\"620\" height=\"384\" class=\"aligncenter size-full wp-image-8101\" srcset=\"http:\/\/www.cgt-hopital-manosque.fr\/wp-content\/uploads\/2020\/12\/1321.-Plan-daction-r\u00e9gional-ANFH-PACA-2021.jpg 620w, http:\/\/www.cgt-hopital-manosque.fr\/wp-content\/uploads\/2020\/12\/1321.-Plan-daction-r\u00e9gional-ANFH-PACA-2021-300x186.jpg 300w\" sizes=\"(max-width: 620px) 100vw, 620px\" \/><\/a><\/p>\n<p><strong><\/p>\n<p style= \"text-align: justify;\">\nL&rsquo;ANFH PACA propose des formations \u00ab\u00a0gratuites\u00a0\u00bb destin\u00e9es aux personnels de la fonction publique hospitali\u00e8re de la r\u00e9gion. Elles n&rsquo;affectent pas les budgets des plans de formation. Cependant, il faut rappeler que la formation est un droit pour tous les agents. Oui, un droit pour les titulaires, les stagiaires et les contractuels. Elle fait partie du salaire socialis\u00e9 des agents.  Ce salaire socialis\u00e9 est issu de la valeur cr\u00e9\u00e9e par le travail de chaque agent.\n<\/p>\n<p style= \"text-align: justify;\">\nPour acc\u00e9der au Plan d&rsquo;Action R\u00e9gional (PAR) 2021 de l&rsquo;ANFH PACA : <a href=\"http:\/\/www.cgt-hopital-manosque.fr\/wp-content\/uploads\/2020\/12\/1321.-Plan-daction-r\u00e9gional-ANFH-PACA-2021.pdf\">CLIQUER ICI<\/a>\n<\/p>\n<p style= \"text-align: justify;\">\nPour toute question, n&rsquo;h\u00e9sitez pas \u00e0 nous contacter par mail :<br \/>\ncgthopmanosque@gmail.com\n<\/p>\n<p><\/strong><\/p>\n<p style= \"text-align: justify;\">\n","protected":false},"excerpt":{"rendered":"<p>L&rsquo;ANFH PACA propose des formations \u00ab\u00a0gratuites\u00a0\u00bb destin\u00e9es aux personnels de la fonction publique hospitali\u00e8re de la r\u00e9gion. Elles n&rsquo;affectent pas les budgets des plans de formation. Cependant, il faut rappeler que la formation est un droit pour tous les agents. Oui, un droit pour les titulaires, les stagiaires et les contractuels. Elle fait partie du [&hellip;]<\/p>\n","protected":false},"author":1,"featured_media":0,"comment_status":"closed","ping_status":"closed","sticky":false,"template":"","format":"standard","meta":{"footnotes":""},"categories":[5],"tags":[],"views":817,"_links":{"self":[{"href":"http:\/\/www.cgt-hopital-manosque.fr\/index.php?rest_route=\/wp\/v2\/posts\/8100"}],"collection":[{"href":"http:\/\/www.cgt-hopital-manosque.fr\/index.php?rest_route=\/wp\/v2\/posts"}],"about":[{"href":"http:\/\/www.cgt-hopital-manosque.fr\/index.php?rest_route=\/wp\/v2\/types\/post"}],"author":[{"embeddable":true,"href":"http:\/\/www.cgt-hopital-manosque.fr\/index.php?rest_route=\/wp\/v2\/users\/1"}],"replies":[{"embeddable":true,"href":"http:\/\/www.cgt-hopital-manosque.fr\/index.php?rest_route=%2Fwp%2Fv2%2Fcomments&post=8100"}],"version-history":[{"count":2,"href":"http:\/\/www.cgt-hopital-manosque.fr\/index.php?rest_route=\/wp\/v2\/posts\/8100\/revisions"}],"predecessor-version":[{"id":8104,"href":"http:\/\/www.cgt-hopital-manosque.fr\/index.php?rest_route=\/wp\/v2\/posts\/8100\/revisions\/8104"}],"wp:attachment":[{"href":"http:\/\/www.cgt-hopital-manosque.fr\/index.php?rest_route=%2Fwp%2Fv2%2Fmedia&parent=8100"}],"wp:term":[{"taxonomy":"category","embeddable":true,"href":"http:\/\/www.cgt-hopital-manosque.fr\/index.php?rest_route=%2Fwp%2Fv2%2Fcategories&post=8100"},{"taxonomy":"post_tag","embeddable":true,"href":"http:\/\/www.cgt-hopital-manosque.fr\/index.php?rest_route=%2Fwp%2Fv2%2Ftags&post=8100"}],"curies":[{"name":"wp","href":"https:\/\/api.w.org\/{rel}","templated":true}]}}