{"id":8112,"date":"2020-12-19T14:23:32","date_gmt":"2020-12-19T14:23:32","guid":{"rendered":"http:\/\/www.cgt-hopital-manosque.fr\/?p=8112"},"modified":"2020-12-19T14:23:32","modified_gmt":"2020-12-19T14:23:32","slug":"19-decembre-2020-decret-2020-1554-200-euros-pour-etre-ecolo","status":"publish","type":"post","link":"http:\/\/www.cgt-hopital-manosque.fr\/?p=8112","title":{"rendered":"19 d\u00e9cembre 2020 &#8211; D\u00e9cret 2020-1554 : 200 euros pour \u00eatre \u00e9colo"},"content":{"rendered":"<p><a href=\"http:\/\/www.cgt-hopital-manosque.fr\/wp-content\/uploads\/2020\/12\/1323.-D\u00e9cret-2020-1554-200-euros-pour-\u00eatre-\u00e9colo.jpg\"><img loading=\"lazy\" decoding=\"async\" src=\"http:\/\/www.cgt-hopital-manosque.fr\/wp-content\/uploads\/2020\/12\/1323.-D\u00e9cret-2020-1554-200-euros-pour-\u00eatre-\u00e9colo.jpg\" alt=\"1323. D\u00e9cret 2020-1554 200 euros pour \u00eatre \u00e9colo\" width=\"1118\" height=\"1600\" class=\"aligncenter size-full wp-image-8113\" srcset=\"http:\/\/www.cgt-hopital-manosque.fr\/wp-content\/uploads\/2020\/12\/1323.-D\u00e9cret-2020-1554-200-euros-pour-\u00eatre-\u00e9colo.jpg 1118w, http:\/\/www.cgt-hopital-manosque.fr\/wp-content\/uploads\/2020\/12\/1323.-D\u00e9cret-2020-1554-200-euros-pour-\u00eatre-\u00e9colo-210x300.jpg 210w, http:\/\/www.cgt-hopital-manosque.fr\/wp-content\/uploads\/2020\/12\/1323.-D\u00e9cret-2020-1554-200-euros-pour-\u00eatre-\u00e9colo-716x1024.jpg 716w\" sizes=\"(max-width: 1118px) 100vw, 1118px\" \/><\/a><\/p>\n<p><strong><\/p>\n<p style= \"text-align: justify;\">\n>> Pour voir l&rsquo;article du 15 d\u00e9cembre 2020 intitul\u00e9 \u00ab\u00a0Forfait mobilit\u00e9s durables : maintenant accessible aux agents des fonctions publiques hospitali\u00e8re et territoriale\u00a0\u00bb, cliquer sur ce lien : <a href=\"https:\/\/www.service-public.fr\/particuliers\/actualites\/A14528\"target=\"_blank\">CLIQUER ICI<\/a><\/p>\n<p><\/strong><\/p>\n<p style= \"text-align: justify;\">\n","protected":false},"excerpt":{"rendered":"<p>>> Pour voir l&rsquo;article du 15 d\u00e9cembre 2020 intitul\u00e9 \u00ab\u00a0Forfait mobilit\u00e9s durables : maintenant accessible aux agents des fonctions publiques hospitali\u00e8re et territoriale\u00a0\u00bb, cliquer sur ce lien : CLIQUER ICI<\/p>\n","protected":false},"author":1,"featured_media":0,"comment_status":"closed","ping_status":"closed","sticky":false,"template":"","format":"standard","meta":{"footnotes":""},"categories":[5],"tags":[],"views":878,"_links":{"self":[{"href":"http:\/\/www.cgt-hopital-manosque.fr\/index.php?rest_route=\/wp\/v2\/posts\/8112"}],"collection":[{"href":"http:\/\/www.cgt-hopital-manosque.fr\/index.php?rest_route=\/wp\/v2\/posts"}],"about":[{"href":"http:\/\/www.cgt-hopital-manosque.fr\/index.php?rest_route=\/wp\/v2\/types\/post"}],"author":[{"embeddable":true,"href":"http:\/\/www.cgt-hopital-manosque.fr\/index.php?rest_route=\/wp\/v2\/users\/1"}],"replies":[{"embeddable":true,"href":"http:\/\/www.cgt-hopital-manosque.fr\/index.php?rest_route=%2Fwp%2Fv2%2Fcomments&post=8112"}],"version-history":[{"count":1,"href":"http:\/\/www.cgt-hopital-manosque.fr\/index.php?rest_route=\/wp\/v2\/posts\/8112\/revisions"}],"predecessor-version":[{"id":8114,"href":"http:\/\/www.cgt-hopital-manosque.fr\/index.php?rest_route=\/wp\/v2\/posts\/8112\/revisions\/8114"}],"wp:attachment":[{"href":"http:\/\/www.cgt-hopital-manosque.fr\/index.php?rest_route=%2Fwp%2Fv2%2Fmedia&parent=8112"}],"wp:term":[{"taxonomy":"category","embeddable":true,"href":"http:\/\/www.cgt-hopital-manosque.fr\/index.php?rest_route=%2Fwp%2Fv2%2Fcategories&post=8112"},{"taxonomy":"post_tag","embeddable":true,"href":"http:\/\/www.cgt-hopital-manosque.fr\/index.php?rest_route=%2Fwp%2Fv2%2Ftags&post=8112"}],"curies":[{"name":"wp","href":"https:\/\/api.w.org\/{rel}","templated":true}]}}