{"id":8115,"date":"2020-12-22T16:58:24","date_gmt":"2020-12-22T16:58:24","guid":{"rendered":"http:\/\/www.cgt-hopital-manosque.fr\/?p=8115"},"modified":"2021-01-01T17:31:29","modified_gmt":"2021-01-01T17:31:29","slug":"22-decembre-2020-interview-dici-tv-rassemblement-medico-social-du-15-decembre-et-rencontre-avec-la-depute-bagarry","status":"publish","type":"post","link":"http:\/\/www.cgt-hopital-manosque.fr\/?p=8115","title":{"rendered":"22 d\u00e9cembre 2020 &#8211; Interview DICI TV &#8211; Rassemblement m\u00e9dico-social du 15 d\u00e9cembre et rencontre avec la D\u00e9put\u00e9 Bagarry"},"content":{"rendered":"<p><strong><\/p>\n<p style= \"text-align: justify;\">\n<p>POUR VOIR LA VIDEO, CLIQUER CI-DESSOUS :<\/p>\n<p><iframe loading=\"lazy\" src=\"https:\/\/player.vimeo.com\/video\/491243035?app_id=122963\" width=\"500\" height=\"281\" frameborder=\"0\" allow=\"autoplay; fullscreen\" allowfullscreen title=\"Alpes de Haute-Provence : une manifestation organis&amp;eacute;e devant la permanence de Delphine Bagarry &amp;agrave; Digne-les-Bains\"><\/iframe><\/p>\n<p style= \"text-align: justify;\">\n<p><\/strong><\/p>\n<p style= \"text-align: justify;\">\n","protected":false},"excerpt":{"rendered":"<p>POUR VOIR LA VIDEO, CLIQUER CI-DESSOUS :<\/p>\n","protected":false},"author":1,"featured_media":0,"comment_status":"closed","ping_status":"closed","sticky":false,"template":"","format":"standard","meta":{"footnotes":""},"categories":[7],"tags":[],"views":834,"_links":{"self":[{"href":"http:\/\/www.cgt-hopital-manosque.fr\/index.php?rest_route=\/wp\/v2\/posts\/8115"}],"collection":[{"href":"http:\/\/www.cgt-hopital-manosque.fr\/index.php?rest_route=\/wp\/v2\/posts"}],"about":[{"href":"http:\/\/www.cgt-hopital-manosque.fr\/index.php?rest_route=\/wp\/v2\/types\/post"}],"author":[{"embeddable":true,"href":"http:\/\/www.cgt-hopital-manosque.fr\/index.php?rest_route=\/wp\/v2\/users\/1"}],"replies":[{"embeddable":true,"href":"http:\/\/www.cgt-hopital-manosque.fr\/index.php?rest_route=%2Fwp%2Fv2%2Fcomments&post=8115"}],"version-history":[{"count":3,"href":"http:\/\/www.cgt-hopital-manosque.fr\/index.php?rest_route=\/wp\/v2\/posts\/8115\/revisions"}],"predecessor-version":[{"id":8147,"href":"http:\/\/www.cgt-hopital-manosque.fr\/index.php?rest_route=\/wp\/v2\/posts\/8115\/revisions\/8147"}],"wp:attachment":[{"href":"http:\/\/www.cgt-hopital-manosque.fr\/index.php?rest_route=%2Fwp%2Fv2%2Fmedia&parent=8115"}],"wp:term":[{"taxonomy":"category","embeddable":true,"href":"http:\/\/www.cgt-hopital-manosque.fr\/index.php?rest_route=%2Fwp%2Fv2%2Fcategories&post=8115"},{"taxonomy":"post_tag","embeddable":true,"href":"http:\/\/www.cgt-hopital-manosque.fr\/index.php?rest_route=%2Fwp%2Fv2%2Ftags&post=8115"}],"curies":[{"name":"wp","href":"https:\/\/api.w.org\/{rel}","templated":true}]}}