{"id":8118,"date":"2020-12-24T09:40:13","date_gmt":"2020-12-24T09:40:13","guid":{"rendered":"http:\/\/www.cgt-hopital-manosque.fr\/?p=8118"},"modified":"2020-12-24T09:40:13","modified_gmt":"2020-12-24T09:40:13","slug":"24-decembre-2020-le-syndicat-cgt-de-lhopital-vous-souhaite-de-tres-belles-fetes-de-fin-dannee","status":"publish","type":"post","link":"http:\/\/www.cgt-hopital-manosque.fr\/?p=8118","title":{"rendered":"24 d\u00e9cembre 2020 &#8211; Le Syndicat CGT de l&rsquo;h\u00f4pital vous souhaite de tr\u00e8s belles f\u00eates de fin d&rsquo;ann\u00e9e"},"content":{"rendered":"<p><a href=\"http:\/\/www.cgt-hopital-manosque.fr\/wp-content\/uploads\/2020\/12\/1325.-Joyeux-No\u00ebl-CGT-Sant\u00e9.jpg\"><img loading=\"lazy\" decoding=\"async\" src=\"http:\/\/www.cgt-hopital-manosque.fr\/wp-content\/uploads\/2020\/12\/1325.-Joyeux-No\u00ebl-CGT-Sant\u00e9.jpg\" alt=\"1325. Joyeux No\u00ebl CGT Sant\u00e9\" width=\"720\" height=\"1156\" class=\"aligncenter size-full wp-image-8119\" srcset=\"http:\/\/www.cgt-hopital-manosque.fr\/wp-content\/uploads\/2020\/12\/1325.-Joyeux-No\u00ebl-CGT-Sant\u00e9.jpg 720w, http:\/\/www.cgt-hopital-manosque.fr\/wp-content\/uploads\/2020\/12\/1325.-Joyeux-No\u00ebl-CGT-Sant\u00e9-187x300.jpg 187w, http:\/\/www.cgt-hopital-manosque.fr\/wp-content\/uploads\/2020\/12\/1325.-Joyeux-No\u00ebl-CGT-Sant\u00e9-638x1024.jpg 638w\" sizes=\"(max-width: 720px) 100vw, 720px\" \/><\/a><\/p>\n<p><a href=\"http:\/\/www.cgt-hopital-manosque.fr\/wp-content\/uploads\/2020\/12\/1325.-Bonnes-f\u00eates-CGT-Sant\u00e9.jpg\"><img loading=\"lazy\" decoding=\"async\" src=\"http:\/\/www.cgt-hopital-manosque.fr\/wp-content\/uploads\/2020\/12\/1325.-Bonnes-f\u00eates-CGT-Sant\u00e9.jpg\" alt=\"1325. Bonnes f\u00eates CGT Sant\u00e9\" width=\"678\" height=\"960\" class=\"aligncenter size-full wp-image-8120\" srcset=\"http:\/\/www.cgt-hopital-manosque.fr\/wp-content\/uploads\/2020\/12\/1325.-Bonnes-f\u00eates-CGT-Sant\u00e9.jpg 678w, http:\/\/www.cgt-hopital-manosque.fr\/wp-content\/uploads\/2020\/12\/1325.-Bonnes-f\u00eates-CGT-Sant\u00e9-212x300.jpg 212w\" sizes=\"(max-width: 678px) 100vw, 678px\" \/><\/a><\/p>\n","protected":false},"excerpt":{"rendered":"","protected":false},"author":1,"featured_media":0,"comment_status":"closed","ping_status":"closed","sticky":false,"template":"","format":"standard","meta":{"footnotes":""},"categories":[7],"tags":[],"views":767,"_links":{"self":[{"href":"http:\/\/www.cgt-hopital-manosque.fr\/index.php?rest_route=\/wp\/v2\/posts\/8118"}],"collection":[{"href":"http:\/\/www.cgt-hopital-manosque.fr\/index.php?rest_route=\/wp\/v2\/posts"}],"about":[{"href":"http:\/\/www.cgt-hopital-manosque.fr\/index.php?rest_route=\/wp\/v2\/types\/post"}],"author":[{"embeddable":true,"href":"http:\/\/www.cgt-hopital-manosque.fr\/index.php?rest_route=\/wp\/v2\/users\/1"}],"replies":[{"embeddable":true,"href":"http:\/\/www.cgt-hopital-manosque.fr\/index.php?rest_route=%2Fwp%2Fv2%2Fcomments&post=8118"}],"version-history":[{"count":1,"href":"http:\/\/www.cgt-hopital-manosque.fr\/index.php?rest_route=\/wp\/v2\/posts\/8118\/revisions"}],"predecessor-version":[{"id":8121,"href":"http:\/\/www.cgt-hopital-manosque.fr\/index.php?rest_route=\/wp\/v2\/posts\/8118\/revisions\/8121"}],"wp:attachment":[{"href":"http:\/\/www.cgt-hopital-manosque.fr\/index.php?rest_route=%2Fwp%2Fv2%2Fmedia&parent=8118"}],"wp:term":[{"taxonomy":"category","embeddable":true,"href":"http:\/\/www.cgt-hopital-manosque.fr\/index.php?rest_route=%2Fwp%2Fv2%2Fcategories&post=8118"},{"taxonomy":"post_tag","embeddable":true,"href":"http:\/\/www.cgt-hopital-manosque.fr\/index.php?rest_route=%2Fwp%2Fv2%2Ftags&post=8118"}],"curies":[{"name":"wp","href":"https:\/\/api.w.org\/{rel}","templated":true}]}}