{"id":8131,"date":"2020-12-29T10:24:05","date_gmt":"2020-12-29T10:24:05","guid":{"rendered":"http:\/\/www.cgt-hopital-manosque.fr\/?p=8131"},"modified":"2020-12-29T10:30:53","modified_gmt":"2020-12-29T10:30:53","slug":"29-decembre-2020-attention-urgent-nouveau-decret-sur-les-conges-non-pris-pour-raison-de-service-covid","status":"publish","type":"post","link":"http:\/\/www.cgt-hopital-manosque.fr\/?p=8131","title":{"rendered":"29 d\u00e9cembre 2020 &#8211; Attention &#8211; Urgent &#8211; Nouveau d\u00e9cret sur les cong\u00e9s non pris pour raison de service \/ Covid"},"content":{"rendered":"<p><a href=\"http:\/\/www.cgt-hopital-manosque.fr\/wp-content\/uploads\/2020\/12\/1327.-Cong\u00e9s-et-RTT-es-personnels-hospitaliers.jpg\"><img loading=\"lazy\" decoding=\"async\" src=\"http:\/\/www.cgt-hopital-manosque.fr\/wp-content\/uploads\/2020\/12\/1327.-Cong\u00e9s-et-RTT-es-personnels-hospitaliers.jpg\" alt=\"1327. Cong\u00e9s et RTT es personnels hospitaliers\" width=\"739\" height=\"440\" class=\"aligncenter size-full wp-image-8132\" srcset=\"http:\/\/www.cgt-hopital-manosque.fr\/wp-content\/uploads\/2020\/12\/1327.-Cong\u00e9s-et-RTT-es-personnels-hospitaliers.jpg 739w, http:\/\/www.cgt-hopital-manosque.fr\/wp-content\/uploads\/2020\/12\/1327.-Cong\u00e9s-et-RTT-es-personnels-hospitaliers-300x179.jpg 300w\" sizes=\"(max-width: 739px) 100vw, 739px\" \/><\/a><\/p>\n<p><strong><\/p>\n<p style= \"text-align: justify;\">\nD\u00e9cret n\u00b0 2020-1685 du 23 d\u00e9cembre 2020 portant d\u00e9rogation temporaire aux r\u00e8gles en mati\u00e8re de cong\u00e9s non pris applicables aux agents de la fonction publique hospitali\u00e8re >> Publi\u00e9 au Journal Officiel du 26 d\u00e9cembre\n<\/p>\n<p style= \"text-align: justify;\">\nPour le consulter : <a href=\"https:\/\/www.legifrance.gouv.fr\/jorf\/id\/JORFTEXT000042739353\"target=\"_blank\">CLIQUER ICI<\/a>\n<\/p>\n<p style= \"text-align: justify;\">\nR\u00e9sum\u00e9 : les jours de repos (CA\/RTT\/Recup&#8230;) refus\u00e9s entre le 01\/10 et le 31\/12 pour n\u00e9cessit\u00e9 de service \/ COVID peuvent \u00eatre indemnis\u00e9s ou peuvent \u00eatre bascul\u00e9s sur un Compte \u00c9pargne Temps (CET).\n<\/p>\n<p style= \"text-align: justify;\">\nL&rsquo;agent doit d\u00e9cider au plus tard le 31 d\u00e9cembre 2020 de ce qu&rsquo;il fait. Les d\u00e9lais sont extr\u00eamement \u00e9troits \u00e9tant donn\u00e9 que le d\u00e9cret a \u00e9t\u00e9 publi\u00e9 le samedi 26 d\u00e9cembre.\n<\/p>\n<p style= \"text-align: justify;\">\n>> Les jours non pris peuvent \u00eatre indemnis\u00e9s dans la limite de 10 \u00e0 hauteur de :<br \/>\n&#8211; 200\u20ac bruts\/jour pour un agent de cat\u00e9gorie A.<br \/>\n&#8211; 130\u20ac bruts\/jour pour un agent de cat\u00e9gorie B.<br \/>\n&#8211; 110\u20ac bruts\/jour pour un agent de cat\u00e9gorie C.\n<\/p>\n<p style= \"text-align: justify;\">\n>> Les jours non pris peuvent \u00eatre bascul\u00e9s sur un Compte \u00c9pargne Temps (CET) selon les r\u00e8gles en vigueur :<br \/>\nEn 2020, le CET peut \u00eatre aliment\u00e9, dans la limite de 70 jours, par :<br \/>\n&#8211; des jours de cong\u00e9 annuel (y compris les jours de fractionnement). Toutefois, l&rsquo;agent doit prendre au moins 20 jours de cong\u00e9s par an. Les jours de cong\u00e9s bonifi\u00e9s ne peuvent pas \u00eatre \u00e9pargn\u00e9s,<br \/>\n&#8211; des heures ou des jours de r\u00e9duction du temps de travail (RTT),<br \/>\n&#8211; des heures suppl\u00e9mentaires si elles n&rsquo;ont pas fait l&rsquo;objet d&rsquo;une compensation horaire ou d&rsquo;une indemnisation.<br \/>\nLorsque le CET atteint 20 jours, l&rsquo;agent peut \u00e9pargner, en 2020, 20 jours au maximum.<br \/>\nL&rsquo;agent est inform\u00e9 annuellement des jours \u00e9pargn\u00e9s et consomm\u00e9s.\n<\/p>\n<p style= \"text-align: justify;\">\nSI VOUS \u00caTES CONCERN\u00c9-E, INFORMEZ VOTRE ENCADREMENT ET\/OU LA DRH, PAR \u00c9CRIT, AVANT LE 31\/12\/2020 ET GARDEZ UNE COPIE !\n<\/p>\n<p><\/strong><\/p>\n<p style= \"text-align: justify;\">\n","protected":false},"excerpt":{"rendered":"<p>D\u00e9cret n\u00b0 2020-1685 du 23 d\u00e9cembre 2020 portant d\u00e9rogation temporaire aux r\u00e8gles en mati\u00e8re de cong\u00e9s non pris applicables aux agents de la fonction publique hospitali\u00e8re >> Publi\u00e9 au Journal Officiel du 26 d\u00e9cembre Pour le consulter : CLIQUER ICI R\u00e9sum\u00e9 : les jours de repos (CA\/RTT\/Recup&#8230;) refus\u00e9s entre le 01\/10 et le 31\/12 pour [&hellip;]<\/p>\n","protected":false},"author":1,"featured_media":0,"comment_status":"closed","ping_status":"closed","sticky":false,"template":"","format":"standard","meta":{"footnotes":""},"categories":[5],"tags":[],"views":873,"_links":{"self":[{"href":"http:\/\/www.cgt-hopital-manosque.fr\/index.php?rest_route=\/wp\/v2\/posts\/8131"}],"collection":[{"href":"http:\/\/www.cgt-hopital-manosque.fr\/index.php?rest_route=\/wp\/v2\/posts"}],"about":[{"href":"http:\/\/www.cgt-hopital-manosque.fr\/index.php?rest_route=\/wp\/v2\/types\/post"}],"author":[{"embeddable":true,"href":"http:\/\/www.cgt-hopital-manosque.fr\/index.php?rest_route=\/wp\/v2\/users\/1"}],"replies":[{"embeddable":true,"href":"http:\/\/www.cgt-hopital-manosque.fr\/index.php?rest_route=%2Fwp%2Fv2%2Fcomments&post=8131"}],"version-history":[{"count":5,"href":"http:\/\/www.cgt-hopital-manosque.fr\/index.php?rest_route=\/wp\/v2\/posts\/8131\/revisions"}],"predecessor-version":[{"id":8137,"href":"http:\/\/www.cgt-hopital-manosque.fr\/index.php?rest_route=\/wp\/v2\/posts\/8131\/revisions\/8137"}],"wp:attachment":[{"href":"http:\/\/www.cgt-hopital-manosque.fr\/index.php?rest_route=%2Fwp%2Fv2%2Fmedia&parent=8131"}],"wp:term":[{"taxonomy":"category","embeddable":true,"href":"http:\/\/www.cgt-hopital-manosque.fr\/index.php?rest_route=%2Fwp%2Fv2%2Fcategories&post=8131"},{"taxonomy":"post_tag","embeddable":true,"href":"http:\/\/www.cgt-hopital-manosque.fr\/index.php?rest_route=%2Fwp%2Fv2%2Ftags&post=8131"}],"curies":[{"name":"wp","href":"https:\/\/api.w.org\/{rel}","templated":true}]}}