{"id":8138,"date":"2021-01-01T17:23:11","date_gmt":"2021-01-01T17:23:11","guid":{"rendered":"http:\/\/www.cgt-hopital-manosque.fr\/?p=8138"},"modified":"2021-02-02T17:21:32","modified_gmt":"2021-02-02T17:21:32","slug":"1er-decembre-2021-bonne-annee-2021-notre-but","status":"publish","type":"post","link":"http:\/\/www.cgt-hopital-manosque.fr\/?p=8138","title":{"rendered":"1er janvier 2021 &#8211; Bonne ann\u00e9e 2021 &#8211; \u00ab\u00a0NOTRE BUT\u00a0\u00bb"},"content":{"rendered":"<p><a href=\"http:\/\/www.cgt-hopital-manosque.fr\/wp-content\/uploads\/2021\/01\/1329.-Bonne-ann\u00e9e-2021.gif\"><img loading=\"lazy\" decoding=\"async\" src=\"http:\/\/www.cgt-hopital-manosque.fr\/wp-content\/uploads\/2021\/01\/1329.-Bonne-ann\u00e9e-2021.gif\" alt=\"1329. Bonne ann\u00e9e 2021\" width=\"600\" height=\"600\" class=\"aligncenter size-full wp-image-8139\" \/><\/a><\/p>\n<p><a href=\"http:\/\/www.cgt-hopital-manosque.fr\/wp-content\/uploads\/2021\/01\/1329.-Bonne-ann\u00e9e-2021-CGT-Sant\u00e9-et-Action-Sociale.jpg\"><img loading=\"lazy\" decoding=\"async\" src=\"http:\/\/www.cgt-hopital-manosque.fr\/wp-content\/uploads\/2021\/01\/1329.-Bonne-ann\u00e9e-2021-CGT-Sant\u00e9-et-Action-Sociale.jpg\" alt=\"1329. Bonne ann\u00e9e 2021 CGT Sant\u00e9 et Action Sociale\" width=\"1080\" height=\"1080\" class=\"aligncenter size-full wp-image-8140\" srcset=\"http:\/\/www.cgt-hopital-manosque.fr\/wp-content\/uploads\/2021\/01\/1329.-Bonne-ann\u00e9e-2021-CGT-Sant\u00e9-et-Action-Sociale.jpg 1080w, http:\/\/www.cgt-hopital-manosque.fr\/wp-content\/uploads\/2021\/01\/1329.-Bonne-ann\u00e9e-2021-CGT-Sant\u00e9-et-Action-Sociale-150x150.jpg 150w, http:\/\/www.cgt-hopital-manosque.fr\/wp-content\/uploads\/2021\/01\/1329.-Bonne-ann\u00e9e-2021-CGT-Sant\u00e9-et-Action-Sociale-300x300.jpg 300w, http:\/\/www.cgt-hopital-manosque.fr\/wp-content\/uploads\/2021\/01\/1329.-Bonne-ann\u00e9e-2021-CGT-Sant\u00e9-et-Action-Sociale-1024x1024.jpg 1024w\" sizes=\"(max-width: 1080px) 100vw, 1080px\" \/><\/a><\/p>\n<p><strong><\/p>\n<p style= \"text-align: justify;\">\nBonjour,<br \/>\nIl y a quelques jours, nous avons recherch\u00e9 des anciens \u00e9ditos pour voir l&rsquo;\u00e9tat d&rsquo;esprit il y a une centaine d&rsquo;ann\u00e9es environ. Nous sommes tomb\u00e9s sur le premier \u00e9dito du journal L&rsquo;Humanit\u00e9 du 18 avril 1904 intitul\u00e9 \u00ab\u00a0Notre but\u00a0\u00bb de Jean Jaur\u00e8s. M\u00eame si on peut avoir quelques divergences d&rsquo;appr\u00e9ciation politique tant sur le fond que la forme, c&rsquo;est toujours int\u00e9ressant d&rsquo;avoir une photographie \u00e0 un instant T d&rsquo;une analyse d&rsquo;un des grands intellectuels du d\u00e9but de ce si\u00e8cle. Jean Jaur\u00e8s pla\u00e7ait dans cet \u00e9dito le d\u00e9bat sur la question d&rsquo;un nouveau projet de soci\u00e9t\u00e9, celui de la r\u00e9alisation de l&rsquo;humanit\u00e9, d&rsquo;un profond changement de civilisation. On s&rsquo;aper\u00e7oit, 117 ans apr\u00e8s, que cet \u00e9dito est toujours autant d&rsquo;actualit\u00e9.\n<\/p>\n<p style= \"text-align: justify;\">\nOn y comprend que l&rsquo;Humanit\u00e9 est \u00e0 construire en permanence, et chaque avanc\u00e9e, chaque \u00e9volution sociale, sont fragiles et sont un combat quotidien&#8230; On y comprend \u00e9galement qu&rsquo;\u00e0 l&rsquo;int\u00e9rieur, il y a des batailles \u00e0 mener contre la confusion qui est l&rsquo;ennemi de l&rsquo;union ou pour d\u00e9velopper les conditions d&rsquo;une presse libre et ind\u00e9pendante. Et enfin, on y comprend que le peuple a besoin de se f\u00e9d\u00e9rer, en d\u00e9passant les points de divisions, tout en adoptant une vision de long terme.\n<\/p>\n<p style= \"text-align: justify;\">\nAujourd&rsquo;hui, les profondes mutations \u00e9conomiques, politiques, sociales, technologiques, environnementales, psychologiques posent la question de la trajectoire que prend l&rsquo;Humanit\u00e9 et invitent chacun \u00e0 s&rsquo;engager pleinement dans le combat pour une v\u00e9ritable transformation de la soci\u00e9t\u00e9.\n<\/p>\n<p style= \"text-align: justify;\">\nCela commence par ne pas se laisser enfermer dans la peur, dans une pens\u00e9e unique ou dans un individualisme exacerb\u00e9.\n<\/p>\n<p style= \"text-align: justify;\">\nC&rsquo;est pourquoi pour cette nouvelle ann\u00e9e, nous vous souhaitons de vivre de belles histoires tout en participant \u00e0 la construction d&rsquo;une histoire commune, d&rsquo;un projet collectif vers une soci\u00e9t\u00e9 meilleure, vers notre but ! Nous vous souhaitons de regarder le moins possible la t\u00e9l\u00e9vision et de profiter le plus possible du monde qui vous entoure !\n<\/p>\n<p style= \"text-align: justify;\">\nBelle et heureuse ann\u00e9e !<br \/>\nLe syndicat CGT\n<\/p>\n<p style= \"text-align: justify;\">\nCi-joint une vid\u00e9o que nous souhaitons partager avec vous, \u00ab\u00a0Je te souhaite une bonne ann\u00e9e\u00a0\u00bb : <a href=\"https:\/\/www.youtube.com\/watch?v=j8kS-7wkI7s\"target=\"_blank\">CLIQUER ICI<\/a><\/p>\n<p><\/strong><\/p>\n<p style= \"text-align: justify;\">\n","protected":false},"excerpt":{"rendered":"<p>Bonjour, Il y a quelques jours, nous avons recherch\u00e9 des anciens \u00e9ditos pour voir l&rsquo;\u00e9tat d&rsquo;esprit il y a une centaine d&rsquo;ann\u00e9es environ. Nous sommes tomb\u00e9s sur le premier \u00e9dito du journal L&rsquo;Humanit\u00e9 du 18 avril 1904 intitul\u00e9 \u00ab\u00a0Notre but\u00a0\u00bb de Jean Jaur\u00e8s. M\u00eame si on peut avoir quelques divergences d&rsquo;appr\u00e9ciation politique tant sur le [&hellip;]<\/p>\n","protected":false},"author":1,"featured_media":0,"comment_status":"closed","ping_status":"closed","sticky":false,"template":"","format":"standard","meta":{"footnotes":""},"categories":[7],"tags":[],"views":840,"_links":{"self":[{"href":"http:\/\/www.cgt-hopital-manosque.fr\/index.php?rest_route=\/wp\/v2\/posts\/8138"}],"collection":[{"href":"http:\/\/www.cgt-hopital-manosque.fr\/index.php?rest_route=\/wp\/v2\/posts"}],"about":[{"href":"http:\/\/www.cgt-hopital-manosque.fr\/index.php?rest_route=\/wp\/v2\/types\/post"}],"author":[{"embeddable":true,"href":"http:\/\/www.cgt-hopital-manosque.fr\/index.php?rest_route=\/wp\/v2\/users\/1"}],"replies":[{"embeddable":true,"href":"http:\/\/www.cgt-hopital-manosque.fr\/index.php?rest_route=%2Fwp%2Fv2%2Fcomments&post=8138"}],"version-history":[{"count":11,"href":"http:\/\/www.cgt-hopital-manosque.fr\/index.php?rest_route=\/wp\/v2\/posts\/8138\/revisions"}],"predecessor-version":[{"id":8202,"href":"http:\/\/www.cgt-hopital-manosque.fr\/index.php?rest_route=\/wp\/v2\/posts\/8138\/revisions\/8202"}],"wp:attachment":[{"href":"http:\/\/www.cgt-hopital-manosque.fr\/index.php?rest_route=%2Fwp%2Fv2%2Fmedia&parent=8138"}],"wp:term":[{"taxonomy":"category","embeddable":true,"href":"http:\/\/www.cgt-hopital-manosque.fr\/index.php?rest_route=%2Fwp%2Fv2%2Fcategories&post=8138"},{"taxonomy":"post_tag","embeddable":true,"href":"http:\/\/www.cgt-hopital-manosque.fr\/index.php?rest_route=%2Fwp%2Fv2%2Ftags&post=8138"}],"curies":[{"name":"wp","href":"https:\/\/api.w.org\/{rel}","templated":true}]}}