{"id":8154,"date":"2021-01-07T18:00:40","date_gmt":"2021-01-07T18:00:40","guid":{"rendered":"http:\/\/www.cgt-hopital-manosque.fr\/?p=8154"},"modified":"2021-02-02T17:16:16","modified_gmt":"2021-02-02T17:16:16","slug":"7-janvier-2020-rapport-dactualite-c-e-du-syndicat-cgt-de-lhopital-du-7-janvier-2020","status":"publish","type":"post","link":"http:\/\/www.cgt-hopital-manosque.fr\/?p=8154","title":{"rendered":"7 janvier 2021 &#8211; Rapport d&rsquo;actualit\u00e9 de la Commission Ex\u00e9cutive du Syndicat CGT de l&rsquo;h\u00f4pital de Manosque du 7 janvier 2020"},"content":{"rendered":"<p><a href=\"http:\/\/www.cgt-hopital-manosque.fr\/wp-content\/uploads\/2021\/01\/1331.-Actualit\u00e9-vaccin-Covid-Labo.jpg\"><img loading=\"lazy\" decoding=\"async\" src=\"http:\/\/www.cgt-hopital-manosque.fr\/wp-content\/uploads\/2021\/01\/1331.-Actualit\u00e9-vaccin-Covid-Labo.jpg\" alt=\"1331. Actualit\u00e9 vaccin Covid Labo\" width=\"752\" height=\"423\" class=\"aligncenter size-full wp-image-8155\" srcset=\"http:\/\/www.cgt-hopital-manosque.fr\/wp-content\/uploads\/2021\/01\/1331.-Actualit\u00e9-vaccin-Covid-Labo.jpg 752w, http:\/\/www.cgt-hopital-manosque.fr\/wp-content\/uploads\/2021\/01\/1331.-Actualit\u00e9-vaccin-Covid-Labo-300x169.jpg 300w\" sizes=\"(max-width: 752px) 100vw, 752px\" \/><\/a><\/p>\n<p><strong><\/p>\n<p style= \"text-align: justify;\">\nRapport d&rsquo;actualit\u00e9 de la Commission Ex\u00e9cutive du Syndicat CGT de l&rsquo;h\u00f4pital de Manosque du 7 janvier 2020 :\n<\/p>\n<p style= \"text-align: justify;\">\nApr\u00e8s la question des masques, puis celle des tests, le gouvernement n&rsquo;est pas plus performant sur celle de la vaccination.<br \/>\nAlors que nous avons un pouvoir centralis\u00e9 et vertical, en d\u00e9but de semaine nous avons une d\u00e9claration du Pr\u00e9sident de la R\u00e9publique qui joue le p\u00e8re fouettard et qui explique que ses hommes n&rsquo;ont pas bien travaill\u00e9. Pourtant c&rsquo;est lui qui dirige. C&rsquo;est lui qui fixe les orientations. Tout se d\u00e9cide \u00e0 l&rsquo;Elys\u00e9e.\n<\/p>\n<p style= \"text-align: justify;\">\nSur les vaccins, il y a une d\u00e9fiance importante et l\u00e9gitime de la population. D\u00e9fiance qui est aliment\u00e9e par rapport \u00e0 ce qui s&rsquo;est pass\u00e9 ces derni\u00e8res d\u00e9cennies (vaccin contre l&rsquo;H\u00e9patite B, le vaccin Bachelot, le probl\u00e8me de l&rsquo;aluminium etc&#8230;) et l&rsquo;attitude des laboratoires pharmaceutiques qui ont eu une d\u00e9marche agressive, \u00e0 vis\u00e9e commerciale aupr\u00e8s du grand public pour imposer l&rsquo;adoption et l&rsquo;autorisation de mise sur le march\u00e9 de leur vaccin avant m\u00eame d&rsquo;avoir publi\u00e9 les r\u00e9sultats sur les effets secondaires qui int\u00e9ressent pourtant particuli\u00e8rement les populations. Heureusement, les r\u00e9sultats sur les effets secondaires sont plut\u00f4t rassurants mais la d\u00e9marche est quand m\u00eame condamnable et alimente la suspicion vis \u00e0 vis du vaccin.\n<\/p>\n<p style= \"text-align: justify;\">\nMaintenant, le probl\u00e8me concernant le vaccin est de deux ordres :\n<\/p>\n<p style= \"text-align: justify;\">\nNous sommes toujours confront\u00e9s \u00e0 une technostructure m\u00e9dico-administrative (m\u00e9decins en position de pouvoir et l&rsquo;administration) qui impose sans aucun d\u00e9bat des strat\u00e9gies qui n\u00e9cessiteraient d\u00e9bats.<br \/>\nLes proc\u00e9dures mises en place sont compl\u00e8tement d\u00e9lirantes. Les m\u00e9decins re\u00e7oivent des documents de 50 pages pour leur expliquer comment ils doivent vacciner. Pourtant le probl\u00e8me aujourd&rsquo;hui n&rsquo;est pas de savoir comment il faut vacciner mais c&rsquo;est de faire en sorte que les vaccins arrivent au bon endroit, au bon moment.\n<\/p>\n<p style= \"text-align: justify;\">\nEnsuite sur la question de l&rsquo;acceptation du vaccin, on a \u00e9chapp\u00e9 heureusement \u00e0 l&rsquo;obligation vaccinale. Donc, vaccinons celles et ceux qui le souhaitent ! Et ouvrons le d\u00e9bat : pourquoi avoir focaliser la priorit\u00e9 sur les EHPAD ? Alors que le rapport b\u00e9n\u00e9fice \/ risque montre que ce n&rsquo;est pas forc\u00e9ment dans les EHPAD qu&rsquo;il est le plus \u00e9vident. D&rsquo;autant que se posent des probl\u00e8mes de consentement quand nous sommes devant des patients avec une alt\u00e9ration majeure des fonctions sup\u00e9rieures.\n<\/p>\n<p style= \"text-align: justify;\">\nOn sait aujourd&rsquo;hui que 90% de la mortalit\u00e9 se situe chez les plus de 65 ans. Donc, il faut viser tous les plus de 65 ans qui souhaitent se faire vacciner. Sous la pression, les lignes commencent \u00e0 bouger puisque le Ministre vient d&rsquo;inclure les professionnels de plus de 50 ans sauf que ce sont pour le moment des effets d&rsquo;annonce puisque sur le terrain c&rsquo;est beaucoup plus compliqu\u00e9.\n<\/p>\n<p style= \"text-align: justify;\">\nNous sommes la ris\u00e9e du monde entier puisque quand certains pays comptent le nombre de vaccin\u00e9s en millions, ils se comptent en centaines en France. Nous sommes tr\u00e8s en retard !<br \/>\nLe probl\u00e8me politique de fond : nous manquons de vaccins. De notre c\u00f4t\u00e9, alors que la France n&rsquo;utilise pas encore ceux \u00e0 sa disposition, les pays ayant commenc\u00e9 des campagnes de vaccination massive sont inquiets sur leur capacit\u00e9 \u00e0 pouvoir poursuivre leur campagne par manque de vaccin.\n<\/p>\n<p style= \"text-align: justify;\">\nNous avons inond\u00e9 les laboratoires pharmaceutiques de pr\u00e9commandes et de milliards d&rsquo;euros sans aucune contre parties. Ils conservent les brevets, ils choisissent les soci\u00e9t\u00e9s qui peuvent produire les vaccins&#8230; Ils sont donc dans une logique de maintenir une situation de p\u00e9nurie selon le bon principe capitaliste \u00ab\u00a0tout ce qui est rare est cher\u00a0\u00bb.<br \/>\nPourtant lorsque nous sommes face \u00e0 un probl\u00e8me de sant\u00e9 majeur, comme celui-ci, il serait n\u00e9cessaire de faire sauter le droit sur les brevets, et la pr\u00e9occupation des gouvernements devraient se porter sur la s\u00e9curit\u00e9 et la qualit\u00e9 de la production.<br \/>\nCertains pays d&rsquo;ailleurs contournent la difficult\u00e9 en se passant des vaccins de Pfizer et Moderna qui sont beaucoup trop chers et beaucoup trop compliqu\u00e9s \u00e0 produire, et se tournent vers le vaccin Astrazeneca qui permet la vaccination de masse au moindre co\u00fbt puisque c&rsquo;est un vaccin classique.<br \/>\nOn ne peut pas laisser les brevets dans les mains de quelques grands groupes qui esp\u00e8rent dans l&rsquo;ann\u00e9e toucher le Jackpot en ayant utiliser tr\u00e8s largement les fonds d&rsquo;Etat pour assurer la recherche et la mise au point de ses vaccins.\n<\/p>\n<p style= \"text-align: justify;\">\nConcernant la France, le chiffre annonc\u00e9 par le gouvernement  de 13 millions de vaccin\u00e9s pour le mois de juin sera tr\u00e8s difficilement atteignable car le nombre de doses ne devrait pas \u00eatre livr\u00e9 \u00e0 temps. Et il commence \u00e0 y avoir une concurrence effr\u00e9n\u00e9e y compris des march\u00e9s noirs qui se d\u00e9veloppent.<br \/>\nEt tout cela ne fait qu&rsquo;alimenter la suspicion contre le vaccin. D&rsquo;autant qu&rsquo;en France, nous avons environ 60% de la population qui n&rsquo;est pas pr\u00eate \u00e0 se faire vacciner sans explication et qui n&rsquo;a pas confiance au gouvernement.\n<\/p>\n<p style= \"text-align: justify;\">\nLe vaccin est une arme mais il ne reste qu&rsquo;une arme.\n<\/p>\n<p style= \"text-align: justify;\">\nAu del\u00e0 du vaccin, c&rsquo;est un probl\u00e8me de confiance sur la strat\u00e9gie globale contre le virus, et encore plus globalement sur les perspectives pour la population et notamment pour les jeunes.\n<\/p>\n<p style= \"text-align: justify;\">\nVaccin ou pas vaccin, on aura besoin d&rsquo;hospitaliser les patients dans les mois et les ann\u00e9es qui viennent et on n&rsquo;a toujours pas les capacit\u00e9s hospitali\u00e8res pour pouvoir g\u00e9rer l&rsquo;afflux de patients du Covid sans laisser de c\u00f4t\u00e9 les autres. Et notre syst\u00e8me de sant\u00e9 n&rsquo;est pas capable de g\u00e9rer une crise sanitaire d&rsquo;intensit\u00e9 moyenne avec quelques dizaines de milliers de patients. Et rien n&rsquo;est fait pour augmenter les capacit\u00e9s hospitali\u00e8res !<br \/>\nDans la r\u00e9gion, dans le d\u00e9partement voisin, Un chef de service de r\u00e9animation au CH de Salon de Provence disait ces derniers jours que oui, ils avaient ouverts des lits suppl\u00e9mentaires mais en diminuant l&rsquo;activit\u00e9 chirurgicale, qu&rsquo;il n&rsquo;avait aucune garantie sur le fait qu&rsquo;il pourrait garder ces lits si l&rsquo;\u00e9pid\u00e9mie baissait d&rsquo;intensit\u00e9, et qu&rsquo;il \u00e9tait confront\u00e9 \u00e0 une Agence R\u00e9gionale de Sant\u00e9 qui avait valid\u00e9 un Plan R\u00e9gional de Sant\u00e9 (PRS) qui pr\u00e9voit toujours la fermeture de 7 services de r\u00e9animation dans la r\u00e9gion PACA. Et il \u00e9tait vert de rage !\n<\/p>\n<p style= \"text-align: justify;\">\nC&rsquo;est pourquoi, il nous faut continuer \u00e0 nous mobiliser !<br \/>\nContinuer \u00e0 mener la bataille autour de l&#8217;emploi pour pouvoir ouvrir des lits et mettre notre syst\u00e8me de sant\u00e9 en capacit\u00e9 de r\u00e9pondre aux besoins de la population ! Que ce soient des besoins quotidiens, occasionnels ou exceptionnels !<br \/>\nIl faut \u00e0 la fois des h\u00f4pitaux qui fonctionnent avec des capacit\u00e9s d&rsquo;hospitalisation !<br \/>\nIl faut une industrie pharmaceutique qui ne soit pas dans les mains des capitalistes qui ne pensent qu&rsquo;au retour sur investissement !<br \/>\nEt puis, il faut surtout des gouvernements qui soient en capacit\u00e9 de jouer leur r\u00f4le, c&rsquo;est \u00e0 dire de fournir et d&rsquo;assurer la fourniture du mat\u00e9riel dont ont besoin les professionnels de sant\u00e9 pour pouvoir g\u00e9rer ces p\u00e9riodes un peu compliqu\u00e9es !<br \/>\nNous sommes dans une ann\u00e9e qui s&rsquo;annonce avec une n\u00e9cessit\u00e9 de lutte avec pour commencer tr\u00e8s prochainement une manif r\u00e9gionale \u00e0 l&rsquo;appel de la CGT Sant\u00e9 et Action Sociale PACA pr\u00e9vu le jeudi 21 janvier \u00e0 11h00 \u00e0 Marseille !\n<\/p>\n<p><\/strong><\/p>\n<p style= \"text-align: justify;\">\n","protected":false},"excerpt":{"rendered":"<p>Rapport d&rsquo;actualit\u00e9 de la Commission Ex\u00e9cutive du Syndicat CGT de l&rsquo;h\u00f4pital de Manosque du 7 janvier 2020 : Apr\u00e8s la question des masques, puis celle des tests, le gouvernement n&rsquo;est pas plus performant sur celle de la vaccination. Alors que nous avons un pouvoir centralis\u00e9 et vertical, en d\u00e9but de semaine nous avons une d\u00e9claration [&hellip;]<\/p>\n","protected":false},"author":1,"featured_media":0,"comment_status":"closed","ping_status":"closed","sticky":false,"template":"","format":"standard","meta":{"footnotes":""},"categories":[7],"tags":[],"views":773,"_links":{"self":[{"href":"http:\/\/www.cgt-hopital-manosque.fr\/index.php?rest_route=\/wp\/v2\/posts\/8154"}],"collection":[{"href":"http:\/\/www.cgt-hopital-manosque.fr\/index.php?rest_route=\/wp\/v2\/posts"}],"about":[{"href":"http:\/\/www.cgt-hopital-manosque.fr\/index.php?rest_route=\/wp\/v2\/types\/post"}],"author":[{"embeddable":true,"href":"http:\/\/www.cgt-hopital-manosque.fr\/index.php?rest_route=\/wp\/v2\/users\/1"}],"replies":[{"embeddable":true,"href":"http:\/\/www.cgt-hopital-manosque.fr\/index.php?rest_route=%2Fwp%2Fv2%2Fcomments&post=8154"}],"version-history":[{"count":6,"href":"http:\/\/www.cgt-hopital-manosque.fr\/index.php?rest_route=\/wp\/v2\/posts\/8154\/revisions"}],"predecessor-version":[{"id":8200,"href":"http:\/\/www.cgt-hopital-manosque.fr\/index.php?rest_route=\/wp\/v2\/posts\/8154\/revisions\/8200"}],"wp:attachment":[{"href":"http:\/\/www.cgt-hopital-manosque.fr\/index.php?rest_route=%2Fwp%2Fv2%2Fmedia&parent=8154"}],"wp:term":[{"taxonomy":"category","embeddable":true,"href":"http:\/\/www.cgt-hopital-manosque.fr\/index.php?rest_route=%2Fwp%2Fv2%2Fcategories&post=8154"},{"taxonomy":"post_tag","embeddable":true,"href":"http:\/\/www.cgt-hopital-manosque.fr\/index.php?rest_route=%2Fwp%2Fv2%2Ftags&post=8154"}],"curies":[{"name":"wp","href":"https:\/\/api.w.org\/{rel}","templated":true}]}}