{"id":8161,"date":"2021-01-12T19:05:41","date_gmt":"2021-01-12T19:05:41","guid":{"rendered":"http:\/\/www.cgt-hopital-manosque.fr\/?p=8161"},"modified":"2021-02-02T17:16:24","modified_gmt":"2021-02-02T17:16:24","slug":"12-janvier-2020-tous-a-marseille-le-21-janvier","status":"publish","type":"post","link":"http:\/\/www.cgt-hopital-manosque.fr\/?p=8161","title":{"rendered":"12 janvier 2021 &#8211; Tous \u00e0 Marseille le 21 janvier !"},"content":{"rendered":"<p><strong><\/p>\n<p style= \"text-align: justify;\">\nBonjour,<br \/>\n2021 sera une ann\u00e9e de lutte avec une premi\u00e8re journ\u00e9e d&rsquo;action nationale le jeudi 21 janvier se d\u00e9clinant par une manif r\u00e9gionale \u00e0 10h30 \u00e0 Marseille \u00e0 l&rsquo;appel de la CGT Sant\u00e9 et Action Sociale PACA !<br \/>\nAlors que le nombre de malades n&rsquo;est pas catastrophiquement \u00e9lev\u00e9, c&rsquo;est bien le manque de moyens, de personnels et de lits dans la r\u00e9gion qui pose probl\u00e8me !<br \/>\nComme l&rsquo;a justement expliqu\u00e9 le chef du service de r\u00e9animation de Salon de Provence ces derniers jours dans une interview, le PRS (Plan R\u00e9gional de Sant\u00e9) PACA de l&rsquo;ARS n&rsquo;a pas boug\u00e9 d&rsquo;un millim\u00e8tre malgr\u00e9 la crise et pr\u00e9voit toujours la fermeture de 7 services de r\u00e9animations dans les 4 ans qui viennent. C&rsquo;est inacceptable ! Non seulement, il faut maintenir les r\u00e9animations en place mais il faut en ouvrir d&rsquo;autres pour assurer la s\u00e9curit\u00e9 de la population aujourd&rsquo;hui et demain !<br \/>\nIl y a urgence \u00e0 mettre en place une v\u00e9ritable strat\u00e9gie r\u00e9gionale en termes de formations pour obtenir davantage de personnels et pouvoir ouvrir des lits en y associant une politique de revalorisation cons\u00e9quente des salaires !<br \/>\nSoyons nombreuses et nombreux le 21 janvier afin de permettre \u00e0 notre syst\u00e8me de sant\u00e9 et plus globalement \u00e0 notre syst\u00e8me de protection sociale de r\u00e9pondre aux besoins de la population !<br \/>\nDes 4 coins de la r\u00e9gion, nous serons l\u00e0 !<br \/>\nOn l\u00e2che rien !\n<\/p>\n<p style= \"text-align: justify;\">\n>> Ci-joint le tract appelant \u00e0 se mobiliser le 21 janvier \u00e0 10h30 \u00e0 la Porte d&rsquo;Aix \u00e0 Marseille : <a href=\"http:\/\/www.cgt-hopital-manosque.fr\/wp-content\/uploads\/2021\/01\/1332.-Tract-CGT-Sant\u00e9-et-Action-Sociale-PACA-21-janvier-2021.pdf\">CLIQUER ICI<\/a>\n<\/p>\n<p style= \"text-align: justify;\">\n>> Un bus est pr\u00e9vu. Merci de vous inscrire rapidement (voir document joint)\n<\/p>\n<p><\/strong><\/p>\n<p><a href=\"http:\/\/www.cgt-hopital-manosque.fr\/wp-content\/uploads\/2021\/01\/1332.-Tract-CGT-Sant\u00e9-et-Action-Sociale-PACA-21-janvier-2021.jpg\"><img loading=\"lazy\" decoding=\"async\" src=\"http:\/\/www.cgt-hopital-manosque.fr\/wp-content\/uploads\/2021\/01\/1332.-Tract-CGT-Sant\u00e9-et-Action-Sociale-PACA-21-janvier-2021.jpg\" alt=\"1332. Tract CGT Sant\u00e9 et Action Sociale PACA 21 janvier 2021\" width=\"1240\" height=\"1754\" class=\"aligncenter size-full wp-image-8163\" srcset=\"http:\/\/www.cgt-hopital-manosque.fr\/wp-content\/uploads\/2021\/01\/1332.-Tract-CGT-Sant\u00e9-et-Action-Sociale-PACA-21-janvier-2021.jpg 1240w, http:\/\/www.cgt-hopital-manosque.fr\/wp-content\/uploads\/2021\/01\/1332.-Tract-CGT-Sant\u00e9-et-Action-Sociale-PACA-21-janvier-2021-212x300.jpg 212w, http:\/\/www.cgt-hopital-manosque.fr\/wp-content\/uploads\/2021\/01\/1332.-Tract-CGT-Sant\u00e9-et-Action-Sociale-PACA-21-janvier-2021-724x1024.jpg 724w\" sizes=\"(max-width: 1240px) 100vw, 1240px\" \/><\/a><\/p>\n<p><a href=\"http:\/\/www.cgt-hopital-manosque.fr\/wp-content\/uploads\/2021\/01\/1332.-Incrivez-vous-pour-le-bus-pour-le-21-janvier.png\"><img loading=\"lazy\" decoding=\"async\" src=\"http:\/\/www.cgt-hopital-manosque.fr\/wp-content\/uploads\/2021\/01\/1332.-Incrivez-vous-pour-le-bus-pour-le-21-janvier.png\" alt=\"1332. Incrivez vous pour le bus pour le 21 janvier\" width=\"690\" height=\"960\" class=\"aligncenter size-full wp-image-8168\" srcset=\"http:\/\/www.cgt-hopital-manosque.fr\/wp-content\/uploads\/2021\/01\/1332.-Incrivez-vous-pour-le-bus-pour-le-21-janvier.png 690w, http:\/\/www.cgt-hopital-manosque.fr\/wp-content\/uploads\/2021\/01\/1332.-Incrivez-vous-pour-le-bus-pour-le-21-janvier-216x300.png 216w\" sizes=\"(max-width: 690px) 100vw, 690px\" \/><\/a><\/p>\n","protected":false},"excerpt":{"rendered":"<p>Bonjour, 2021 sera une ann\u00e9e de lutte avec une premi\u00e8re journ\u00e9e d&rsquo;action nationale le jeudi 21 janvier se d\u00e9clinant par une manif r\u00e9gionale \u00e0 10h30 \u00e0 Marseille \u00e0 l&rsquo;appel de la CGT Sant\u00e9 et Action Sociale PACA ! Alors que le nombre de malades n&rsquo;est pas catastrophiquement \u00e9lev\u00e9, c&rsquo;est bien le manque de moyens, de [&hellip;]<\/p>\n","protected":false},"author":1,"featured_media":0,"comment_status":"closed","ping_status":"closed","sticky":false,"template":"","format":"standard","meta":{"footnotes":""},"categories":[7],"tags":[],"views":760,"_links":{"self":[{"href":"http:\/\/www.cgt-hopital-manosque.fr\/index.php?rest_route=\/wp\/v2\/posts\/8161"}],"collection":[{"href":"http:\/\/www.cgt-hopital-manosque.fr\/index.php?rest_route=\/wp\/v2\/posts"}],"about":[{"href":"http:\/\/www.cgt-hopital-manosque.fr\/index.php?rest_route=\/wp\/v2\/types\/post"}],"author":[{"embeddable":true,"href":"http:\/\/www.cgt-hopital-manosque.fr\/index.php?rest_route=\/wp\/v2\/users\/1"}],"replies":[{"embeddable":true,"href":"http:\/\/www.cgt-hopital-manosque.fr\/index.php?rest_route=%2Fwp%2Fv2%2Fcomments&post=8161"}],"version-history":[{"count":5,"href":"http:\/\/www.cgt-hopital-manosque.fr\/index.php?rest_route=\/wp\/v2\/posts\/8161\/revisions"}],"predecessor-version":[{"id":8201,"href":"http:\/\/www.cgt-hopital-manosque.fr\/index.php?rest_route=\/wp\/v2\/posts\/8161\/revisions\/8201"}],"wp:attachment":[{"href":"http:\/\/www.cgt-hopital-manosque.fr\/index.php?rest_route=%2Fwp%2Fv2%2Fmedia&parent=8161"}],"wp:term":[{"taxonomy":"category","embeddable":true,"href":"http:\/\/www.cgt-hopital-manosque.fr\/index.php?rest_route=%2Fwp%2Fv2%2Fcategories&post=8161"},{"taxonomy":"post_tag","embeddable":true,"href":"http:\/\/www.cgt-hopital-manosque.fr\/index.php?rest_route=%2Fwp%2Fv2%2Ftags&post=8161"}],"curies":[{"name":"wp","href":"https:\/\/api.w.org\/{rel}","templated":true}]}}