{"id":8172,"date":"2021-01-22T20:34:08","date_gmt":"2021-01-22T20:34:08","guid":{"rendered":"http:\/\/www.cgt-hopital-manosque.fr\/?p=8172"},"modified":"2021-01-22T20:34:08","modified_gmt":"2021-01-22T20:34:08","slug":"22-janvier-2021-belle-manif-regionale-dhier-a-marseille-en-video","status":"publish","type":"post","link":"http:\/\/www.cgt-hopital-manosque.fr\/?p=8172","title":{"rendered":"22 janvier 2021 &#8211; Belle manif r\u00e9gionale d&rsquo;hier \u00e0 Marseille (en vid\u00e9o)"},"content":{"rendered":"<p><a href=\"http:\/\/www.cgt-hopital-manosque.fr\/wp-content\/uploads\/2021\/01\/1333.-Manif-r\u00e9gionale-\u00e0-Marseille-21-janvier-2021.jpg\"><img loading=\"lazy\" decoding=\"async\" src=\"http:\/\/www.cgt-hopital-manosque.fr\/wp-content\/uploads\/2021\/01\/1333.-Manif-r\u00e9gionale-\u00e0-Marseille-21-janvier-2021.jpg\" alt=\"1333. Manif r\u00e9gionale \u00e0 Marseille 21 janvier 2021\" width=\"1280\" height=\"720\" class=\"aligncenter size-full wp-image-8177\" srcset=\"http:\/\/www.cgt-hopital-manosque.fr\/wp-content\/uploads\/2021\/01\/1333.-Manif-r\u00e9gionale-\u00e0-Marseille-21-janvier-2021.jpg 1280w, http:\/\/www.cgt-hopital-manosque.fr\/wp-content\/uploads\/2021\/01\/1333.-Manif-r\u00e9gionale-\u00e0-Marseille-21-janvier-2021-300x169.jpg 300w, http:\/\/www.cgt-hopital-manosque.fr\/wp-content\/uploads\/2021\/01\/1333.-Manif-r\u00e9gionale-\u00e0-Marseille-21-janvier-2021-1024x576.jpg 1024w\" sizes=\"(max-width: 1280px) 100vw, 1280px\" \/><\/a><br \/>\n<strong><\/p>\n<p style= \"text-align: justify;\">\nBonsoir,<br \/>\nHier on \u00e9tait dans la rue par milliers sur Marseille, ce sont les v\u0153ux qu&rsquo;on voulait faire passer. L&rsquo;objectif est atteint. Toutes celles et tous ceux qui \u00e9taient pr\u00e9sents avaient des choses \u00e0 dire et on repart avec l&rsquo;envie de continuer, de convaincre encore plus  et d&rsquo;amplifier le rapport de force !<br \/>\nC&rsquo;\u00e9tait vraiment bien, il y avait tous les d\u00e9partements, il y avait de la sant\u00e9, du Handicap, des EHPAD, du priv\u00e9, du public, de l&rsquo;interpro, dynamiques, avec des propositions concr\u00e8tes.<br \/>\nCette journ\u00e9e doit \u00e9galement constituer un tremplin pour la journ\u00e9e interprofessionnelle du 4 f\u00e9vrier.<br \/>\nLe 21 janvier, de nombreuses actions ont \u00e9galement \u00e9t\u00e9 recens\u00e9es dans de nombreux \u00e9tablissements de la r\u00e9gion.<br \/>\nMerci \u00e0 l&rsquo;ensemble des participants !<br \/>\nEt merci \u00e0 l&rsquo;UD CGT 13 pour l&rsquo;aide \u00e0 l&rsquo;organisation de la manif et pour la participation pr\u00e9cieuse de l&rsquo;interpro !<br \/>\nA Tr\u00e8s bient\u00f4t pour de nouvelles actions en commun !\n<\/p>\n<p style= \"text-align: justify;\">\n>> Pour voir la vid\u00e9o de la manif : <a href=\"https:\/\/youtu.be\/Gd7736F7m4s\"target=\"_blank\">CLIQUER ICI<\/a>\n<\/p>\n<p><\/strong><\/p>\n<p style= \"text-align: justify;\">\n","protected":false},"excerpt":{"rendered":"<p>Bonsoir, Hier on \u00e9tait dans la rue par milliers sur Marseille, ce sont les v\u0153ux qu&rsquo;on voulait faire passer. L&rsquo;objectif est atteint. Toutes celles et tous ceux qui \u00e9taient pr\u00e9sents avaient des choses \u00e0 dire et on repart avec l&rsquo;envie de continuer, de convaincre encore plus et d&rsquo;amplifier le rapport de force ! C&rsquo;\u00e9tait vraiment [&hellip;]<\/p>\n","protected":false},"author":1,"featured_media":0,"comment_status":"closed","ping_status":"closed","sticky":false,"template":"","format":"standard","meta":{"footnotes":""},"categories":[7],"tags":[],"views":821,"_links":{"self":[{"href":"http:\/\/www.cgt-hopital-manosque.fr\/index.php?rest_route=\/wp\/v2\/posts\/8172"}],"collection":[{"href":"http:\/\/www.cgt-hopital-manosque.fr\/index.php?rest_route=\/wp\/v2\/posts"}],"about":[{"href":"http:\/\/www.cgt-hopital-manosque.fr\/index.php?rest_route=\/wp\/v2\/types\/post"}],"author":[{"embeddable":true,"href":"http:\/\/www.cgt-hopital-manosque.fr\/index.php?rest_route=\/wp\/v2\/users\/1"}],"replies":[{"embeddable":true,"href":"http:\/\/www.cgt-hopital-manosque.fr\/index.php?rest_route=%2Fwp%2Fv2%2Fcomments&post=8172"}],"version-history":[{"count":5,"href":"http:\/\/www.cgt-hopital-manosque.fr\/index.php?rest_route=\/wp\/v2\/posts\/8172\/revisions"}],"predecessor-version":[{"id":8178,"href":"http:\/\/www.cgt-hopital-manosque.fr\/index.php?rest_route=\/wp\/v2\/posts\/8172\/revisions\/8178"}],"wp:attachment":[{"href":"http:\/\/www.cgt-hopital-manosque.fr\/index.php?rest_route=%2Fwp%2Fv2%2Fmedia&parent=8172"}],"wp:term":[{"taxonomy":"category","embeddable":true,"href":"http:\/\/www.cgt-hopital-manosque.fr\/index.php?rest_route=%2Fwp%2Fv2%2Fcategories&post=8172"},{"taxonomy":"post_tag","embeddable":true,"href":"http:\/\/www.cgt-hopital-manosque.fr\/index.php?rest_route=%2Fwp%2Fv2%2Ftags&post=8172"}],"curies":[{"name":"wp","href":"https:\/\/api.w.org\/{rel}","templated":true}]}}